{"id":78729,"date":"2024-06-26T14:08:11","date_gmt":"2024-06-26T17:08:11","guid":{"rendered":"https:\/\/www.lasrosas.com.ar\/portal\/?p=78729"},"modified":"2024-06-26T14:08:53","modified_gmt":"2024-06-26T17:08:53","slug":"fc-hogar-deco-presenta-su-nueva-linea-gardenia","status":"publish","type":"post","link":"https:\/\/www.lasrosas.com.ar\/portal\/fc-hogar-deco-presenta-su-nueva-linea-gardenia\/","title":{"rendered":"FC HOGAR &#038; DECO PRESENTA SU NUEVA L\u00cdNEA GARDENIA"},"content":{"rendered":"\n<p>FC Hogar&amp;Deco &#8211; la marca joven y de vanguardia, idea y propiedad de la prestigiosa Fontenla-, sigue sumando nuevas l\u00edneas y colecciones. En esta oportunidad, se presenta \u201cGARDENIA\u201d, una nueva colecci\u00f3n de sillas y banquetas que redefine el confort y la elegancia en el hogar.<br><br>Dise\u00f1ada 100% con madera para\u00edso, conocida por su durabilidad y belleza natural, cada pieza de la l\u00ednea Gardenia by FC incorpora goma espuma soft de alta densidad de la prestigiosa marca Piero. Esta combinaci\u00f3n garantiza una experiencia de comodidad superior y un toque de sofisticaci\u00f3n en cualquier espacio. \u00a0La perfecta fusi\u00f3n de dise\u00f1o y funcionalidad, ideal para aquellos que buscan calidad y estilo en su mobiliario.<br><br>Esta colecci\u00f3n puede adquirirse, como el resto de las creaciones de la marca en las sucursales de Hudson &#8211; mega local en el polo maderero &#8211; (Km.30 de Autopista Bs As &#8211; La Plata) donde hay m\u00e1s de 10.000 m2 para recorrer y elegir todo para cada uno de los espacios del hogar,\u00a0 y en su tienda online www.tiendafc.com .<br><\/p>\n\n\n\n<figure class=\"wp-block-gallery has-nested-images columns-default is-cropped wp-block-gallery-1 is-layout-flex wp-block-gallery-is-layout-flex\">\n<figure class=\"wp-block-image size-large\"><img decoding=\"async\" width=\"1280\" height=\"1920\" data-id=\"78732\" data-src=\"https:\/\/www.lasrosas.com.ar\/portal\/wp-content\/uploads\/MG_9640-1280x1920.jpg\" alt=\"\" class=\"wp-image-78732 lazyload\" data-srcset=\"https:\/\/www.lasrosas.com.ar\/portal\/wp-content\/uploads\/MG_9640-1280x1920.jpg 1280w, https:\/\/www.lasrosas.com.ar\/portal\/wp-content\/uploads\/MG_9640-640x960.jpg 640w, https:\/\/www.lasrosas.com.ar\/portal\/wp-content\/uploads\/MG_9640-1024x1536.jpg 1024w, https:\/\/www.lasrosas.com.ar\/portal\/wp-content\/uploads\/MG_9640-scaled.jpg 1365w\" data-sizes=\"(max-width: 1280px) 100vw, 1280px\" src=\"data:image\/svg+xml;base64,PHN2ZyB3aWR0aD0iMSIgaGVpZ2h0PSIxIiB4bWxucz0iaHR0cDovL3d3dy53My5vcmcvMjAwMC9zdmciPjwvc3ZnPg==\" style=\"--smush-placeholder-width: 1280px; --smush-placeholder-aspect-ratio: 1280\/1920;\" \/><\/figure>\n\n\n\n<figure class=\"wp-block-image size-large\"><img decoding=\"async\" width=\"1280\" height=\"1920\" data-id=\"78731\" data-src=\"https:\/\/www.lasrosas.com.ar\/portal\/wp-content\/uploads\/MG_9627-1280x1920.jpg\" alt=\"\" class=\"wp-image-78731 lazyload\" data-srcset=\"https:\/\/www.lasrosas.com.ar\/portal\/wp-content\/uploads\/MG_9627-1280x1920.jpg 1280w, https:\/\/www.lasrosas.com.ar\/portal\/wp-content\/uploads\/MG_9627-640x960.jpg 640w, https:\/\/www.lasrosas.com.ar\/portal\/wp-content\/uploads\/MG_9627-1024x1536.jpg 1024w, https:\/\/www.lasrosas.com.ar\/portal\/wp-content\/uploads\/MG_9627-scaled.jpg 1365w\" data-sizes=\"(max-width: 1280px) 100vw, 1280px\" src=\"data:image\/svg+xml;base64,PHN2ZyB3aWR0aD0iMSIgaGVpZ2h0PSIxIiB4bWxucz0iaHR0cDovL3d3dy53My5vcmcvMjAwMC9zdmciPjwvc3ZnPg==\" style=\"--smush-placeholder-width: 1280px; --smush-placeholder-aspect-ratio: 1280\/1920;\" \/><\/figure>\n\n\n\n<figure class=\"wp-block-image size-large\"><img decoding=\"async\" width=\"1280\" height=\"1920\" data-id=\"78730\" data-src=\"https:\/\/www.lasrosas.com.ar\/portal\/wp-content\/uploads\/MG_9582-1280x1920.jpg\" alt=\"\" class=\"wp-image-78730 lazyload\" data-srcset=\"https:\/\/www.lasrosas.com.ar\/portal\/wp-content\/uploads\/MG_9582-1280x1920.jpg 1280w, https:\/\/www.lasrosas.com.ar\/portal\/wp-content\/uploads\/MG_9582-640x960.jpg 640w, https:\/\/www.lasrosas.com.ar\/portal\/wp-content\/uploads\/MG_9582-1024x1536.jpg 1024w, https:\/\/www.lasrosas.com.ar\/portal\/wp-content\/uploads\/MG_9582-scaled.jpg 1365w\" data-sizes=\"(max-width: 1280px) 100vw, 1280px\" src=\"data:image\/svg+xml;base64,PHN2ZyB3aWR0aD0iMSIgaGVpZ2h0PSIxIiB4bWxucz0iaHR0cDovL3d3dy53My5vcmcvMjAwMC9zdmciPjwvc3ZnPg==\" style=\"--smush-placeholder-width: 1280px; --smush-placeholder-aspect-ratio: 1280\/1920;\" \/><\/figure>\n<\/figure>\n\n\n\n<p><br>En FC hogar&amp;deco se puede encontrar, en un solo lugar, todo lo que se necesita para amueblar y decorar una casa.\u00a0 Adem\u00e1s, brindan la atenci\u00f3n personalizada de sus asesores, que gu\u00edan durante todo el proceso a los visitantes y orientan de manera profesional para hacer de cada espacio del hogar un clima \u00fanico.<\/p>\n\n\n\n<p><strong>M\u00e1s Info:<\/strong><br>www.tiendafc.com<br>Instagram: @tienda_fc<\/p>\n\n\n\n<p>FC HUDSON: Km 30 de Autopista Bs As \u2013 La Plata<\/p>\n\n\n\n<p>Tienda Online: tiendafc.com<\/p>\n<!-- AddThis Advanced Settings generic via filter on the_content --><!-- AddThis Share Buttons generic via filter on the_content -->","protected":false},"excerpt":{"rendered":"<p>FC Hogar&amp;Deco &#8211; la marca joven y de vanguardia, idea y propiedad de la prestigiosa Fontenla-, sigue sumando nuevas l\u00edneas y colecciones. En esta oportunidad, se presenta \u201cGARDENIA\u201d, una nueva colecci\u00f3n de sillas y banquetas que redefine el confort y la elegancia en el hogar. Dise\u00f1ada 100% con madera para\u00edso, conocida por su durabilidad y [&hellip;]<!-- AddThis Advanced Settings generic via filter on get_the_excerpt --><!-- AddThis Share Buttons generic via filter on get_the_excerpt --><\/p>\n","protected":false},"author":6,"featured_media":78734,"comment_status":"closed","ping_status":"open","sticky":false,"template":"","format":"standard","meta":{"_acf_changed":false,"om_disable_all_campaigns":false,"_monsterinsights_skip_tracking":false,"_monsterinsights_sitenote_active":false,"_monsterinsights_sitenote_note":"","_monsterinsights_sitenote_category":0,"_uf_show_specific_survey":0,"_uf_disable_surveys":false,"footnotes":""},"categories":[100,31],"tags":[157,80,584,126,62,64],"class_list":["post-78729","post","type-post","status-publish","format-standard","has-post-thumbnail","hentry","category-noticias","category-arquitectura-decoracion","tag-casa","tag-decoracion","tag-hogar","tag-inspiracion","tag-marcas","tag-tendencias"],"acf":[],"aioseo_notices":[],"_links":{"self":[{"href":"https:\/\/www.lasrosas.com.ar\/portal\/wp-json\/wp\/v2\/posts\/78729","targetHints":{"allow":["GET"]}}],"collection":[{"href":"https:\/\/www.lasrosas.com.ar\/portal\/wp-json\/wp\/v2\/posts"}],"about":[{"href":"https:\/\/www.lasrosas.com.ar\/portal\/wp-json\/wp\/v2\/types\/post"}],"author":[{"embeddable":true,"href":"https:\/\/www.lasrosas.com.ar\/portal\/wp-json\/wp\/v2\/users\/6"}],"replies":[{"embeddable":true,"href":"https:\/\/www.lasrosas.com.ar\/portal\/wp-json\/wp\/v2\/comments?post=78729"}],"version-history":[{"count":1,"href":"https:\/\/www.lasrosas.com.ar\/portal\/wp-json\/wp\/v2\/posts\/78729\/revisions"}],"predecessor-version":[{"id":78733,"href":"https:\/\/www.lasrosas.com.ar\/portal\/wp-json\/wp\/v2\/posts\/78729\/revisions\/78733"}],"wp:featuredmedia":[{"embeddable":true,"href":"https:\/\/www.lasrosas.com.ar\/portal\/wp-json\/wp\/v2\/media\/78734"}],"wp:attachment":[{"href":"https:\/\/www.lasrosas.com.ar\/portal\/wp-json\/wp\/v2\/media?parent=78729"}],"wp:term":[{"taxonomy":"category","embeddable":true,"href":"https:\/\/www.lasrosas.com.ar\/portal\/wp-json\/wp\/v2\/categories?post=78729"},{"taxonomy":"post_tag","embeddable":true,"href":"https:\/\/www.lasrosas.com.ar\/portal\/wp-json\/wp\/v2\/tags?post=78729"}],"curies":[{"name":"wp","href":"https:\/\/api.w.org\/{rel}","templated":true}]}}