{"id":78668,"date":"2024-06-24T13:09:14","date_gmt":"2024-06-24T16:09:14","guid":{"rendered":"https:\/\/www.lasrosas.com.ar\/portal\/?p=78668"},"modified":"2024-06-24T13:09:48","modified_gmt":"2024-06-24T16:09:48","slug":"mit-un-centro-de-salud-multidisciplinario","status":"publish","type":"post","link":"https:\/\/www.lasrosas.com.ar\/portal\/mit-un-centro-de-salud-multidisciplinario\/","title":{"rendered":"MIT, UN CENTRO DE SALUD MULTIDISCIPLINARIO"},"content":{"rendered":"\n<p>Ubicado en el centro de la ciudad de C\u00f3rdoba, MIT Salud Integral invita a las distintas especialidades m\u00e9dicas a conectar y brindar una atenci\u00f3n integral. Pensado para priorizar la comodidad del paciente y la funcionalidad para los profesionales.<\/p>\n\n\n\n<p>&nbsp;El proyecto fue dise\u00f1ado por el <strong>estudio de arquitectura SVC Construcciones<\/strong>, liderado por la <strong>Arq. Carranza Valeria, <\/strong>se destaca por su enfoque fresco y renovador.&nbsp;<\/p>\n\n\n\n<p>El centro de salud se presenta como un lugar contempor\u00e1neo y c\u00e1lido que busca elevar los est\u00e1ndares de atenci\u00f3n m\u00e9dica en la ciudad de C\u00f3rdoba.\u00a0<\/p>\n\n\n\n<p><strong>Un espacio renovado para profesionales de la salud<\/strong><\/p>\n\n\n\n<p>El concepto principal de dise\u00f1o, fue crear un centro de salud multidisciplinario,\u00a0 donde cada profesional cuente con un espacio para ofrecer sus servicios dentro de un ambiente profesional. Mejorando la experiencia de cada paciente durante la consulta, se dise\u00f1aron tres tipolog\u00edas de consultorios adaptados para cada especialidad m\u00e9dica. Los mismos fueron pensados en coherencia con la est\u00e9tica del Centro en su totalidad.\u00a0<\/p>\n\n\n\n<figure class=\"wp-block-gallery has-nested-images columns-default is-cropped wp-block-gallery-1 is-layout-flex wp-block-gallery-is-layout-flex\">\n<figure class=\"wp-block-image size-large\"><img decoding=\"async\" width=\"1920\" height=\"1080\" data-id=\"78671\" data-src=\"https:\/\/www.lasrosas.com.ar\/portal\/wp-content\/uploads\/CONSULTORIO-ESCRITORIO-2-copia.jpg\" alt=\"\" class=\"wp-image-78671 lazyload\" data-srcset=\"https:\/\/www.lasrosas.com.ar\/portal\/wp-content\/uploads\/\/CONSULTORIO-ESCRITORIO-2-copia.jpg 1920w, https:\/\/www.lasrosas.com.ar\/portal\/wp-content\/uploads\/\/CONSULTORIO-ESCRITORIO-2-copia-960x540.jpg 960w, https:\/\/www.lasrosas.com.ar\/portal\/wp-content\/uploads\/\/CONSULTORIO-ESCRITORIO-2-copia-1536x864.jpg 1536w\" data-sizes=\"(max-width: 1920px) 100vw, 1920px\" src=\"data:image\/svg+xml;base64,PHN2ZyB3aWR0aD0iMSIgaGVpZ2h0PSIxIiB4bWxucz0iaHR0cDovL3d3dy53My5vcmcvMjAwMC9zdmciPjwvc3ZnPg==\" style=\"--smush-placeholder-width: 1920px; --smush-placeholder-aspect-ratio: 1920\/1080;\" \/><\/figure>\n\n\n\n<figure class=\"wp-block-image size-large\"><img decoding=\"async\" width=\"1920\" height=\"1080\" data-id=\"78670\" data-src=\"https:\/\/www.lasrosas.com.ar\/portal\/wp-content\/uploads\/CONSULTORIO-01-copia.jpg\" alt=\"\" class=\"wp-image-78670 lazyload\" data-srcset=\"https:\/\/www.lasrosas.com.ar\/portal\/wp-content\/uploads\/\/CONSULTORIO-01-copia.jpg 1920w, https:\/\/www.lasrosas.com.ar\/portal\/wp-content\/uploads\/\/CONSULTORIO-01-copia-960x540.jpg 960w, https:\/\/www.lasrosas.com.ar\/portal\/wp-content\/uploads\/\/CONSULTORIO-01-copia-1536x864.jpg 1536w\" data-sizes=\"(max-width: 1920px) 100vw, 1920px\" src=\"data:image\/svg+xml;base64,PHN2ZyB3aWR0aD0iMSIgaGVpZ2h0PSIxIiB4bWxucz0iaHR0cDovL3d3dy53My5vcmcvMjAwMC9zdmciPjwvc3ZnPg==\" style=\"--smush-placeholder-width: 1920px; --smush-placeholder-aspect-ratio: 1920\/1080;\" \/><\/figure>\n\n\n\n<figure class=\"wp-block-image size-large\"><img decoding=\"async\" width=\"1920\" height=\"1080\" data-id=\"78669\" data-src=\"https:\/\/www.lasrosas.com.ar\/portal\/wp-content\/uploads\/11-CONSULTORIO-PPAL-PARA-INSTAGRAM.jpg\" alt=\"\" class=\"wp-image-78669 lazyload\" data-srcset=\"https:\/\/www.lasrosas.com.ar\/portal\/wp-content\/uploads\/\/11-CONSULTORIO-PPAL-PARA-INSTAGRAM.jpg 1920w, https:\/\/www.lasrosas.com.ar\/portal\/wp-content\/uploads\/\/11-CONSULTORIO-PPAL-PARA-INSTAGRAM-960x540.jpg 960w, https:\/\/www.lasrosas.com.ar\/portal\/wp-content\/uploads\/\/11-CONSULTORIO-PPAL-PARA-INSTAGRAM-1536x864.jpg 1536w\" data-sizes=\"(max-width: 1920px) 100vw, 1920px\" src=\"data:image\/svg+xml;base64,PHN2ZyB3aWR0aD0iMSIgaGVpZ2h0PSIxIiB4bWxucz0iaHR0cDovL3d3dy53My5vcmcvMjAwMC9zdmciPjwvc3ZnPg==\" style=\"--smush-placeholder-width: 1920px; --smush-placeholder-aspect-ratio: 1920\/1080;\" \/><\/figure>\n<\/figure>\n\n\n\n<p><br><strong>Fluidez en los materiales\u00a0<\/strong><\/p>\n\n\n\n<p>A trav\u00e9s del trabajo interdisciplinario, buscando que pacientes y profesionales se sientan en un lugar agradable,&nbsp; se propuso incorporar madera, vidrio, microcemento y el blanco como componentes atemporales. Integrando a los conceptos de infraestructura, tecnolog\u00eda y pacientes como eje principal.<\/p>\n\n\n\n<p>En la recepci\u00f3n se decidi\u00f3 reforzar la imagen de Mit, apostando a la unificaci\u00f3n de colores, materiales y texturas, invitando a ser parte durante la espera.\u00a0<\/p>\n\n\n\n<figure class=\"wp-block-gallery has-nested-images columns-default is-cropped wp-block-gallery-2 is-layout-flex wp-block-gallery-is-layout-flex\">\n<figure class=\"wp-block-image size-large\"><img decoding=\"async\" width=\"1920\" height=\"1080\" data-id=\"78672\" data-src=\"https:\/\/www.lasrosas.com.ar\/portal\/wp-content\/uploads\/SALA-DE-ESPERA-copia.jpg\" alt=\"\" class=\"wp-image-78672 lazyload\" data-srcset=\"https:\/\/www.lasrosas.com.ar\/portal\/wp-content\/uploads\/\/SALA-DE-ESPERA-copia.jpg 1920w, https:\/\/www.lasrosas.com.ar\/portal\/wp-content\/uploads\/\/SALA-DE-ESPERA-copia-960x540.jpg 960w, https:\/\/www.lasrosas.com.ar\/portal\/wp-content\/uploads\/\/SALA-DE-ESPERA-copia-1536x864.jpg 1536w\" data-sizes=\"(max-width: 1920px) 100vw, 1920px\" src=\"data:image\/svg+xml;base64,PHN2ZyB3aWR0aD0iMSIgaGVpZ2h0PSIxIiB4bWxucz0iaHR0cDovL3d3dy53My5vcmcvMjAwMC9zdmciPjwvc3ZnPg==\" style=\"--smush-placeholder-width: 1920px; --smush-placeholder-aspect-ratio: 1920\/1080;\" \/><\/figure>\n\n\n\n<figure class=\"wp-block-image size-large\"><img decoding=\"async\" width=\"1920\" height=\"1440\" data-id=\"78673\" data-src=\"https:\/\/www.lasrosas.com.ar\/portal\/wp-content\/uploads\/recep-1920x1440.jpg\" alt=\"\" class=\"wp-image-78673 lazyload\" data-srcset=\"https:\/\/www.lasrosas.com.ar\/portal\/wp-content\/uploads\/\/recep-1920x1440.jpg 1920w, https:\/\/www.lasrosas.com.ar\/portal\/wp-content\/uploads\/\/recep-960x720.jpg 960w, https:\/\/www.lasrosas.com.ar\/portal\/wp-content\/uploads\/\/recep-640x480.jpg 640w, https:\/\/www.lasrosas.com.ar\/portal\/wp-content\/uploads\/\/recep-1536x1152.jpg 1536w, https:\/\/www.lasrosas.com.ar\/portal\/wp-content\/uploads\/\/recep-scaled.jpg 2048w\" data-sizes=\"(max-width: 1920px) 100vw, 1920px\" src=\"data:image\/svg+xml;base64,PHN2ZyB3aWR0aD0iMSIgaGVpZ2h0PSIxIiB4bWxucz0iaHR0cDovL3d3dy53My5vcmcvMjAwMC9zdmciPjwvc3ZnPg==\" style=\"--smush-placeholder-width: 1920px; --smush-placeholder-aspect-ratio: 1920\/1440;\" \/><\/figure>\n<\/figure>\n\n\n\n<p><br><strong>Espacios que invitan al encuentro<\/strong><\/p>\n\n\n\n<p>Comprendiendo la importancia del aprendizaje continuo, se dise\u00f1\u00f3 una sala de capacitaciones, pensada para dictar cursos, conferencias, y reuniones, fomentando el encuentro entre colegas.<\/p>\n\n\n\n<p>Por otro lado, se crea un sal\u00f3n comedor pensando como un espacio de distracci\u00f3n y encuentro entre profesionales.<br><\/p>\n\n\n\n<figure class=\"wp-block-gallery has-nested-images columns-default is-cropped wp-block-gallery-3 is-layout-flex wp-block-gallery-is-layout-flex\">\n<figure class=\"wp-block-image size-large\"><img decoding=\"async\" width=\"1920\" height=\"1080\" data-id=\"78674\" data-src=\"https:\/\/www.lasrosas.com.ar\/portal\/wp-content\/uploads\/SALA-DE-REUNIONES-copia-1920x1080.jpg\" alt=\"\" class=\"wp-image-78674 lazyload\" data-srcset=\"https:\/\/www.lasrosas.com.ar\/portal\/wp-content\/uploads\/\/SALA-DE-REUNIONES-copia-1920x1080.jpg 1920w, https:\/\/www.lasrosas.com.ar\/portal\/wp-content\/uploads\/\/SALA-DE-REUNIONES-copia-960x540.jpg 960w, https:\/\/www.lasrosas.com.ar\/portal\/wp-content\/uploads\/\/SALA-DE-REUNIONES-copia-1536x864.jpg 1536w, https:\/\/www.lasrosas.com.ar\/portal\/wp-content\/uploads\/\/SALA-DE-REUNIONES-copia-scaled.jpg 2048w\" data-sizes=\"(max-width: 1920px) 100vw, 1920px\" src=\"data:image\/svg+xml;base64,PHN2ZyB3aWR0aD0iMSIgaGVpZ2h0PSIxIiB4bWxucz0iaHR0cDovL3d3dy53My5vcmcvMjAwMC9zdmciPjwvc3ZnPg==\" style=\"--smush-placeholder-width: 1920px; --smush-placeholder-aspect-ratio: 1920\/1080;\" \/><\/figure>\n\n\n\n<figure class=\"wp-block-image size-large\"><img decoding=\"async\" width=\"1920\" height=\"1080\" data-id=\"78675\" data-src=\"https:\/\/www.lasrosas.com.ar\/portal\/wp-content\/uploads\/COMEDOR-1920x1080.jpg\" alt=\"\" class=\"wp-image-78675 lazyload\" data-srcset=\"https:\/\/www.lasrosas.com.ar\/portal\/wp-content\/uploads\/\/COMEDOR-1920x1080.jpg 1920w, https:\/\/www.lasrosas.com.ar\/portal\/wp-content\/uploads\/\/COMEDOR-960x540.jpg 960w, https:\/\/www.lasrosas.com.ar\/portal\/wp-content\/uploads\/\/COMEDOR-1536x864.jpg 1536w, https:\/\/www.lasrosas.com.ar\/portal\/wp-content\/uploads\/\/COMEDOR-scaled.jpg 2048w\" data-sizes=\"(max-width: 1920px) 100vw, 1920px\" src=\"data:image\/svg+xml;base64,PHN2ZyB3aWR0aD0iMSIgaGVpZ2h0PSIxIiB4bWxucz0iaHR0cDovL3d3dy53My5vcmcvMjAwMC9zdmciPjwvc3ZnPg==\" style=\"--smush-placeholder-width: 1920px; --smush-placeholder-aspect-ratio: 1920\/1080;\" \/><\/figure>\n<\/figure>\n\n\n\n<p><br>Todos estos espacios, se unen a trav\u00e9s de un pasillo en donde se utiliza el vidrio como material principal para generar fluidez en la circulaci\u00f3n. Buscando crear una sensaci\u00f3n de amplitud y luminosidad, as\u00ed como fomentar la interacci\u00f3n visual entre las distintas \u00e1reas. Promoviendo un ambiente de transparencia y colaboraci\u00f3n en el centro de salud.<br><\/p>\n\n\n\n<figure class=\"wp-block-image size-full\"><img decoding=\"async\" width=\"1920\" height=\"1080\" data-src=\"https:\/\/www.lasrosas.com.ar\/portal\/wp-content\/uploads\/PASILLOS-CONSULTORIOS.jpg\" alt=\"\" class=\"wp-image-78676 lazyload\" data-srcset=\"https:\/\/www.lasrosas.com.ar\/portal\/wp-content\/uploads\/\/PASILLOS-CONSULTORIOS.jpg 1920w, https:\/\/www.lasrosas.com.ar\/portal\/wp-content\/uploads\/\/PASILLOS-CONSULTORIOS-960x540.jpg 960w, https:\/\/www.lasrosas.com.ar\/portal\/wp-content\/uploads\/\/PASILLOS-CONSULTORIOS-1536x864.jpg 1536w\" data-sizes=\"(max-width: 1920px) 100vw, 1920px\" src=\"data:image\/svg+xml;base64,PHN2ZyB3aWR0aD0iMSIgaGVpZ2h0PSIxIiB4bWxucz0iaHR0cDovL3d3dy53My5vcmcvMjAwMC9zdmciPjwvc3ZnPg==\" style=\"--smush-placeholder-width: 1920px; --smush-placeholder-aspect-ratio: 1920\/1080;\" \/><\/figure>\n\n\n\n<p><br>En SVC Construcciones, cada proyecto de arquitectura comercial es una narrativa de innovaci\u00f3n y dise\u00f1o. En este proyecto espec\u00edfico, cada detalle refleja el compromiso con la salud en su totalidad.<\/p>\n\n\n\n<p>Te invitamos a que veas el proceso de renovaci\u00f3n en nuestro instagram, <a href=\"https:\/\/www.instagram.com\/p\/CsET4cZtAAE\/\">haciendo click ac\u00e1:<\/a>&nbsp;<\/p>\n\n\n\n<p><strong>Datos de contacto<\/strong>&nbsp;<\/p>\n\n\n\n<p>P\u00e1gina web: https:\/\/svcconstrucciones.com\/<\/p>\n\n\n\n<p>Instagram: <a href=\"https:\/\/www.instagram.com\/svcconstrucciones\/\">https:\/\/www.instagram.com\/svcconstrucciones<\/a>\/&nbsp;<\/p>\n\n\n\n<p>Tel\u00e9fono: 3512716595<\/p>\n<!-- AddThis Advanced Settings generic via filter on the_content --><!-- AddThis Share Buttons generic via filter on the_content -->","protected":false},"excerpt":{"rendered":"<p>Ubicado en el centro de la ciudad de C\u00f3rdoba, MIT Salud Integral invita a las distintas especialidades m\u00e9dicas a conectar y brindar una atenci\u00f3n integral. Pensado para priorizar la comodidad del paciente y la funcionalidad para los profesionales. &nbsp;El proyecto fue dise\u00f1ado por el estudio de arquitectura SVC Construcciones, liderado por la Arq. Carranza Valeria, [&hellip;]<!-- AddThis Advanced Settings generic via filter on get_the_excerpt --><!-- AddThis Share Buttons generic via filter on get_the_excerpt --><\/p>\n","protected":false},"author":6,"featured_media":78677,"comment_status":"closed","ping_status":"open","sticky":false,"template":"","format":"standard","meta":{"_acf_changed":false,"om_disable_all_campaigns":false,"_monsterinsights_skip_tracking":false,"_monsterinsights_sitenote_active":false,"_monsterinsights_sitenote_note":"","_monsterinsights_sitenote_category":0,"_uf_show_specific_survey":0,"_uf_disable_surveys":false,"footnotes":""},"categories":[100],"tags":[],"class_list":["post-78668","post","type-post","status-publish","format-standard","has-post-thumbnail","hentry","category-noticias"],"acf":[],"aioseo_notices":[],"_links":{"self":[{"href":"https:\/\/www.lasrosas.com.ar\/portal\/wp-json\/wp\/v2\/posts\/78668","targetHints":{"allow":["GET"]}}],"collection":[{"href":"https:\/\/www.lasrosas.com.ar\/portal\/wp-json\/wp\/v2\/posts"}],"about":[{"href":"https:\/\/www.lasrosas.com.ar\/portal\/wp-json\/wp\/v2\/types\/post"}],"author":[{"embeddable":true,"href":"https:\/\/www.lasrosas.com.ar\/portal\/wp-json\/wp\/v2\/users\/6"}],"replies":[{"embeddable":true,"href":"https:\/\/www.lasrosas.com.ar\/portal\/wp-json\/wp\/v2\/comments?post=78668"}],"version-history":[{"count":2,"href":"https:\/\/www.lasrosas.com.ar\/portal\/wp-json\/wp\/v2\/posts\/78668\/revisions"}],"predecessor-version":[{"id":78679,"href":"https:\/\/www.lasrosas.com.ar\/portal\/wp-json\/wp\/v2\/posts\/78668\/revisions\/78679"}],"wp:featuredmedia":[{"embeddable":true,"href":"https:\/\/www.lasrosas.com.ar\/portal\/wp-json\/wp\/v2\/media\/78677"}],"wp:attachment":[{"href":"https:\/\/www.lasrosas.com.ar\/portal\/wp-json\/wp\/v2\/media?parent=78668"}],"wp:term":[{"taxonomy":"category","embeddable":true,"href":"https:\/\/www.lasrosas.com.ar\/portal\/wp-json\/wp\/v2\/categories?post=78668"},{"taxonomy":"post_tag","embeddable":true,"href":"https:\/\/www.lasrosas.com.ar\/portal\/wp-json\/wp\/v2\/tags?post=78668"}],"curies":[{"name":"wp","href":"https:\/\/api.w.org\/{rel}","templated":true}]}}