{"id":78628,"date":"2024-06-20T16:36:23","date_gmt":"2024-06-20T19:36:23","guid":{"rendered":"https:\/\/www.lasrosas.com.ar\/portal\/?p=78628"},"modified":"2024-06-20T16:36:27","modified_gmt":"2024-06-20T19:36:27","slug":"evento-moda-y-joyas-en-jean-pierre-jean-pierre-zitta","status":"publish","type":"post","link":"https:\/\/www.lasrosas.com.ar\/portal\/evento-moda-y-joyas-en-jean-pierre-jean-pierre-zitta\/","title":{"rendered":"EVENTO MODA Y JOYAS EN JEAN PIERRE: JEAN PIERRE + ZITTA"},"content":{"rendered":"\n<p>Se realiz\u00f3 un cocktail y presentaci\u00f3n de un desfile de colecciones de\u00a0<strong>Fabi\u00e1n Zitta y de Jean Pierre Joyeros<\/strong>, con la presencia de reconocidas personalides como:\u00a0<em>Mar\u00eda Bel\u00e9n Ludue\u00f1a, D\u00e9bora Plager, Teresa Calandra, Evelyn Schield, Nequi Galotti, Paula Varela, Fabi\u00e1n Medina Flores, Susana Roccasalvo, Ana Torrej\u00f3n, Marisa Koifman, Priscila Crivocapich (quien tambi\u00e9n desfil\u00f3) Patricia Wolf, entre otras que felicitaron especialmente a Enrique Stad (director de Jean Pierre) \u2013 tambi\u00e9n en fotos \u2013 y a Fabi\u00e1n Zitta, art\u00edfices de esta edici\u00f3n en conjunto.\u00a0 Un resumen de una noche de elegancia pura.<\/em><br><\/p>\n\n\n\n<figure class=\"wp-block-gallery has-nested-images columns-default is-cropped wp-block-gallery-1 is-layout-flex wp-block-gallery-is-layout-flex\">\n<figure class=\"wp-block-image size-large\"><img decoding=\"async\" width=\"1269\" height=\"1920\" data-id=\"78632\" data-src=\"https:\/\/www.lasrosas.com.ar\/portal\/wp-content\/uploads\/FED_7266-2-1269x1920.jpg\" alt=\"\" class=\"wp-image-78632 lazyload\" data-srcset=\"https:\/\/www.lasrosas.com.ar\/portal\/wp-content\/uploads\/\/FED_7266-2-1269x1920.jpg 1269w, https:\/\/www.lasrosas.com.ar\/portal\/wp-content\/uploads\/\/FED_7266-2-634x960.jpg 634w, https:\/\/www.lasrosas.com.ar\/portal\/wp-content\/uploads\/\/FED_7266-2-1015x1536.jpg 1015w, https:\/\/www.lasrosas.com.ar\/portal\/wp-content\/uploads\/\/FED_7266-2-scaled.jpg 1353w\" data-sizes=\"(max-width: 1269px) 100vw, 1269px\" src=\"data:image\/svg+xml;base64,PHN2ZyB3aWR0aD0iMSIgaGVpZ2h0PSIxIiB4bWxucz0iaHR0cDovL3d3dy53My5vcmcvMjAwMC9zdmciPjwvc3ZnPg==\" style=\"--smush-placeholder-width: 1269px; --smush-placeholder-aspect-ratio: 1269\/1920;\" \/><\/figure>\n\n\n\n<figure class=\"wp-block-image size-large\"><img decoding=\"async\" width=\"1278\" height=\"1920\" data-id=\"78631\" data-src=\"https:\/\/www.lasrosas.com.ar\/portal\/wp-content\/uploads\/FED_7118-2-1278x1920.jpg\" alt=\"\" class=\"wp-image-78631 lazyload\" data-srcset=\"https:\/\/www.lasrosas.com.ar\/portal\/wp-content\/uploads\/\/FED_7118-2-1278x1920.jpg 1278w, https:\/\/www.lasrosas.com.ar\/portal\/wp-content\/uploads\/\/FED_7118-2-639x960.jpg 639w, https:\/\/www.lasrosas.com.ar\/portal\/wp-content\/uploads\/\/FED_7118-2-1022x1536.jpg 1022w, https:\/\/www.lasrosas.com.ar\/portal\/wp-content\/uploads\/\/FED_7118-2-scaled.jpg 1363w\" data-sizes=\"(max-width: 1278px) 100vw, 1278px\" src=\"data:image\/svg+xml;base64,PHN2ZyB3aWR0aD0iMSIgaGVpZ2h0PSIxIiB4bWxucz0iaHR0cDovL3d3dy53My5vcmcvMjAwMC9zdmciPjwvc3ZnPg==\" style=\"--smush-placeholder-width: 1278px; --smush-placeholder-aspect-ratio: 1278\/1920;\" \/><\/figure>\n\n\n\n<figure class=\"wp-block-image size-large\"><img decoding=\"async\" width=\"1281\" height=\"1920\" data-id=\"78630\" data-src=\"https:\/\/www.lasrosas.com.ar\/portal\/wp-content\/uploads\/DSC_0582-1281x1920.jpg\" alt=\"\" class=\"wp-image-78630 lazyload\" data-srcset=\"https:\/\/www.lasrosas.com.ar\/portal\/wp-content\/uploads\/DSC_0582-1281x1920.jpg 1281w, https:\/\/www.lasrosas.com.ar\/portal\/wp-content\/uploads\/DSC_0582-641x960.jpg 641w, https:\/\/www.lasrosas.com.ar\/portal\/wp-content\/uploads\/DSC_0582-1025x1536.jpg 1025w, https:\/\/www.lasrosas.com.ar\/portal\/wp-content\/uploads\/DSC_0582-scaled.jpg 1367w\" data-sizes=\"(max-width: 1281px) 100vw, 1281px\" src=\"data:image\/svg+xml;base64,PHN2ZyB3aWR0aD0iMSIgaGVpZ2h0PSIxIiB4bWxucz0iaHR0cDovL3d3dy53My5vcmcvMjAwMC9zdmciPjwvc3ZnPg==\" style=\"--smush-placeholder-width: 1281px; --smush-placeholder-aspect-ratio: 1281\/1920;\" \/><\/figure>\n<\/figure>\n<!-- AddThis Advanced Settings generic via filter on the_content --><!-- AddThis Share Buttons generic via filter on the_content -->","protected":false},"excerpt":{"rendered":"<p>Se realiz\u00f3 un cocktail y presentaci\u00f3n de un desfile de colecciones de\u00a0Fabi\u00e1n Zitta y de Jean Pierre Joyeros, con la presencia de reconocidas personalides como:\u00a0Mar\u00eda Bel\u00e9n Ludue\u00f1a, D\u00e9bora Plager, Teresa Calandra, Evelyn Schield, Nequi Galotti, Paula Varela, Fabi\u00e1n Medina Flores, Susana Roccasalvo, Ana Torrej\u00f3n, Marisa Koifman, Priscila Crivocapich (quien tambi\u00e9n desfil\u00f3) Patricia Wolf, entre otras [&hellip;]<!-- AddThis Advanced Settings generic via filter on get_the_excerpt --><!-- AddThis Share Buttons generic via filter on get_the_excerpt --><\/p>\n","protected":false},"author":6,"featured_media":78629,"comment_status":"closed","ping_status":"open","sticky":false,"template":"","format":"standard","meta":{"_acf_changed":false,"om_disable_all_campaigns":false,"_monsterinsights_skip_tracking":false,"_monsterinsights_sitenote_active":false,"_monsterinsights_sitenote_note":"","_monsterinsights_sitenote_category":0,"_uf_show_specific_survey":0,"_uf_disable_surveys":false,"footnotes":""},"categories":[100],"tags":[625,467,537,458,58,687],"class_list":["post-78628","post","type-post","status-publish","format-standard","has-post-thumbnail","hentry","category-noticias","tag-coleccion-3","tag-evento","tag-joyas","tag-lanzamiento","tag-moda","tag-pierre"],"acf":[],"aioseo_notices":[],"_links":{"self":[{"href":"https:\/\/www.lasrosas.com.ar\/portal\/wp-json\/wp\/v2\/posts\/78628","targetHints":{"allow":["GET"]}}],"collection":[{"href":"https:\/\/www.lasrosas.com.ar\/portal\/wp-json\/wp\/v2\/posts"}],"about":[{"href":"https:\/\/www.lasrosas.com.ar\/portal\/wp-json\/wp\/v2\/types\/post"}],"author":[{"embeddable":true,"href":"https:\/\/www.lasrosas.com.ar\/portal\/wp-json\/wp\/v2\/users\/6"}],"replies":[{"embeddable":true,"href":"https:\/\/www.lasrosas.com.ar\/portal\/wp-json\/wp\/v2\/comments?post=78628"}],"version-history":[{"count":1,"href":"https:\/\/www.lasrosas.com.ar\/portal\/wp-json\/wp\/v2\/posts\/78628\/revisions"}],"predecessor-version":[{"id":78633,"href":"https:\/\/www.lasrosas.com.ar\/portal\/wp-json\/wp\/v2\/posts\/78628\/revisions\/78633"}],"wp:featuredmedia":[{"embeddable":true,"href":"https:\/\/www.lasrosas.com.ar\/portal\/wp-json\/wp\/v2\/media\/78629"}],"wp:attachment":[{"href":"https:\/\/www.lasrosas.com.ar\/portal\/wp-json\/wp\/v2\/media?parent=78628"}],"wp:term":[{"taxonomy":"category","embeddable":true,"href":"https:\/\/www.lasrosas.com.ar\/portal\/wp-json\/wp\/v2\/categories?post=78628"},{"taxonomy":"post_tag","embeddable":true,"href":"https:\/\/www.lasrosas.com.ar\/portal\/wp-json\/wp\/v2\/tags?post=78628"}],"curies":[{"name":"wp","href":"https:\/\/api.w.org\/{rel}","templated":true}]}}