{"id":78580,"date":"2024-06-19T11:27:06","date_gmt":"2024-06-19T14:27:06","guid":{"rendered":"https:\/\/www.lasrosas.com.ar\/portal\/?p=78580"},"modified":"2024-06-19T11:27:08","modified_gmt":"2024-06-19T14:27:08","slug":"dalma-maradona-visito-la-granja-de-zenon-en-familia","status":"publish","type":"post","link":"https:\/\/www.lasrosas.com.ar\/portal\/dalma-maradona-visito-la-granja-de-zenon-en-familia\/","title":{"rendered":"DALMA MARADONA VISIT\u00d3 \u00abLA GRANJA DE ZEN\u00d3N\u00bb EN FAMILIA"},"content":{"rendered":"\n<p><em>La actriz y conductora no se quiso perder el espect\u00e1culo infantil y asisti\u00f3 junto a su marido y sus hijas al fen\u00f3meno que eligen los m\u00e1s chiquitos<\/em>.<\/p>\n\n\n\n<p>En un fin de semana largo repleto de actividades, Dalma Maradona decidi\u00f3 aprovechar la ocasi\u00f3n para disfrutar de una salida familiar junto a su pareja, Andr\u00e9s Caldarelli, y sus hijas, Roma y Azul. La elecci\u00f3n del destino fue el\u00a0Teatro Astral, donde actualmente se presenta \u00abLa B\u00fasqueda del Tesoro\u00bb, el nuevo espect\u00e1culo del exitoso infantil \u00abLa Granja de Zen\u00f3n\u00bb, bajo la direcci\u00f3n de Sebasti\u00e1n Irigo.<\/p>\n\n\n\n<p>Desde el palco preferencial, la familia disfrut\u00f3 a pleno&nbsp;de uno de los espect\u00e1culos m\u00e1s convocantes de la calle Corrientes. Dalma, Andr\u00e9s, y las peque\u00f1as Roma y Azul, se divirtieron a lo grande, participando activamente y bailando al ritmo de las inolvidables canciones y los queridos personajes de la granja que sigue siendo un fen\u00f3meno&nbsp;que no solo conquista los corazones de los m\u00e1s peque\u00f1os, sino tambi\u00e9n de toda la familia.<\/p>\n\n\n\n<p>El espect\u00e1culo, que ha revolucionado el entretenimiento infantil, ofrece funciones los s\u00e1bados, domingos y feriados a las 16.00 horas. Adem\u00e1s, durante las vacaciones de invierno, los fan\u00e1ticos podr\u00e1n disfrutar de esta m\u00e1gica experiencia todos los d\u00edas.<\/p>\n\n\n\n<p>\u00abLa B\u00fasqueda del Tesoro\u00bb promete una aventura llena de emoci\u00f3n, m\u00fasica y diversi\u00f3n, convirti\u00e9ndose en una cita imperdible para las familias que buscan compartir momentos inolvidables.<\/p>\n\n\n\n<p>Las entradas se encuentran a la venta en la boleter\u00eda del Teatro Astral o por Plateanet.&nbsp;<\/p>\n<!-- AddThis Advanced Settings generic via filter on the_content --><!-- AddThis Share Buttons generic via filter on the_content -->","protected":false},"excerpt":{"rendered":"<p>La actriz y conductora no se quiso perder el espect\u00e1culo infantil y asisti\u00f3 junto a su marido y sus hijas al fen\u00f3meno que eligen los m\u00e1s chiquitos. En un fin de semana largo repleto de actividades, Dalma Maradona decidi\u00f3 aprovechar la ocasi\u00f3n para disfrutar de una salida familiar junto a su pareja, Andr\u00e9s Caldarelli, y [&hellip;]<!-- AddThis Advanced Settings generic via filter on get_the_excerpt --><!-- AddThis Share Buttons generic via filter on get_the_excerpt --><\/p>\n","protected":false},"author":6,"featured_media":78581,"comment_status":"closed","ping_status":"open","sticky":false,"template":"","format":"standard","meta":{"_acf_changed":false,"om_disable_all_campaigns":false,"_monsterinsights_skip_tracking":false,"_monsterinsights_sitenote_active":false,"_monsterinsights_sitenote_note":"","_monsterinsights_sitenote_category":0,"_uf_show_specific_survey":0,"_uf_disable_surveys":false,"footnotes":""},"categories":[100],"tags":[672,671,455,648],"class_list":["post-78580","post","type-post","status-publish","format-standard","has-post-thumbnail","hentry","category-noticias","tag-granja","tag-infantil","tag-obra","tag-zenon"],"acf":[],"aioseo_notices":[],"_links":{"self":[{"href":"https:\/\/www.lasrosas.com.ar\/portal\/wp-json\/wp\/v2\/posts\/78580","targetHints":{"allow":["GET"]}}],"collection":[{"href":"https:\/\/www.lasrosas.com.ar\/portal\/wp-json\/wp\/v2\/posts"}],"about":[{"href":"https:\/\/www.lasrosas.com.ar\/portal\/wp-json\/wp\/v2\/types\/post"}],"author":[{"embeddable":true,"href":"https:\/\/www.lasrosas.com.ar\/portal\/wp-json\/wp\/v2\/users\/6"}],"replies":[{"embeddable":true,"href":"https:\/\/www.lasrosas.com.ar\/portal\/wp-json\/wp\/v2\/comments?post=78580"}],"version-history":[{"count":1,"href":"https:\/\/www.lasrosas.com.ar\/portal\/wp-json\/wp\/v2\/posts\/78580\/revisions"}],"predecessor-version":[{"id":78582,"href":"https:\/\/www.lasrosas.com.ar\/portal\/wp-json\/wp\/v2\/posts\/78580\/revisions\/78582"}],"wp:featuredmedia":[{"embeddable":true,"href":"https:\/\/www.lasrosas.com.ar\/portal\/wp-json\/wp\/v2\/media\/78581"}],"wp:attachment":[{"href":"https:\/\/www.lasrosas.com.ar\/portal\/wp-json\/wp\/v2\/media?parent=78580"}],"wp:term":[{"taxonomy":"category","embeddable":true,"href":"https:\/\/www.lasrosas.com.ar\/portal\/wp-json\/wp\/v2\/categories?post=78580"},{"taxonomy":"post_tag","embeddable":true,"href":"https:\/\/www.lasrosas.com.ar\/portal\/wp-json\/wp\/v2\/tags?post=78580"}],"curies":[{"name":"wp","href":"https:\/\/api.w.org\/{rel}","templated":true}]}}