{"id":78559,"date":"2024-06-16T18:59:00","date_gmt":"2024-06-16T21:59:00","guid":{"rendered":"https:\/\/www.lasrosas.com.ar\/portal\/?p=78559"},"modified":"2024-06-16T18:59:02","modified_gmt":"2024-06-16T21:59:02","slug":"juan-jose-campanella-dirige-el-episodio-no550-de-la-ley-y-el-orden-uve","status":"publish","type":"post","link":"https:\/\/www.lasrosas.com.ar\/portal\/juan-jose-campanella-dirige-el-episodio-no550-de-la-ley-y-el-orden-uve\/","title":{"rendered":"JUAN JOS\u00c9 CAMPANELLA DIRIGE EL EPISODIO N\u00ba550 DE LA LEY Y EL ORDEN: UVE"},"content":{"rendered":"\n<p>El director argentino Juan Jos\u00e9 Campanella regresa a la ficci\u00f3n m\u00e1s exitosa de la televisi\u00f3n, \u201cLa Ley y el Orden: UVE\u201d, para dirigir el hist\u00f3rico episodio n\u00famero 550 que estrenar\u00e1 el pr\u00f3ximo 18 de junio en Latinoam\u00e9rica en exclusiva s\u00f3lo por Universal TV.<\/p>\n\n\n\n<p>Universal TV anuncia el estreno del episodio n\u00famero 550 de la serie m\u00e1s longeva y exitosa de la televisi\u00f3n \u201cLa Ley y el Orden: Unidad de V\u00edctimas Especiales\u201d dirigido por el director argentino y ganador del Oscar Juan Jos\u00e9 Campanella. El episodio titulado \u201cMarauder\u201d (Merodeador) se podr\u00e1 ver este 18 de junio a las 9pm LATAM s\u00f3lo por Universal TV.<br><br>El nuevo episodio dirigido por Campanella cuenta con gui\u00f3n del creador del show, Dick Wolf, junto a Gabriel Vallejo (Survivor) y Greg Contaldi (The Drew Barrymore Show), y narra la lucha de la Agente Sykes (Jordana Spiro) por sobrellevar el aniversario de la desaparici\u00f3n de su hermana. Olivia Benson (Mariska Hargitay) sospecha que una investigaci\u00f3n sin resolver podr\u00eda ayudarla a cerrar su caso.<br><br>Creada por el inagotable Dick Wolf en 1999, \u201cLa Ley y el Orden: UVE\u201d se centra en un grupo de detectives que investiga y procesa v\u00edctimas de cr\u00edmenes sexuales, abuso infantil y cr\u00edmenes contra ancianos.<\/p>\n\n\n\n<p>Protagonizado por Mariska Hargitay como la legendar\u00eda Capitana Olivia Benson, Ice-T como el sargento Odafin Tutuola, Peter Scanavino como el fiscal de distrito Dominick Carisi, Jr, Octavio Pisano como el detective Joe Velasco, entre muchas estrellas m\u00e1s que llegan para sorprender a los fans bajo la direcci\u00f3n de uno de los directores m\u00e1s aplaudidos de Latinoam\u00e9rica.<\/p>\n\n\n\n<figure class=\"wp-block-image size-full\"><img decoding=\"async\" width=\"800\" height=\"533\" data-src=\"https:\/\/www.lasrosas.com.ar\/portal\/wp-content\/uploads\/LO_T25E04_5BAJA.jpg\" alt=\"\" class=\"wp-image-78561 lazyload\" src=\"data:image\/svg+xml;base64,PHN2ZyB3aWR0aD0iMSIgaGVpZ2h0PSIxIiB4bWxucz0iaHR0cDovL3d3dy53My5vcmcvMjAwMC9zdmciPjwvc3ZnPg==\" style=\"--smush-placeholder-width: 800px; --smush-placeholder-aspect-ratio: 800\/533;\" \/><\/figure>\n\n\n\n<p><strong>EL SECRETO DEL \u00c9XITO 25 A\u00d1OS MANTENIENDO INTACTO EL INTER\u00c9S DE LA AUDIENCIA<\/strong><\/p>\n\n\n\n<p>Esta colaboraci\u00f3n hace honor al peso cultural de la franquicia en la historia de la televisi\u00f3n mundial al mismo tiempo que resalta su influencia en la trayectoria de destacados cineastas. La participaci\u00f3n de Campanella en este nuevo hito es un testimonio de la relevancia de \u201cLa Ley y el Orden: UVE\u201d en el \u00e1mbito del entretenimiento global y del profundo lazo que une a sus creadores a lo largo de los a\u00f1os.<br><br>La profundidad de las historias que \u201cLa Ley y el Orden: UVE\u201d ha explorado a lo largo de sus veinticinco a\u00f1os la ha catapultado como un sello indiscutido del drama policiaco a nivel mundial. Sus episodios invitan a una reflexi\u00f3n sobre las realidades sociales, culturales y legales que enfrentan las v\u00edctimas de cr\u00edmenes sexuales. El enfoque en la humanidad de las v\u00edctimas, el \u00e9nfasis en la importancia de la justicia restaurativa y la dedicaci\u00f3n inquebrantable de sus personajes hacia el esclarecimiento de la verdad, han sido s\u00f3lo algunos de sus componentes claves en su \u00e9xito y duraci\u00f3n.<br><br>Este nuevo episodio especial promete honrar su legado como una voz fundamental en la lucha por la justicia en una sociedad compleja y cambiante. Como una prueba m\u00e1s de que sus guiones se adaptan al paso del tiempo y la realidad social y denuncian las limitaciones que el sistema judicial mantiene para que muchas veces se haga justicia.<br><br><strong>\u00a1No te pierdas el estreno del episodio \u201cMarauder\u201d de \u201cLa Ley y El Orden: UVE\u201d, dirigido por Juan Jos\u00e9 Campanella en exclusiva por Universal TV!<br>Para m\u00e1s detalles s\u00famate a la conversaci\u00f3n a trav\u00e9s de las redes sociales <\/strong><\/p>\n\n\n\n<p><strong>Facebook.com\/UniversalTVLA<br>Twitter.com\/UniversalTVLA<br>Instagram: @UniversalTVLA<\/strong><\/p>\n<!-- AddThis Advanced Settings generic via filter on the_content --><!-- AddThis Share Buttons generic via filter on the_content -->","protected":false},"excerpt":{"rendered":"<p>El director argentino Juan Jos\u00e9 Campanella regresa a la ficci\u00f3n m\u00e1s exitosa de la televisi\u00f3n, \u201cLa Ley y el Orden: UVE\u201d, para dirigir el hist\u00f3rico episodio n\u00famero 550 que estrenar\u00e1 el pr\u00f3ximo 18 de junio en Latinoam\u00e9rica en exclusiva s\u00f3lo por Universal TV. Universal TV anuncia el estreno del episodio n\u00famero 550 de la serie [&hellip;]<!-- AddThis Advanced Settings generic via filter on get_the_excerpt --><!-- AddThis Share Buttons generic via filter on get_the_excerpt --><\/p>\n","protected":false},"author":6,"featured_media":78560,"comment_status":"closed","ping_status":"open","sticky":false,"template":"","format":"standard","meta":{"_acf_changed":false,"om_disable_all_campaigns":false,"_monsterinsights_skip_tracking":false,"_monsterinsights_sitenote_active":false,"_monsterinsights_sitenote_note":"","_monsterinsights_sitenote_category":0,"_uf_show_specific_survey":0,"_uf_disable_surveys":false,"footnotes":""},"categories":[100],"tags":[],"class_list":["post-78559","post","type-post","status-publish","format-standard","has-post-thumbnail","hentry","category-noticias"],"acf":[],"aioseo_notices":[],"_links":{"self":[{"href":"https:\/\/www.lasrosas.com.ar\/portal\/wp-json\/wp\/v2\/posts\/78559","targetHints":{"allow":["GET"]}}],"collection":[{"href":"https:\/\/www.lasrosas.com.ar\/portal\/wp-json\/wp\/v2\/posts"}],"about":[{"href":"https:\/\/www.lasrosas.com.ar\/portal\/wp-json\/wp\/v2\/types\/post"}],"author":[{"embeddable":true,"href":"https:\/\/www.lasrosas.com.ar\/portal\/wp-json\/wp\/v2\/users\/6"}],"replies":[{"embeddable":true,"href":"https:\/\/www.lasrosas.com.ar\/portal\/wp-json\/wp\/v2\/comments?post=78559"}],"version-history":[{"count":1,"href":"https:\/\/www.lasrosas.com.ar\/portal\/wp-json\/wp\/v2\/posts\/78559\/revisions"}],"predecessor-version":[{"id":78562,"href":"https:\/\/www.lasrosas.com.ar\/portal\/wp-json\/wp\/v2\/posts\/78559\/revisions\/78562"}],"wp:featuredmedia":[{"embeddable":true,"href":"https:\/\/www.lasrosas.com.ar\/portal\/wp-json\/wp\/v2\/media\/78560"}],"wp:attachment":[{"href":"https:\/\/www.lasrosas.com.ar\/portal\/wp-json\/wp\/v2\/media?parent=78559"}],"wp:term":[{"taxonomy":"category","embeddable":true,"href":"https:\/\/www.lasrosas.com.ar\/portal\/wp-json\/wp\/v2\/categories?post=78559"},{"taxonomy":"post_tag","embeddable":true,"href":"https:\/\/www.lasrosas.com.ar\/portal\/wp-json\/wp\/v2\/tags?post=78559"}],"curies":[{"name":"wp","href":"https:\/\/api.w.org\/{rel}","templated":true}]}}