{"id":78555,"date":"2024-06-16T18:46:12","date_gmt":"2024-06-16T21:46:12","guid":{"rendered":"https:\/\/www.lasrosas.com.ar\/portal\/?p=78555"},"modified":"2024-06-16T18:46:14","modified_gmt":"2024-06-16T21:46:14","slug":"cardon-inaugura-su-nueva-tienda-en-el-shopping-galerias-pacifico","status":"publish","type":"post","link":"https:\/\/www.lasrosas.com.ar\/portal\/cardon-inaugura-su-nueva-tienda-en-el-shopping-galerias-pacifico\/","title":{"rendered":"CARD\u00d3N INAUGURA SU NUEVA TIENDA EN EL SHOPPING GALER\u00cdAS PAC\u00cdFICO"},"content":{"rendered":"\n<p>Card\u00f3n inaugur\u00f3 su nuevo local en un impactante espacio en Galer\u00edas Pac\u00edfico con m\u00e1s de 250 metros cuadrados, en el cual, su colecci\u00f3n Oto\u00f1o Invierno se luce. Su fundador, Gabo Nazar, junto a sus socios Marcelo Chalub y Jos\u00e9 Mutti, tienen el orgullo de seguir invirtiendo en Argentina, como lo hacen desde hace 35 a\u00f1os, cuando la marca inaugur\u00f3 su primer local, y en este caso, dentro de un proceso de renovaci\u00f3n y re-apertura de locales.<br><br>El desaf\u00edo en Card\u00f3n Galer\u00edas Pac\u00edfico fue mantener la identidad de la marca, y revalorizarla con nuevos toques, enfatizando el espacio, el dise\u00f1o, la materialidad y la iluminaci\u00f3n. La nueva tienda cuenta con una superficie de sal\u00f3n de m\u00e1s de 150 m2 y est\u00e1 ubicada en el sector de Planta Baja con acceso directo desde la calle Viamonte. En el dise\u00f1o del proyecto, los arquitectos de Card\u00f3n priorizaron los materiales nobles como el granito, la madera, el cuero y las texturas de piedra, alcanzando as\u00ed una imagen que fusiona lo cl\u00e1sico y lo moderno.<br><br>Desde que abri\u00f3 su primera tienda en 1988, Card\u00f3n se propuso poner en valor lo m\u00e1s aut\u00e9ntico de la identidad cultural argentina, combinando las ra\u00edces propias de estas tierras con el legado de las diversas corrientes europeas que llegaron al pa\u00eds. Con un esp\u00edritu creativo que combina dise\u00f1o e innovaci\u00f3n, Card\u00f3n desarroll\u00f3 una est\u00e9tica de vanguardia afianzada en la calidad, el uso de materiales nobles y el trabajo artesanal.<br><br>El concepto fundacional de Card\u00f3n est\u00e1 presente en el estilo cl\u00e1sico y en la calidad que caracteriza a su l\u00ednea de indumentaria textil y de cuero. En la actualidad, Card\u00f3n cuenta con m\u00e1s de 80 locales distribuidos en todas las regiones del pa\u00eds.<br><\/p>\n\n\n\n<figure class=\"wp-block-image size-full\"><img decoding=\"async\" width=\"1280\" height=\"853\" data-src=\"https:\/\/www.lasrosas.com.ar\/portal\/wp-content\/uploads\/CARDON.PACIFICO-0001.jpeg\" alt=\"\" class=\"wp-image-78557 lazyload\" data-srcset=\"https:\/\/www.lasrosas.com.ar\/portal\/wp-content\/uploads\/\/CARDON.PACIFICO-0001.jpeg 1280w, https:\/\/www.lasrosas.com.ar\/portal\/wp-content\/uploads\/\/CARDON.PACIFICO-0001-960x640.jpeg 960w\" data-sizes=\"(max-width: 1280px) 100vw, 1280px\" src=\"data:image\/svg+xml;base64,PHN2ZyB3aWR0aD0iMSIgaGVpZ2h0PSIxIiB4bWxucz0iaHR0cDovL3d3dy53My5vcmcvMjAwMC9zdmciPjwvc3ZnPg==\" style=\"--smush-placeholder-width: 1280px; --smush-placeholder-aspect-ratio: 1280\/853;\" \/><\/figure>\n\n\n\n<p><br><br>El shopping es muy emblem\u00e1tico, y ese dato es muy simb\u00f3lico para la marca. Las Galer\u00edas Pac\u00edfico fueron creadas a fines del siglo XIX como un lugar que ofrecer\u00eda las \u00faltimas expresiones de la moda mundial. A\u00f1os despu\u00e9s funcionaron all\u00ed oficinas del ferrocarril Buenos Aires al Pac\u00edfico. En 1945, el m\u00edtico edificio fue remodelado, separando la galer\u00eda comercial de las oficinas del ferrocarril. Un a\u00f1o m\u00e1s tarde, los pintores muralistas Berni, Castagnino, Colmeiro, Spilimbergo y Urruch\u00faa plasmaron sus obras en la superficie de 450m2 que ocupa la c\u00fapula central de Galer\u00edas Pac\u00edfico. Hasta que, en 1989, el edificio fue<br>declarado Monumento Hist\u00f3rico Nacional. Posteriormente, en 1992 se inaugur\u00f3 el magn\u00edfico Centro Comercial y Cultural, iniciando as\u00ed, la etapa m\u00e1s floreciente de este espacio ic\u00f3nico de<br>la ciudad de Buenos Aires.<br><br>Galer\u00edas Pac\u00edfico es uno de los Shoppings Mall m\u00e1s exitosos de Argentina. Ubicado en una de las esquinas m\u00e1s tradicionales de la Ciudad de Buenos Aires, recibe mensualmente a m\u00e1s de 900 mil personas. Cuenta con una superficie de 11.000 m2 y m\u00e1s de 150 locales y stands de primeras marcas, adem\u00e1s de un patio de comidas. Estas y otras razones hacen de Galer\u00edas Pac\u00edfico un lugar ideal para visitar, admirar y comprar.<br>Un edificio magn\u00edfico. Una tienda divina. Una colecci\u00f3n oto\u00f1o-invierno super atractiva.<\/p>\n<!-- AddThis Advanced Settings generic via filter on the_content --><!-- AddThis Share Buttons generic via filter on the_content -->","protected":false},"excerpt":{"rendered":"<p>Card\u00f3n inaugur\u00f3 su nuevo local en un impactante espacio en Galer\u00edas Pac\u00edfico con m\u00e1s de 250 metros cuadrados, en el cual, su colecci\u00f3n Oto\u00f1o Invierno se luce. Su fundador, Gabo Nazar, junto a sus socios Marcelo Chalub y Jos\u00e9 Mutti, tienen el orgullo de seguir invirtiendo en Argentina, como lo hacen desde hace 35 a\u00f1os, [&hellip;]<!-- AddThis Advanced Settings generic via filter on get_the_excerpt --><!-- AddThis Share Buttons generic via filter on get_the_excerpt --><\/p>\n","protected":false},"author":6,"featured_media":78556,"comment_status":"closed","ping_status":"open","sticky":false,"template":"","format":"standard","meta":{"_acf_changed":false,"om_disable_all_campaigns":false,"_monsterinsights_skip_tracking":false,"_monsterinsights_sitenote_active":false,"_monsterinsights_sitenote_note":"","_monsterinsights_sitenote_category":0,"_uf_show_specific_survey":0,"_uf_disable_surveys":false,"footnotes":""},"categories":[100],"tags":[664,663,167,540,665],"class_list":["post-78555","post","type-post","status-publish","format-standard","has-post-thumbnail","hentry","category-noticias","tag-cardon","tag-galerias","tag-marca","tag-shopping","tag-tienda"],"acf":[],"aioseo_notices":[],"_links":{"self":[{"href":"https:\/\/www.lasrosas.com.ar\/portal\/wp-json\/wp\/v2\/posts\/78555","targetHints":{"allow":["GET"]}}],"collection":[{"href":"https:\/\/www.lasrosas.com.ar\/portal\/wp-json\/wp\/v2\/posts"}],"about":[{"href":"https:\/\/www.lasrosas.com.ar\/portal\/wp-json\/wp\/v2\/types\/post"}],"author":[{"embeddable":true,"href":"https:\/\/www.lasrosas.com.ar\/portal\/wp-json\/wp\/v2\/users\/6"}],"replies":[{"embeddable":true,"href":"https:\/\/www.lasrosas.com.ar\/portal\/wp-json\/wp\/v2\/comments?post=78555"}],"version-history":[{"count":1,"href":"https:\/\/www.lasrosas.com.ar\/portal\/wp-json\/wp\/v2\/posts\/78555\/revisions"}],"predecessor-version":[{"id":78558,"href":"https:\/\/www.lasrosas.com.ar\/portal\/wp-json\/wp\/v2\/posts\/78555\/revisions\/78558"}],"wp:featuredmedia":[{"embeddable":true,"href":"https:\/\/www.lasrosas.com.ar\/portal\/wp-json\/wp\/v2\/media\/78556"}],"wp:attachment":[{"href":"https:\/\/www.lasrosas.com.ar\/portal\/wp-json\/wp\/v2\/media?parent=78555"}],"wp:term":[{"taxonomy":"category","embeddable":true,"href":"https:\/\/www.lasrosas.com.ar\/portal\/wp-json\/wp\/v2\/categories?post=78555"},{"taxonomy":"post_tag","embeddable":true,"href":"https:\/\/www.lasrosas.com.ar\/portal\/wp-json\/wp\/v2\/tags?post=78555"}],"curies":[{"name":"wp","href":"https:\/\/api.w.org\/{rel}","templated":true}]}}