{"id":78412,"date":"2024-06-06T12:28:05","date_gmt":"2024-06-06T15:28:05","guid":{"rendered":"https:\/\/www.lasrosas.com.ar\/portal\/?p=78412"},"modified":"2024-06-06T12:28:08","modified_gmt":"2024-06-06T15:28:08","slug":"despegar-y-shakira-la-artista-icono-mundial-se-unen-para-inspirar-a-vivir-viajando","status":"publish","type":"post","link":"https:\/\/www.lasrosas.com.ar\/portal\/despegar-y-shakira-la-artista-icono-mundial-se-unen-para-inspirar-a-vivir-viajando\/","title":{"rendered":"DESPEGAR Y SHAKIRA, LA ARTISTA \u00cdCONO MUNDIAL, SE UNEN PARA INSPIRAR A VIVIR VIAJANDO"},"content":{"rendered":"\n<p>La empresa l\u00edder de viajes de Latinoam\u00e9rica y la mega celebridad presentan una nueva campa\u00f1a<\/p>\n\n\n\n<p>con el objetivo de enaltecer el esp\u00edritu viajero de los argentinos.<\/p>\n\n\n\n<p>Despegar se complace en anunciar una emocionante alianza con Shakira en el marco de su nueva campa\u00f1a: So\u00f1ar, Elegir, Viajar. Una colaboraci\u00f3n que marca un hito en el mundo del turismo y el entretenimiento, fusionando dos potencias con un objetivo en com\u00fan: inspirar y conectar a las personas a trav\u00e9s de experiencias memorables.<br><br>\u00abLos viajes y la m\u00fasica tienen el poder de conectar a las personas, inspirarlas y crear momentos inolvidables. Estoy feliz de celebrar el lanzamiento de esta campa\u00f1a de la mano de Despegar\u201d, dice Shakira.<br><br>Al unir fuerzas, Despegar y Shakira celebran sus ra\u00edces, ejemplificando el esp\u00edritu emprendedor y la determinaci\u00f3n que caracteriza a Am\u00e9rica Latina, demostrando que los sue\u00f1os pueden hacerse realidad. Al igual que Despegar ha revolucionado la forma en que millones de personas deciden y disfrutan sus viajes, Shakira ha desafiado los l\u00edmites del arte y la m\u00fasica, consolid\u00e1ndose como una de las artistas m\u00e1s influyentes y queridas de todos los tiempos.<br><br>\u00abEstamos orgullosos de dar la bienvenida a Shakira a Despegar. Sus ra\u00edces latinoamericanas, su enorme influencia art\u00edstica y su admirable visi\u00f3n innovadora y global la convierten en la embajadora perfecta de nuestra marca. Juntos, buscaremos inspirar a m\u00e1s personas a viajar y vivir experiencias inolvidables\u201d, dice Paula Cristi, Gerenta General de Despegar para Argentina y Uruguay.<br><br>Esta nueva campa\u00f1a tendr\u00e1 su estreno pr\u00f3ximamente y es el sello de una alianza que promete movilizar a todo el mundo del turismo, reafirmando el compromiso de Despegar por inspirar, conectar y enriquecer la vida de las personas<\/p>\n<!-- AddThis Advanced Settings generic via filter on the_content --><!-- AddThis Share Buttons generic via filter on the_content -->","protected":false},"excerpt":{"rendered":"<p>La empresa l\u00edder de viajes de Latinoam\u00e9rica y la mega celebridad presentan una nueva campa\u00f1a con el objetivo de enaltecer el esp\u00edritu viajero de los argentinos. Despegar se complace en anunciar una emocionante alianza con Shakira en el marco de su nueva campa\u00f1a: So\u00f1ar, Elegir, Viajar. Una colaboraci\u00f3n que marca un hito en el mundo [&hellip;]<!-- AddThis Advanced Settings generic via filter on get_the_excerpt --><!-- AddThis Share Buttons generic via filter on get_the_excerpt --><\/p>\n","protected":false},"author":6,"featured_media":78413,"comment_status":"closed","ping_status":"open","sticky":false,"template":"","format":"standard","meta":{"_acf_changed":false,"om_disable_all_campaigns":false,"_monsterinsights_skip_tracking":false,"_monsterinsights_sitenote_active":false,"_monsterinsights_sitenote_note":"","_monsterinsights_sitenote_category":0,"_uf_show_specific_survey":0,"_uf_disable_surveys":false,"footnotes":""},"categories":[100],"tags":[],"class_list":["post-78412","post","type-post","status-publish","format-standard","has-post-thumbnail","hentry","category-noticias"],"acf":[],"aioseo_notices":[],"_links":{"self":[{"href":"https:\/\/www.lasrosas.com.ar\/portal\/wp-json\/wp\/v2\/posts\/78412","targetHints":{"allow":["GET"]}}],"collection":[{"href":"https:\/\/www.lasrosas.com.ar\/portal\/wp-json\/wp\/v2\/posts"}],"about":[{"href":"https:\/\/www.lasrosas.com.ar\/portal\/wp-json\/wp\/v2\/types\/post"}],"author":[{"embeddable":true,"href":"https:\/\/www.lasrosas.com.ar\/portal\/wp-json\/wp\/v2\/users\/6"}],"replies":[{"embeddable":true,"href":"https:\/\/www.lasrosas.com.ar\/portal\/wp-json\/wp\/v2\/comments?post=78412"}],"version-history":[{"count":1,"href":"https:\/\/www.lasrosas.com.ar\/portal\/wp-json\/wp\/v2\/posts\/78412\/revisions"}],"predecessor-version":[{"id":78414,"href":"https:\/\/www.lasrosas.com.ar\/portal\/wp-json\/wp\/v2\/posts\/78412\/revisions\/78414"}],"wp:featuredmedia":[{"embeddable":true,"href":"https:\/\/www.lasrosas.com.ar\/portal\/wp-json\/wp\/v2\/media\/78413"}],"wp:attachment":[{"href":"https:\/\/www.lasrosas.com.ar\/portal\/wp-json\/wp\/v2\/media?parent=78412"}],"wp:term":[{"taxonomy":"category","embeddable":true,"href":"https:\/\/www.lasrosas.com.ar\/portal\/wp-json\/wp\/v2\/categories?post=78412"},{"taxonomy":"post_tag","embeddable":true,"href":"https:\/\/www.lasrosas.com.ar\/portal\/wp-json\/wp\/v2\/tags?post=78412"}],"curies":[{"name":"wp","href":"https:\/\/api.w.org\/{rel}","templated":true}]}}