{"id":78359,"date":"2024-06-04T14:46:55","date_gmt":"2024-06-04T17:46:55","guid":{"rendered":"https:\/\/www.lasrosas.com.ar\/portal\/?p=78359"},"modified":"2024-06-04T14:46:57","modified_gmt":"2024-06-04T17:46:57","slug":"maria-becerra-anuncia-su-gira-mundial-tour24","status":"publish","type":"post","link":"https:\/\/www.lasrosas.com.ar\/portal\/maria-becerra-anuncia-su-gira-mundial-tour24\/","title":{"rendered":"MARIA BECERRA ANUNCIA SU GIRA MUNDIAL: \u00ab#TOUR24\u00bb"},"content":{"rendered":"\n<p>Estados Unidos, M\u00e9xico, Paraguay, Per\u00fa, El Salvador, Argentina, Chile ser\u00e1n los pa\u00edses que recibir\u00e1n a la artista en su primera gira mundial. Luego cruzar\u00e1 el charco para tocar en Italia, Espa\u00f1a, Portugal y completar el recorrido de m\u00e1s de 50 pa\u00edses que conocer\u00e1n la magia de La Nena de Argentina.<\/p>\n\n\n\n<p><strong>Maria Becerra <\/strong>anuncia oficialmente su gira mundial <strong>\u201c#Tour24\u201d<\/strong>. El comienzo de la gira fue el 22 de marzo, haciendo historia como la<strong> primera artista en cantar en el m\u00edtico Estadio River Plate, <\/strong>logrando dos sold out para m\u00e1s de <strong>130.000 espectadores<\/strong>. As\u00ed comenz\u00f3 la gira m\u00e1s grande que haya hecho hasta ahora, en donde recorrer\u00e1<strong> m\u00e1s de 50 escenarios entre Europa, Estados Unidos y Am\u00e9rica Latina<\/strong>.<strong> \u201c#Tour24\u201d, con producci\u00f3n de DF Entertainment.<\/strong><\/p>\n\n\n\n<p>El<strong> \u201c#Tour24\u201d<\/strong> la encontrar\u00e1 recorriendo Italia, diversos puntos de Espa\u00f1a, luego de haber pasado por Bolivia, Guatemala, M\u00e9xico y Portugal. La gira contin\u00faa\u00a0 en escenarios de muchos pa\u00edses de Am\u00e9rica Latina para continuar en Estados Unidos. <strong>Los tickets estar\u00e1n disponibles a partir del viernes 7 de junio a las 11 a.m., para m\u00e1s informaci\u00f3n, visitar <\/strong><a href=\"http:\/\/mariabecerraoficial.com\"><strong>mariabecerraoficial.com<\/strong><\/a><strong>.<\/strong><\/p>\n\n\n\n<figure class=\"wp-block-image size-large\"><img decoding=\"async\" width=\"1920\" height=\"1280\" data-src=\"https:\/\/www.lasrosas.com.ar\/portal\/wp-content\/uploads\/Copia-de-JFN_8684-1920x1280.jpeg\" alt=\"\" class=\"wp-image-78360 lazyload\" data-srcset=\"https:\/\/www.lasrosas.com.ar\/portal\/wp-content\/uploads\/\/Copia-de-JFN_8684-1920x1280.jpeg 1920w, https:\/\/www.lasrosas.com.ar\/portal\/wp-content\/uploads\/\/Copia-de-JFN_8684-960x640.jpeg 960w, https:\/\/www.lasrosas.com.ar\/portal\/wp-content\/uploads\/\/Copia-de-JFN_8684-1536x1024.jpeg 1536w, https:\/\/www.lasrosas.com.ar\/portal\/wp-content\/uploads\/\/Copia-de-JFN_8684.jpeg 2048w\" data-sizes=\"(max-width: 1920px) 100vw, 1920px\" src=\"data:image\/svg+xml;base64,PHN2ZyB3aWR0aD0iMSIgaGVpZ2h0PSIxIiB4bWxucz0iaHR0cDovL3d3dy53My5vcmcvMjAwMC9zdmciPjwvc3ZnPg==\" style=\"--smush-placeholder-width: 1920px; --smush-placeholder-aspect-ratio: 1920\/1280;\" \/><\/figure>\n\n\n\n<p>River fue el punto de partida y las primeras presentaciones se realizaron en\u00a0 Guatemala (Gira Refrescante de Pepsi Music), Bolivia (FEXCO en Cochabamba y Festival de la Vi\u00f1a y el Vino en Tarija), M\u00e9xico (Festival Aguascalientes) y su \u00faltima presentaci\u00f3n en el <strong>North Festival <\/strong>de <strong>Portugal<\/strong>. La pr\u00f3xima actuaci\u00f3n tendr\u00e1 lugar el<strong> viernes 21 de junio <\/strong>\u00a0en el<strong> Acquatica Park de Mil\u00e1n, Italia,<\/strong> y ser\u00e1 la primera vez que Maria cante en tierras italianas. El <strong>\u00ab#Tour24\u00bb <\/strong>llevar\u00e1 por el mundo un show de alto calibre,\u00a0 con un repertorio que repasa los \u00e9xitos que la hicieron conocida, las canciones que la ubicaron en los primeros puestos de los rankings de cada pa\u00eds, m\u00e1s los \u00faltimos lanzamientos como sorpresa para los fans de todo el mundo.<\/p>\n\n\n\n<figure class=\"wp-block-image size-large\"><img decoding=\"async\" width=\"1920\" height=\"1280\" data-src=\"https:\/\/www.lasrosas.com.ar\/portal\/wp-content\/uploads\/Copia-de-JFN_7980-1920x1280.jpeg\" alt=\"\" class=\"wp-image-78362 lazyload\" data-srcset=\"https:\/\/www.lasrosas.com.ar\/portal\/wp-content\/uploads\/\/Copia-de-JFN_7980-1920x1280.jpeg 1920w, https:\/\/www.lasrosas.com.ar\/portal\/wp-content\/uploads\/\/Copia-de-JFN_7980-960x640.jpeg 960w, https:\/\/www.lasrosas.com.ar\/portal\/wp-content\/uploads\/\/Copia-de-JFN_7980-1536x1024.jpeg 1536w, https:\/\/www.lasrosas.com.ar\/portal\/wp-content\/uploads\/\/Copia-de-JFN_7980.jpeg 2048w\" data-sizes=\"(max-width: 1920px) 100vw, 1920px\" src=\"data:image\/svg+xml;base64,PHN2ZyB3aWR0aD0iMSIgaGVpZ2h0PSIxIiB4bWxucz0iaHR0cDovL3d3dy53My5vcmcvMjAwMC9zdmciPjwvc3ZnPg==\" style=\"--smush-placeholder-width: 1920px; --smush-placeholder-aspect-ratio: 1920\/1280;\" \/><\/figure>\n\n\n\n<p><strong>Maria Becerra logr\u00f3 reconocimiento en la escena actual m\u00e1s all\u00e1 de toda frontera<\/strong>: en tiempo r\u00e9cord, la cantante y compositora de 24 a\u00f1os ha alcanzado el <strong>puesto #159 en Spotify a nivel mundial<\/strong>, y la cuenta sigue en ascenso. Maria viene marcando una serie de hitos en su carrera como su participaci\u00f3n en el <strong>popular evento de A\u00f1o Nuevo del Times Square<\/strong>. Su presentaci\u00f3n en la final de Kings Leagues de Madrid un s\u00e1bado para luego volar el domingo al prestigioso festival Coachella en Estados Unidos, como invitada especial de J Balvin.\u00a0 Due\u00f1a de un carisma sin igual,<strong> la artista del momento tiene una conexi\u00f3n \u00fanica con sus fans que se vive a flor de piel en ca ji da show y ahora lleg\u00f3 el momento de salir a recorrer el mundo y compartir toda su m\u00fasica junto a ellos.\u00a0<\/strong><\/p>\n\n\n\n<p><strong>MARIA BECERRA TOUR 24<\/strong><\/p>\n\n\n\n<p><strong><em>FECHAS CONFIRMADAS<\/em><\/strong><\/p>\n\n\n\n<p><strong>PARA ADQUIRIR TICKETS, VISITAR <\/strong><a href=\"http:\/\/mariabecerraoficial.com\"><strong>MARIABECERRAOFICIAL.COM<\/strong><\/a><\/p>\n\n\n\n<p><strong>20\/08 M\u00e9xico: Ciudad de M\u00e9xico &#8211; Festival Hera&nbsp;<\/strong><\/p>\n\n\n\n<p><strong>12\/09 Per\u00fa: Lima &#8211; Arena 1<\/strong><\/p>\n\n\n\n<p><strong>19\/09 El Salvador: El Salvador &#8211; Salamanca<\/strong><\/p>\n\n\n\n<p><strong>26\/09 Guatemala: Guatemala &#8211; Forum Majadas<\/strong><\/p>\n\n\n\n<p><strong>05\/10 Ecuador: Quito &#8211; Coliseo General Rumi\u00f1ahui<\/strong><\/p>\n\n\n\n<p><strong>11\/10 Chile: Santiago de Chile &#8211; Movistar Arena<\/strong><\/p>\n\n\n\n<p><strong>17\/11 Argentina: Rosario &#8211; Ex Rural<\/strong><\/p>\n\n\n\n<p><strong>23\/11 Argentina: Mendoza &#8211; Festival<\/strong><\/p>\n\n\n\n<p><strong>30\/11 Uruguay: Montevideo &#8211; Rambla de Montevideo<\/strong><\/p>\n\n\n\n<p><strong>07\/12 Argentina: C\u00f3rdoba &#8211; Estadio Kempes<\/strong><\/p>\n\n\n\n<p><strong>12\/12 Argentina: San Salvador de Jujuy &#8211; Estadio 23 de Agosto<\/strong><\/p>\n\n\n\n<p><strong>14\/12 Argentina: San Miguel de Tucum\u00e1n &#8211; Hip\u00f3dromo de Tucum\u00e1n<\/strong><\/p>\n\n\n\n<figure class=\"wp-block-image size-large\"><img decoding=\"async\" width=\"1920\" height=\"1280\" data-src=\"https:\/\/www.lasrosas.com.ar\/portal\/wp-content\/uploads\/Copia-de-JFN_8043-1920x1280.jpeg\" alt=\"\" class=\"wp-image-78361 lazyload\" data-srcset=\"https:\/\/www.lasrosas.com.ar\/portal\/wp-content\/uploads\/\/Copia-de-JFN_8043-1920x1280.jpeg 1920w, https:\/\/www.lasrosas.com.ar\/portal\/wp-content\/uploads\/\/Copia-de-JFN_8043-960x640.jpeg 960w, https:\/\/www.lasrosas.com.ar\/portal\/wp-content\/uploads\/\/Copia-de-JFN_8043-1536x1024.jpeg 1536w, https:\/\/www.lasrosas.com.ar\/portal\/wp-content\/uploads\/\/Copia-de-JFN_8043.jpeg 2048w\" data-sizes=\"(max-width: 1920px) 100vw, 1920px\" src=\"data:image\/svg+xml;base64,PHN2ZyB3aWR0aD0iMSIgaGVpZ2h0PSIxIiB4bWxucz0iaHR0cDovL3d3dy53My5vcmcvMjAwMC9zdmciPjwvc3ZnPg==\" style=\"--smush-placeholder-width: 1920px; --smush-placeholder-aspect-ratio: 1920\/1280;\" \/><\/figure>\n\n\n\n<p><strong>SOBRE MARIA BECERRA<\/strong><\/p>\n\n\n\n<p><strong>Maria Becerra cuenta con m\u00e1s de 24 millones de oyentes mensuales en Spotify,&nbsp; en su canal oficial de Youtube m\u00e1s de 5 millones de suscriptores, y m\u00e1s de 12 mil millones de visitas entre todos sus videoclips.&nbsp;<\/strong><\/p>\n\n\n\n<p>Este 2024 la artista se present\u00f3 en la <strong>celebraci\u00f3n de a\u00f1o nuevo<\/strong> organizada por Univisi\u00f3n <strong>en el Times Square<\/strong>, en la que actu\u00f3 delante de m\u00e1s de 50 mil personas. Fue parte del Line up del Festival de M\u00fasica Latina Calibash en Los \u00c1ngeles &#8211; California con 20 mil personas. Durante el mes de febrero, Maria sac\u00f3 dos colaboraciones: una con el rapero franco congole\u00f1o Gims y otra con el sevillano C\u00e9ro. Fue convocada como jurado en el Festival de Vi\u00f1a del Mar y se present\u00f3 como show de cierre del evento m\u00e1s importante de habla hispana. En marzo finalmente sali\u00f3 su esperada canci\u00f3n<strong> \u201cPrimer Aviso\u201d<\/strong>&nbsp; junto&nbsp; a <strong>Ivy Queen<\/strong>, que le abri\u00f3 definitivamente las puertas en pa\u00edses como Puerto Rico y los oyentes de US.&nbsp;<\/p>\n\n\n\n<p>El 22 y 23 de marzo Maria escribi\u00f3 un nuevo cap\u00edtulo en la historia de la m\u00fasica Argentina, siendo la primera artista mujer en presentarse en el m\u00edtico estadio River Plate con su #TOUR24 ante m\u00e1s de 130 mil personas. Con 2 sold out vendidos en tiempo r\u00e9cord, la cantautora present\u00f3 un show de dos horas, con siete cambios de vestuario, una crew ampliada de bailarines, 5 coristas, su banda m\u00e1s un terceto de cuerdas y una puesta en escena con m\u00e1s de 100 mts de pantallas, animaciones 3D y un ascensor que la elevaba para que la vean hasta en el \u00faltimo rinc\u00f3n del estadio.<\/p>\n\n\n\n<p>En abril, Maria se present\u00f3 en la final de la <strong>Queens &amp; Kings League <\/strong>en Madrid, donde interpret\u00f3 su single \u00abCoraz\u00f3n Vac\u00edo\u00bb y comparti\u00f3 en exclusiva dos de sus pr\u00f3ximos lanzamientos: \u00abIm\u00e1n\u00bb, un sencillo que formar\u00e1 parte de su pr\u00f3ximo \u00e1lbum, y su participaci\u00f3n en el remix de \u00abSpicy Margarita\u00bb junto a Michael Bubl\u00e9 y Jason Derulo. Adem\u00e1s, viaj\u00f3 a Los \u00c1ngeles para debutar en el escenario del <strong>Festival Coachella<\/strong>, siendo invitada por J Balvin para interpretar su exitosa canci\u00f3n \u00abQu\u00e9 M\u00e1s Pues?\u00bb.<\/p>\n\n\n\n<p>En mayo lanz\u00f3<strong> \u00abIm\u00e1n\u00bb<\/strong>, un adelanto de su pr\u00f3ximo \u00e1lbum que se presenta como una declaraci\u00f3n pop, impregnada de la influencia distintiva de Estocolmo, donde nacieron infinidad de Pop hits de la mano de Max Martin y Denniz Pop. La canci\u00f3n se grab\u00f3 en MXM Studios junto a Richard Liohn y Xross (productor ecuatoriano del team de Maria). El resultado es un sonido que fusiona la cultura pop europea con el magnetismo \u00fanico de la artista.&nbsp;<\/p>\n\n\n\n<p>El 2023 ya se presentaba al mundo cuando lanz\u00f3 <strong>\u201cTE CURA\u201d<\/strong>, compuesta exclusivamente para FAST X (d\u00e9cima entrega de la saga Fast and Furious). En junio, <strong>\u201cCoraz\u00f3n Vac\u00edo\u201d<\/strong> se convirti\u00f3 en un \u00e9xito que dej\u00f3 en evidencia la versatilidad art\u00edstica de Maria y su capacidad para establecer conexiones emocionales con sus seguidores a trav\u00e9s de la m\u00fasica. La canci\u00f3n acumul\u00f3 m\u00e1s de<em> 450 millones <\/em>de streams combinados. En noviembre fue galardonada en <strong>LOS40<\/strong> <strong>Music Awards 2023<\/strong> realizados en Madrid, con el premio a \u00ab<strong>Mejor Videoclip Global Latino<\/strong>\u00bb por \u00ab<strong>Coraz\u00f3n Vac\u00edo<\/strong>\u00ab. Durante la ceremonia, <strong>Maria<\/strong> cautiv\u00f3 a la audiencia con un medley que incluy\u00f3 \u00ab<strong>Coraz\u00f3n Vac\u00edo,<\/strong>\u00bb \u00ab<strong>Los Del Espacio,<\/strong>\u00bb y un adelanto de \u00ab<strong>Piscina<\/strong>\u00ab. Obtuvo 4 nominaciones <strong>a la 24\u00aa edici\u00f3n de los Latin Grammy \u00ae 2023 en las categor\u00edas<\/strong>: <strong>\u201cMejor Interpretaci\u00f3n Reggaeton\u201d y \u201cMejor Canci\u00f3n Urbana\u201d por su \u00e9xito \u201cAutom\u00e1tico\u201d<\/strong>, <strong>Mejor Fusi\u00f3n\/Interpretaci\u00f3n Urbana\u201d con \u201cOjal\u00e1\u201d<\/strong> y <strong>\u201cCanci\u00f3n del a\u00f1o\u201d<\/strong> por su colaboraci\u00f3n con <strong>Pablo Albor\u00e1n, <\/strong>en la canci\u00f3n<strong> \u201cAmigos\u00a8. <\/strong>La ceremonia cont\u00f3 adem\u00e1s con la presentaci\u00f3n de ambos artistas que tocaron el tema en vivo m\u00e1s una versi\u00f3n orquestal del tema solista de Maria, <strong>\u201cOjal\u00e1\u201d<\/strong>.&nbsp;<\/p>\n\n\n\n<p>El 2022 lanza el \u00e1lbum <strong>\u201cLA NENA DE ARGENTINA\u201d <\/strong>que cuenta con 13 canciones solistas. \u201cAUTOM\u00c1TICO\u201d, uno de los temas m\u00e1s exitosos, acumula <em>380 millones de reproducciones <\/em>entre Spotify y el v\u00eddeo oficial. Mientras que el \u00e1lbum ha superado los <em>1910 MILLONES <\/em>de streams combinados entre Spotify y Youtube. A lo largo del a\u00f1o recibi\u00f3 varios premios y reconocimientos que impulsaron su carrera.&nbsp; En los <strong>LOS40<\/strong> <strong>Music Awards 2022<\/strong>, fue galardonada como <strong>Mejor Artista en Directo<\/strong>. Obtuvo el premio en la categor\u00eda <strong>Mix Tropical en los Premios Juventud <\/strong>por su canci\u00f3n <strong>\u00abTe espero\u00bb <\/strong>junto a Prince Royce. Mientras que en los <strong>Premios Lo Nuestro 2022<\/strong>, se qued\u00f3 con la estatuilla por su exitoso tema <strong>\u00ab\u00bfQu\u00e9 m\u00e1s pues?\u00bb<\/strong>. Brill\u00f3 en los <strong>Premios Tu M\u00fasica Urbano 2022<\/strong>, donde se llev\u00f3 tres estatuillas:<strong> Top Rising Star Femenino, Canci\u00f3n del A\u00f1o por \u00ab\u00bfQu\u00e9 m\u00e1s pues?\u00bb <\/strong>junto al cantante J Balvin<strong>, y Video del A\u00f1o nuevo artista por el remix de \u00abEntre Nosotros\u00bb<\/strong>. Mientras que en los<strong> Latin American Music Awards <\/strong>se consagr\u00f3 como el <strong>Mejor Nuevo Artista del A\u00f1o<\/strong>. Por \u00faltimo, en los<strong> Premios Gardel 2022<\/strong>, fue reconocida con dos premios por su colaboraci\u00f3n en la canci\u00f3n <strong>\u00abMi\u00e9nteme\u00bb<\/strong> junto a Tini.<\/p>\n<!-- AddThis Advanced Settings generic via filter on the_content --><!-- AddThis Share Buttons generic via filter on the_content -->","protected":false},"excerpt":{"rendered":"<p>Estados Unidos, M\u00e9xico, Paraguay, Per\u00fa, El Salvador, Argentina, Chile ser\u00e1n los pa\u00edses que recibir\u00e1n a la artista en su primera gira mundial. Luego cruzar\u00e1 el charco para tocar en Italia, Espa\u00f1a, Portugal y completar el recorrido de m\u00e1s de 50 pa\u00edses que conocer\u00e1n la magia de La Nena de Argentina. Maria Becerra anuncia oficialmente su [&hellip;]<!-- AddThis Advanced Settings generic via filter on get_the_excerpt --><!-- AddThis Share Buttons generic via filter on get_the_excerpt --><\/p>\n","protected":false},"author":6,"featured_media":78363,"comment_status":"closed","ping_status":"open","sticky":false,"template":"","format":"standard","meta":{"_acf_changed":false,"om_disable_all_campaigns":false,"_monsterinsights_skip_tracking":false,"_monsterinsights_sitenote_active":false,"_monsterinsights_sitenote_note":"","_monsterinsights_sitenote_category":0,"_uf_show_specific_survey":0,"_uf_disable_surveys":false,"footnotes":""},"categories":[100],"tags":[510,621,444],"class_list":["post-78359","post","type-post","status-publish","format-standard","has-post-thumbnail","hentry","category-noticias","tag-concierto","tag-maria","tag-musica-2"],"acf":[],"aioseo_notices":[],"_links":{"self":[{"href":"https:\/\/www.lasrosas.com.ar\/portal\/wp-json\/wp\/v2\/posts\/78359","targetHints":{"allow":["GET"]}}],"collection":[{"href":"https:\/\/www.lasrosas.com.ar\/portal\/wp-json\/wp\/v2\/posts"}],"about":[{"href":"https:\/\/www.lasrosas.com.ar\/portal\/wp-json\/wp\/v2\/types\/post"}],"author":[{"embeddable":true,"href":"https:\/\/www.lasrosas.com.ar\/portal\/wp-json\/wp\/v2\/users\/6"}],"replies":[{"embeddable":true,"href":"https:\/\/www.lasrosas.com.ar\/portal\/wp-json\/wp\/v2\/comments?post=78359"}],"version-history":[{"count":1,"href":"https:\/\/www.lasrosas.com.ar\/portal\/wp-json\/wp\/v2\/posts\/78359\/revisions"}],"predecessor-version":[{"id":78364,"href":"https:\/\/www.lasrosas.com.ar\/portal\/wp-json\/wp\/v2\/posts\/78359\/revisions\/78364"}],"wp:featuredmedia":[{"embeddable":true,"href":"https:\/\/www.lasrosas.com.ar\/portal\/wp-json\/wp\/v2\/media\/78363"}],"wp:attachment":[{"href":"https:\/\/www.lasrosas.com.ar\/portal\/wp-json\/wp\/v2\/media?parent=78359"}],"wp:term":[{"taxonomy":"category","embeddable":true,"href":"https:\/\/www.lasrosas.com.ar\/portal\/wp-json\/wp\/v2\/categories?post=78359"},{"taxonomy":"post_tag","embeddable":true,"href":"https:\/\/www.lasrosas.com.ar\/portal\/wp-json\/wp\/v2\/tags?post=78359"}],"curies":[{"name":"wp","href":"https:\/\/api.w.org\/{rel}","templated":true}]}}