{"id":78303,"date":"2024-05-31T12:34:27","date_gmt":"2024-05-31T15:34:27","guid":{"rendered":"https:\/\/www.lasrosas.com.ar\/portal\/?p=78303"},"modified":"2024-05-31T12:34:31","modified_gmt":"2024-05-31T15:34:31","slug":"emilia-attias-en-bace","status":"publish","type":"post","link":"https:\/\/www.lasrosas.com.ar\/portal\/emilia-attias-en-bace\/","title":{"rendered":"EMILIA ATTIAS EN BACE"},"content":{"rendered":"\n<p>En el d\u00eda de hoy, la reconocida actriz y modelo&nbsp;<strong>Emilia Attias<\/strong>&nbsp;visit\u00f3&nbsp;<strong>BACE<\/strong>, el centro de est\u00e9tica de la Doctora Priscila Dzigciot, con m\u00e1s de 25 a\u00f1os de trayectoria. Durante su visita, Emilia coment\u00f3: \u00abElijo BACE desde hace m\u00e1s de 10 a\u00f1os. Priscila me acompa\u00f1a en cada momento importante de mi vida, mi carrera, el postparto y hoy con tratamientos de prevenci\u00f3n. Recuerdo venir con mi nena de chiquita que correteaba mientras las chicas me atend\u00edan\u00bb.<\/p>\n\n\n\n<p>\u00abPara m\u00ed, BACE es un espacio en el que me siento contenida y siempre me brindan la mejor atenci\u00f3n con tratamientos sin dolor\u00bb, a\u00f1adi\u00f3 Emilia.<\/p>\n\n\n\n<p>BACE, conocido por su enfoque personalizado y tecnolog\u00eda de vanguardia, recibe a numerosas celebrities que conf\u00edan en el espacio, siempre buscando lo mejor en cuidado personal y bienestar.<\/p>\n\n\n\n<p>La presencia de Emilia en BACE reafirma la excelencia y calidad que caracteriza a este prestigioso centro de est\u00e9tica.<\/p>\n\n\n\n<figure class=\"wp-block-gallery has-nested-images columns-default is-cropped wp-block-gallery-1 is-layout-flex wp-block-gallery-is-layout-flex\">\n<figure class=\"wp-block-image size-large\"><img decoding=\"async\" width=\"1281\" height=\"1920\" data-id=\"78304\" data-src=\"https:\/\/www.lasrosas.com.ar\/portal\/wp-content\/uploads\/SANT6794-1-1-min-1281x1920.jpg\" alt=\"\" class=\"wp-image-78304 lazyload\" data-srcset=\"https:\/\/www.lasrosas.com.ar\/portal\/wp-content\/uploads\/\/SANT6794-1-1-min-1281x1920.jpg 1281w, https:\/\/www.lasrosas.com.ar\/portal\/wp-content\/uploads\/\/SANT6794-1-1-min-640x960.jpg 640w, https:\/\/www.lasrosas.com.ar\/portal\/wp-content\/uploads\/\/SANT6794-1-1-min-1025x1536.jpg 1025w, https:\/\/www.lasrosas.com.ar\/portal\/wp-content\/uploads\/\/SANT6794-1-1-min-scaled.jpg 1366w\" data-sizes=\"(max-width: 1281px) 100vw, 1281px\" src=\"data:image\/svg+xml;base64,PHN2ZyB3aWR0aD0iMSIgaGVpZ2h0PSIxIiB4bWxucz0iaHR0cDovL3d3dy53My5vcmcvMjAwMC9zdmciPjwvc3ZnPg==\" style=\"--smush-placeholder-width: 1281px; --smush-placeholder-aspect-ratio: 1281\/1920;\" \/><\/figure>\n\n\n\n<figure class=\"wp-block-image size-large\"><img decoding=\"async\" width=\"1281\" height=\"1920\" data-id=\"78305\" data-src=\"https:\/\/www.lasrosas.com.ar\/portal\/wp-content\/uploads\/SANT6812-1-1-min-1281x1920.jpg\" alt=\"\" class=\"wp-image-78305 lazyload\" data-srcset=\"https:\/\/www.lasrosas.com.ar\/portal\/wp-content\/uploads\/\/SANT6812-1-1-min-1281x1920.jpg 1281w, https:\/\/www.lasrosas.com.ar\/portal\/wp-content\/uploads\/\/SANT6812-1-1-min-640x960.jpg 640w, https:\/\/www.lasrosas.com.ar\/portal\/wp-content\/uploads\/\/SANT6812-1-1-min-1025x1536.jpg 1025w, https:\/\/www.lasrosas.com.ar\/portal\/wp-content\/uploads\/\/SANT6812-1-1-min-scaled.jpg 1366w\" data-sizes=\"(max-width: 1281px) 100vw, 1281px\" src=\"data:image\/svg+xml;base64,PHN2ZyB3aWR0aD0iMSIgaGVpZ2h0PSIxIiB4bWxucz0iaHR0cDovL3d3dy53My5vcmcvMjAwMC9zdmciPjwvc3ZnPg==\" style=\"--smush-placeholder-width: 1281px; --smush-placeholder-aspect-ratio: 1281\/1920;\" \/><\/figure>\n<\/figure>\n<!-- AddThis Advanced Settings generic via filter on the_content --><!-- AddThis Share Buttons generic via filter on the_content -->","protected":false},"excerpt":{"rendered":"<p>En el d\u00eda de hoy, la reconocida actriz y modelo&nbsp;Emilia Attias&nbsp;visit\u00f3&nbsp;BACE, el centro de est\u00e9tica de la Doctora Priscila Dzigciot, con m\u00e1s de 25 a\u00f1os de trayectoria. Durante su visita, Emilia coment\u00f3: \u00abElijo BACE desde hace m\u00e1s de 10 a\u00f1os. Priscila me acompa\u00f1a en cada momento importante de mi vida, mi carrera, el postparto y [&hellip;]<!-- AddThis Advanced Settings generic via filter on get_the_excerpt --><!-- AddThis Share Buttons generic via filter on get_the_excerpt --><\/p>\n","protected":false},"author":6,"featured_media":78306,"comment_status":"closed","ping_status":"open","sticky":false,"template":"","format":"standard","meta":{"_acf_changed":false,"om_disable_all_campaigns":false,"_monsterinsights_skip_tracking":false,"_monsterinsights_sitenote_active":false,"_monsterinsights_sitenote_note":"","_monsterinsights_sitenote_category":0,"_uf_show_specific_survey":0,"_uf_disable_surveys":false,"footnotes":""},"categories":[100],"tags":[295,492,613,612],"class_list":["post-78303","post","type-post","status-publish","format-standard","has-post-thumbnail","hentry","category-noticias","tag-belleza","tag-clinica","tag-emilia","tag-tratamiento"],"acf":[],"aioseo_notices":[],"_links":{"self":[{"href":"https:\/\/www.lasrosas.com.ar\/portal\/wp-json\/wp\/v2\/posts\/78303","targetHints":{"allow":["GET"]}}],"collection":[{"href":"https:\/\/www.lasrosas.com.ar\/portal\/wp-json\/wp\/v2\/posts"}],"about":[{"href":"https:\/\/www.lasrosas.com.ar\/portal\/wp-json\/wp\/v2\/types\/post"}],"author":[{"embeddable":true,"href":"https:\/\/www.lasrosas.com.ar\/portal\/wp-json\/wp\/v2\/users\/6"}],"replies":[{"embeddable":true,"href":"https:\/\/www.lasrosas.com.ar\/portal\/wp-json\/wp\/v2\/comments?post=78303"}],"version-history":[{"count":1,"href":"https:\/\/www.lasrosas.com.ar\/portal\/wp-json\/wp\/v2\/posts\/78303\/revisions"}],"predecessor-version":[{"id":78307,"href":"https:\/\/www.lasrosas.com.ar\/portal\/wp-json\/wp\/v2\/posts\/78303\/revisions\/78307"}],"wp:featuredmedia":[{"embeddable":true,"href":"https:\/\/www.lasrosas.com.ar\/portal\/wp-json\/wp\/v2\/media\/78306"}],"wp:attachment":[{"href":"https:\/\/www.lasrosas.com.ar\/portal\/wp-json\/wp\/v2\/media?parent=78303"}],"wp:term":[{"taxonomy":"category","embeddable":true,"href":"https:\/\/www.lasrosas.com.ar\/portal\/wp-json\/wp\/v2\/categories?post=78303"},{"taxonomy":"post_tag","embeddable":true,"href":"https:\/\/www.lasrosas.com.ar\/portal\/wp-json\/wp\/v2\/tags?post=78303"}],"curies":[{"name":"wp","href":"https:\/\/api.w.org\/{rel}","templated":true}]}}