{"id":78300,"date":"2024-05-31T12:16:24","date_gmt":"2024-05-31T15:16:24","guid":{"rendered":"https:\/\/www.lasrosas.com.ar\/portal\/?p=78300"},"modified":"2024-05-31T12:16:27","modified_gmt":"2024-05-31T15:16:27","slug":"colorcuidado-crece-la-preferencia-por-productos-de-belleza-con-mas-de-una-funcion","status":"publish","type":"post","link":"https:\/\/www.lasrosas.com.ar\/portal\/colorcuidado-crece-la-preferencia-por-productos-de-belleza-con-mas-de-una-funcion\/","title":{"rendered":"COLOR+CUIDADO: CRECE LA PREFERENCIA POR PRODUCTOS DE BELLEZA CON M\u00c1S DE UNA FUNCI\u00d3N"},"content":{"rendered":"\n<p>La rutinas de belleza y maquillaje tienden a simplificarse, con propuestas que atienden m\u00e1s de una necesidad. El nuevo labial de Avon con un centro de \u00e1cido hialur\u00f3nica trae al frente la tendencia que crece entre los consumidores.<\/p>\n\n\n\n<p>Seg\u00fan el informe \u00abFuture of Beauty\u00bb realizado por GENTEDEMENTE para Avon, la crisis econ\u00f3mica provoc\u00f3 que las personas se inclinen cada vez m\u00e1s por comprar productos de belleza que cumplan m\u00e1s de una funci\u00f3n. Un dato que relev\u00f3 entrevistando a 7.000 mujeres de 3 continentes en 7 pa\u00edses. En b\u00fasqueda de satisfacer esta demanda, se incorporan cada vez m\u00e1s las formulas de los productos de maquillaje ingredientes que cuidan, protegen e hidratan la piel, que si bien no reemplazan la rutina de piel en s\u00ed misma, sirven como complemento. Lo que no implica solamente un ahorro para el bolsillo sino que tambi\u00e9n se logran beneficios para la piel a la vez que se maquillan.<br><br>Los productos que Avon design\u00f3 como \u00abColor + Cuidado\u00bb, prolongan los efectos de los productos de cuidado, pero a se vez permiten a los consumidores que logren con menos productos, los mismos acabados. Es por este motivo que desde Avon, la innovaci\u00f3n en el mundo de la belleza se realiza con una perspectiva inclusiva, impulsando el acceso a productos de alta calidad para todos y todas. <br><br>En l\u00ednea con este prop\u00f3sito, la marca lanz\u00f3 el <strong>primer labial con un centro de \u00e1cido hialur\u00f3nico<\/strong> , formulado tambi\u00e9n con glicerina, brindando as\u00ed, sensaci\u00f3n de hidrataci\u00f3n, suavidad y volumen al instante. Se trata de los labiales <strong>Hydratic Matte<\/strong> que combinan maquillaje con cuidado: est\u00e1n formulados con factor de protecci\u00f3n solar (FPS) y m\u00e1s de un 50% de ingredientes de cuidado de la piel que hidratan y protegen los labios.<br><br>\u00abLa democratizaci\u00f3n de la belleza es parte del prop\u00f3sito que desde Avon venimos impulsando hace m\u00e1s de 50 a\u00f1os en el pa\u00eds, y significa, entre otras cosas, la accesibilidad en t\u00e9rminos de precios, para que cada persona pueda expresar su belleza sea cual sea su realidad \u00bb asegur\u00f3 Alina L\u00f3pez Delgado, <strong>Head de Marketing de Avon Argentina<\/strong>. Adem\u00e1s, sum\u00f3 \u00abLas compa\u00f1\u00edas de belleza debemos alejarnos de los paradigmas de belleza excluyentes y escuchar las demanda de nuestros consumidores, ofreciendo productos de alta calidad y performance a un precio accesible\u00bb. <\/p>\n\n\n\n<blockquote class=\"wp-block-quote is-layout-flow wp-block-quote-is-layout-flow\">\n<p><\/p>\n<\/blockquote>\n\n\n\n<blockquote class=\"wp-block-quote is-layout-flow wp-block-quote-is-layout-flow\">\n<blockquote class=\"wp-block-quote is-layout-flow wp-block-quote-is-layout-flow\">\n<p><\/p>\n<\/blockquote>\n<\/blockquote>\n<!-- AddThis Advanced Settings generic via filter on the_content --><!-- AddThis Share Buttons generic via filter on the_content -->","protected":false},"excerpt":{"rendered":"<p>La rutinas de belleza y maquillaje tienden a simplificarse, con propuestas que atienden m\u00e1s de una necesidad. El nuevo labial de Avon con un centro de \u00e1cido hialur\u00f3nica trae al frente la tendencia que crece entre los consumidores. Seg\u00fan el informe \u00abFuture of Beauty\u00bb realizado por GENTEDEMENTE para Avon, la crisis econ\u00f3mica provoc\u00f3 que las [&hellip;]<!-- AddThis Advanced Settings generic via filter on get_the_excerpt --><!-- AddThis Share Buttons generic via filter on get_the_excerpt --><\/p>\n","protected":false},"author":6,"featured_media":78301,"comment_status":"closed","ping_status":"open","sticky":false,"template":"","format":"standard","meta":{"_acf_changed":false,"om_disable_all_campaigns":false,"_monsterinsights_skip_tracking":false,"_monsterinsights_sitenote_active":false,"_monsterinsights_sitenote_note":"","_monsterinsights_sitenote_category":0,"_uf_show_specific_survey":0,"_uf_disable_surveys":false,"footnotes":""},"categories":[100],"tags":[609,295,610,611],"class_list":["post-78300","post","type-post","status-publish","format-standard","has-post-thumbnail","hentry","category-noticias","tag-avon","tag-belleza","tag-labial","tag-matte"],"acf":[],"aioseo_notices":[],"_links":{"self":[{"href":"https:\/\/www.lasrosas.com.ar\/portal\/wp-json\/wp\/v2\/posts\/78300","targetHints":{"allow":["GET"]}}],"collection":[{"href":"https:\/\/www.lasrosas.com.ar\/portal\/wp-json\/wp\/v2\/posts"}],"about":[{"href":"https:\/\/www.lasrosas.com.ar\/portal\/wp-json\/wp\/v2\/types\/post"}],"author":[{"embeddable":true,"href":"https:\/\/www.lasrosas.com.ar\/portal\/wp-json\/wp\/v2\/users\/6"}],"replies":[{"embeddable":true,"href":"https:\/\/www.lasrosas.com.ar\/portal\/wp-json\/wp\/v2\/comments?post=78300"}],"version-history":[{"count":1,"href":"https:\/\/www.lasrosas.com.ar\/portal\/wp-json\/wp\/v2\/posts\/78300\/revisions"}],"predecessor-version":[{"id":78302,"href":"https:\/\/www.lasrosas.com.ar\/portal\/wp-json\/wp\/v2\/posts\/78300\/revisions\/78302"}],"wp:featuredmedia":[{"embeddable":true,"href":"https:\/\/www.lasrosas.com.ar\/portal\/wp-json\/wp\/v2\/media\/78301"}],"wp:attachment":[{"href":"https:\/\/www.lasrosas.com.ar\/portal\/wp-json\/wp\/v2\/media?parent=78300"}],"wp:term":[{"taxonomy":"category","embeddable":true,"href":"https:\/\/www.lasrosas.com.ar\/portal\/wp-json\/wp\/v2\/categories?post=78300"},{"taxonomy":"post_tag","embeddable":true,"href":"https:\/\/www.lasrosas.com.ar\/portal\/wp-json\/wp\/v2\/tags?post=78300"}],"curies":[{"name":"wp","href":"https:\/\/api.w.org\/{rel}","templated":true}]}}