{"id":78256,"date":"2024-05-29T11:09:42","date_gmt":"2024-05-29T14:09:42","guid":{"rendered":"https:\/\/www.lasrosas.com.ar\/portal\/?p=78256"},"modified":"2024-05-29T11:10:29","modified_gmt":"2024-05-29T14:10:29","slug":"llega-el-estreno-de-prima-facie-protagonizada-por-julieta-zylberberg","status":"publish","type":"post","link":"https:\/\/www.lasrosas.com.ar\/portal\/llega-el-estreno-de-prima-facie-protagonizada-por-julieta-zylberberg\/","title":{"rendered":"LLEGA EL ESTRENO DE PRIMA FACIE, PROTAGONIZADA POR JULIETA ZYLBERBERG"},"content":{"rendered":"\n<p>El 24 de junio a las 20:15h estrena una nueva gran apuesta en el Multiteatro Comafi.&nbsp;<\/p>\n\n\n\n<p>Despu\u00e9s de agotar entradas en Londres y Madrid, llega a Buenos Aires <em>Prima Facie<\/em>, protagonizada por Julieta Zylbelberg bajo la direcci\u00f3n de Andrea Garrote.&nbsp;<\/p>\n\n\n\n<p>Un espect\u00e1culo arriesgado y perturbador que nos obliga a cuestionar todos nuestros paradigmas y a replantearnos c\u00f3mo funcionan las cosas si cambiamos el punto de vista.<\/p>\n\n\n\n<p>Escuchar al testigo. Esperar. Disparar las preguntas. Ganar. Una joven abogada construye su exitosa carrera como defensora de acusados de delitos sexuales. Conoce a la perfecci\u00f3n cada una de las reglas del juego judicial. Disfruta cada una de las absoluciones que consigue. Sabe que en su trabajo no hay nada personal: no es m\u00e1s que un engranaje necesario para que el sistema funcione.&nbsp;<\/p>\n\n\n\n<p>Todo eso est\u00e1 a punto de cambiar.&nbsp;<\/p>\n\n\n\n<p><em>Prima Facie<\/em> llega para poner a prueba nuestras creencias y cuestionar el modo en que miramos y escuchamos a las v\u00edctimas de violencia de g\u00e9nero.&nbsp;<\/p>\n\n\n\n<p>Las entradas est\u00e1n a la venta a trav\u00e9s de Plateanet y en la boleter\u00eda del teatro.&nbsp;<\/p>\n\n\n\n<figure class=\"wp-block-image size-full\"><img decoding=\"async\" width=\"452\" height=\"460\" data-src=\"https:\/\/www.lasrosas.com.ar\/portal\/wp-content\/uploads\/unnamed-20-3.jpg\" alt=\"\" class=\"wp-image-78258 lazyload\" src=\"data:image\/svg+xml;base64,PHN2ZyB3aWR0aD0iMSIgaGVpZ2h0PSIxIiB4bWxucz0iaHR0cDovL3d3dy53My5vcmcvMjAwMC9zdmciPjwvc3ZnPg==\" style=\"--smush-placeholder-width: 452px; --smush-placeholder-aspect-ratio: 452\/460;\" \/><\/figure>\n\n\n\n<p><br><strong>Ficha t\u00e9cnica<\/strong><\/p>\n\n\n\n<p><strong>Autor: Suzie Miller<\/strong><\/p>\n\n\n\n<p><strong>Actriz: Julieta Zylbelberg&nbsp;<\/strong><\/p>\n\n\n\n<p><strong>Direcci\u00f3n y adaptaci\u00f3n: Andrea Garrote<\/strong><\/p>\n\n\n\n<p><strong>Asistente de direcci\u00f3n: Luna P\u00e9rez Lening<\/strong><\/p>\n\n\n\n<p><strong>Dise\u00f1o de escenograf\u00eda e iluminaci\u00f3n: Santiago Badillo<\/strong><\/p>\n\n\n\n<p><strong>Realizaci\u00f3n y pintura de tel\u00f3n: Mar\u00eda Oswald, Mariana Marziali, Fernanda Salinas y Andrea Desojo<\/strong><\/p>\n\n\n\n<p><strong>Dise\u00f1o de vestuario: Betiana Temkin<\/strong><\/p>\n\n\n\n<p><strong>Asistente de vestuario: Maite Mallaviabarrena<\/strong><\/p>\n\n\n\n<p><strong>M\u00fasica original y dise\u00f1o sonoro: Ian Shifres<\/strong><\/p>\n\n\n\n<p><strong>Animaci\u00f3n: Marcos de Cousandier<\/strong><\/p>\n\n\n\n<p><strong>Dise\u00f1o gr\u00e1fico: Mart\u00edn Gorricho<\/strong><\/p>\n\n\n\n<p><strong>Fotograf\u00eda: Nacho Lunadei<\/strong><\/p>\n\n\n\n<p><strong>Comunicaci\u00f3n: Pablo Scioscia<\/strong><\/p>\n\n\n\n<p><strong>Prensa: Soy Prensa<\/strong><\/p>\n\n\n\n<p><strong>Producci\u00f3n ejecutiva: Roc\u00edo G\u00f3mez Cantero<\/strong><\/p>\n\n\n\n<p><strong>Producci\u00f3n general: Valentina Berger, Sebasti\u00e1n Blutrach y Tomas Rottemberg<\/strong><\/p>\n\n\n\n<p><strong>Estreno: 25 de Junio 2024<\/strong><\/p>\n\n\n\n<figure class=\"wp-block-image size-full\"><img decoding=\"async\" width=\"516\" height=\"395\" data-src=\"https:\/\/www.lasrosas.com.ar\/portal\/wp-content\/uploads\/unnamed-21-3.jpg\" alt=\"\" class=\"wp-image-78259 lazyload\" src=\"data:image\/svg+xml;base64,PHN2ZyB3aWR0aD0iMSIgaGVpZ2h0PSIxIiB4bWxucz0iaHR0cDovL3d3dy53My5vcmcvMjAwMC9zdmciPjwvc3ZnPg==\" style=\"--smush-placeholder-width: 516px; --smush-placeholder-aspect-ratio: 516\/395;\" \/><\/figure>\n<!-- AddThis Advanced Settings generic via filter on the_content --><!-- AddThis Share Buttons generic via filter on the_content -->","protected":false},"excerpt":{"rendered":"<p>El 24 de junio a las 20:15h estrena una nueva gran apuesta en el Multiteatro Comafi.&nbsp; Despu\u00e9s de agotar entradas en Londres y Madrid, llega a Buenos Aires Prima Facie, protagonizada por Julieta Zylbelberg bajo la direcci\u00f3n de Andrea Garrote.&nbsp; Un espect\u00e1culo arriesgado y perturbador que nos obliga a cuestionar todos nuestros paradigmas y a [&hellip;]<!-- AddThis Advanced Settings generic via filter on get_the_excerpt --><!-- AddThis Share Buttons generic via filter on get_the_excerpt --><\/p>\n","protected":false},"author":6,"featured_media":78257,"comment_status":"closed","ping_status":"open","sticky":false,"template":"","format":"standard","meta":{"_acf_changed":false,"om_disable_all_campaigns":false,"_monsterinsights_skip_tracking":false,"_monsterinsights_sitenote_active":false,"_monsterinsights_sitenote_note":"","_monsterinsights_sitenote_category":0,"_uf_show_specific_survey":0,"_uf_disable_surveys":false,"footnotes":""},"categories":[100],"tags":[],"class_list":["post-78256","post","type-post","status-publish","format-standard","has-post-thumbnail","hentry","category-noticias"],"acf":[],"aioseo_notices":[],"_links":{"self":[{"href":"https:\/\/www.lasrosas.com.ar\/portal\/wp-json\/wp\/v2\/posts\/78256","targetHints":{"allow":["GET"]}}],"collection":[{"href":"https:\/\/www.lasrosas.com.ar\/portal\/wp-json\/wp\/v2\/posts"}],"about":[{"href":"https:\/\/www.lasrosas.com.ar\/portal\/wp-json\/wp\/v2\/types\/post"}],"author":[{"embeddable":true,"href":"https:\/\/www.lasrosas.com.ar\/portal\/wp-json\/wp\/v2\/users\/6"}],"replies":[{"embeddable":true,"href":"https:\/\/www.lasrosas.com.ar\/portal\/wp-json\/wp\/v2\/comments?post=78256"}],"version-history":[{"count":2,"href":"https:\/\/www.lasrosas.com.ar\/portal\/wp-json\/wp\/v2\/posts\/78256\/revisions"}],"predecessor-version":[{"id":78261,"href":"https:\/\/www.lasrosas.com.ar\/portal\/wp-json\/wp\/v2\/posts\/78256\/revisions\/78261"}],"wp:featuredmedia":[{"embeddable":true,"href":"https:\/\/www.lasrosas.com.ar\/portal\/wp-json\/wp\/v2\/media\/78257"}],"wp:attachment":[{"href":"https:\/\/www.lasrosas.com.ar\/portal\/wp-json\/wp\/v2\/media?parent=78256"}],"wp:term":[{"taxonomy":"category","embeddable":true,"href":"https:\/\/www.lasrosas.com.ar\/portal\/wp-json\/wp\/v2\/categories?post=78256"},{"taxonomy":"post_tag","embeddable":true,"href":"https:\/\/www.lasrosas.com.ar\/portal\/wp-json\/wp\/v2\/tags?post=78256"}],"curies":[{"name":"wp","href":"https:\/\/api.w.org\/{rel}","templated":true}]}}