{"id":78205,"date":"2024-05-25T11:56:05","date_gmt":"2024-05-25T14:56:05","guid":{"rendered":"https:\/\/www.lasrosas.com.ar\/portal\/?p=78205"},"modified":"2024-06-04T17:43:22","modified_gmt":"2024-06-04T20:43:22","slug":"fabiana-cantilo-y-silvestre-y-la-naranja-se-unen-en-una-explosiva-colaboracion-la-era-del-dragon","status":"publish","type":"post","link":"https:\/\/www.lasrosas.com.ar\/portal\/fabiana-cantilo-y-silvestre-y-la-naranja-se-unen-en-una-explosiva-colaboracion-la-era-del-dragon\/","title":{"rendered":"FABIANA CANTILO Y SILVESTRE Y LA NARANJA SE UNEN EN UNA EXPLOSIVA COLABORACI\u00d3N: \u00abLA ERA DEL DRAG\u00d3N\u00bb"},"content":{"rendered":"\n<p>En el eco de las melod\u00edas que surcan los corazones,<strong>&nbsp;Fabiana Cantilo<\/strong>, \u00edcono del rock argentino, se une al fulgor de la banda revelaci\u00f3n del pop rock latinoamericano,&nbsp;<strong>Silvestre y La Naranja<\/strong>. Juntos en su nuevo hit&nbsp;<strong><em><a href=\"https:\/\/open.spotify.com\/intl-es\/track\/0Vmb4M1Ianl3hxYOOwUUja?si=6a571088101c4875\" target=\"_blank\" rel=\"noreferrer noopener\"><u>\u00abLa Era del Drag\u00f3n\u00bb<\/u><\/a><\/em><\/strong>&nbsp;trazan un viaje sonoro que habla de una historia que conquista escenarios, agota tours y entradas, mientras que el universo musical y fans se rinden ante esta conjunci\u00f3n m\u00e1gica.<\/p>\n\n\n\n<p>Ahora el pasado se entrelaza con el presente en el precedente abrazo hist\u00f3rico de\u00a0<strong>Fabiana Cantilo<\/strong>\u00a0que se multiplic\u00f3 junto a\u00a0<strong>Silvestre y La Naranja<\/strong>\u00a0en la reinterpretaci\u00f3n de\u00a0<em><a href=\"https:\/\/www.instagram.com\/reel\/C5CJ21hu4_J\/?igsh=MWRuazQyazQ5Y3Vwcw==\" target=\"_blank\" rel=\"noreferrer noopener\"><u>\u00abDemoliendo Hoteles\u00bb<\/u><\/a><\/em>\u00a0de la leyenda Charly Garc\u00eda y gener\u00f3 una euforia entre los fans presentes. Un acto de homenaje y reinvenci\u00f3n, que reson\u00f3 en el sold out y debut de Silvestre y La Naranja en los cimientos del emblem\u00e1tico estadio\u00a0<strong>Obras Sanitarias,<\/strong>\u00a0donde\u00a0<strong>la\u00a0<em>memoria del rock argentino cobra nueva vida<\/em><\/strong>. Por otro lado,\u00a0<strong>Fabiana Cantilo<\/strong>\u00a0tambi\u00e9n viene arrasando los escenarios con tres\u00a0<strong>Gran Rex<\/strong>\u00a0y su reciente participaci\u00f3n en el Festival Confluencia. Pronto se la podr\u00e1 deleitar nuevamente en otra noche muy especial\u00a0<em>\u201cApocalipsis NO\u201d\u00a0<\/em>este 21 de junio en el m\u00edtico\u00a0<strong>Luna Park<\/strong>.<br><\/p>\n\n\n\n<figure class=\"wp-block-image size-large\"><img decoding=\"async\" width=\"1920\" height=\"1920\" data-src=\"https:\/\/www.lasrosas.com.ar\/portal\/wp-content\/uploads\/La-Era-Del-Dragon-1-1920x1920.jpg\" alt=\"\" class=\"wp-image-78207 lazyload\" data-srcset=\"https:\/\/www.lasrosas.com.ar\/portal\/wp-content\/uploads\/La-Era-Del-Dragon-1-1920x1920.jpg 1920w, https:\/\/www.lasrosas.com.ar\/portal\/wp-content\/uploads\/La-Era-Del-Dragon-1-960x960.jpg 960w, https:\/\/www.lasrosas.com.ar\/portal\/wp-content\/uploads\/La-Era-Del-Dragon-1-1536x1536.jpg 1536w, https:\/\/www.lasrosas.com.ar\/portal\/wp-content\/uploads\/La-Era-Del-Dragon-1-scaled.jpg 2048w\" data-sizes=\"(max-width: 1920px) 100vw, 1920px\" src=\"data:image\/svg+xml;base64,PHN2ZyB3aWR0aD0iMSIgaGVpZ2h0PSIxIiB4bWxucz0iaHR0cDovL3d3dy53My5vcmcvMjAwMC9zdmciPjwvc3ZnPg==\" style=\"--smush-placeholder-width: 1920px; --smush-placeholder-aspect-ratio: 1920\/1920;\" \/><\/figure>\n\n\n\n<p><br>El destino traza nuevos caminos en el firmamento sonoro. En enero del 2024, Fabiana envi\u00f3 la semilla de \u00ab<em>La Era del Drag\u00f3n<\/em>\u00bb a los integrantes de Silvestre y La Naranja, una melod\u00eda que despert\u00f3 instant\u00e1neamente la chispa creativa. Junto al talento del productor\u00a0Mateo Rodo, art\u00edfice del aclamado trabajo discogr\u00e1fico\u00a0<a href=\"https:\/\/open.spotify.com\/intl-es\/album\/0K7TuMwi1SkiZylSx8vXDf?si=Y4aE69e7SIK_Fp3JrHD9FQ\" target=\"_blank\" rel=\"noreferrer noopener\"><em><u>\u00abSue\u00f1o C\u00edtrico\u00bb<\/u><\/em><\/a>\u00a0(2023)-\u00a0<em>trabajo que conllev\u00f3 a una reciente\u00a0nominaci\u00f3n\u00a0a SyLN en los\u00a0Gardel 2024\u00a0como<\/em>\u00a0<em>\u00abMejor \u00c1lbum Pop Alternativo\u00bb<\/em>-, dan forma al concepto de la canci\u00f3n, fusionando la esencia del rock de los 90 con sonidos espaciales y psicod\u00e9licos.<\/p>\n\n\n\n<p>Desde el primer acorde guiado por la maqueta mel\u00f3dica, la canci\u00f3n se erige como un himno de liberaci\u00f3n, donde un personaje gal\u00e1ctico busca escapar de la realidad virtual, invitando a desatar las ataduras del mundo terrenal y digital. En las palabras que emergen,&nbsp;<em>\u00abTodo est\u00e1 al alcance de la imaginaci\u00f3n\u00bb<\/em>, se encuentra el mantra donde la&nbsp;mente, en su vuelo, alcanza lo insondable.<\/p>\n\n\n\n<p>En el \u00e9xtasis del estribillo, se revela la esencia de un\u00a0nuevo cap\u00edtulo en la historia del rock latinoamericano, donde la colaboraci\u00f3n se convierte en un puente que surge desde las bases de la canci\u00f3n hacia el vuelo imparable que ofrecen ambos proyectos.<br><br><\/p>\n<!-- AddThis Advanced Settings generic via filter on the_content --><!-- AddThis Share Buttons generic via filter on the_content -->","protected":false},"excerpt":{"rendered":"<p>En el eco de las melod\u00edas que surcan los corazones,&nbsp;Fabiana Cantilo, \u00edcono del rock argentino, se une al fulgor de la banda revelaci\u00f3n del pop rock latinoamericano,&nbsp;Silvestre y La Naranja. Juntos en su nuevo hit&nbsp;\u00abLa Era del Drag\u00f3n\u00bb&nbsp;trazan un viaje sonoro que habla de una historia que conquista escenarios, agota tours y entradas, mientras que [&hellip;]<!-- AddThis Advanced Settings generic via filter on get_the_excerpt --><!-- AddThis Share Buttons generic via filter on get_the_excerpt --><\/p>\n","protected":false},"author":6,"featured_media":78206,"comment_status":"closed","ping_status":"open","sticky":false,"template":"","format":"standard","meta":{"_acf_changed":false,"om_disable_all_campaigns":false,"_monsterinsights_skip_tracking":false,"_monsterinsights_sitenote_active":false,"_monsterinsights_sitenote_note":"","_monsterinsights_sitenote_category":0,"_uf_show_specific_survey":0,"_uf_disable_surveys":false,"footnotes":""},"categories":[100],"tags":[],"class_list":["post-78205","post","type-post","status-publish","format-standard","has-post-thumbnail","hentry","category-noticias"],"acf":[],"aioseo_notices":[],"_links":{"self":[{"href":"https:\/\/www.lasrosas.com.ar\/portal\/wp-json\/wp\/v2\/posts\/78205","targetHints":{"allow":["GET"]}}],"collection":[{"href":"https:\/\/www.lasrosas.com.ar\/portal\/wp-json\/wp\/v2\/posts"}],"about":[{"href":"https:\/\/www.lasrosas.com.ar\/portal\/wp-json\/wp\/v2\/types\/post"}],"author":[{"embeddable":true,"href":"https:\/\/www.lasrosas.com.ar\/portal\/wp-json\/wp\/v2\/users\/6"}],"replies":[{"embeddable":true,"href":"https:\/\/www.lasrosas.com.ar\/portal\/wp-json\/wp\/v2\/comments?post=78205"}],"version-history":[{"count":1,"href":"https:\/\/www.lasrosas.com.ar\/portal\/wp-json\/wp\/v2\/posts\/78205\/revisions"}],"predecessor-version":[{"id":78208,"href":"https:\/\/www.lasrosas.com.ar\/portal\/wp-json\/wp\/v2\/posts\/78205\/revisions\/78208"}],"wp:featuredmedia":[{"embeddable":true,"href":"https:\/\/www.lasrosas.com.ar\/portal\/wp-json\/wp\/v2\/media\/78206"}],"wp:attachment":[{"href":"https:\/\/www.lasrosas.com.ar\/portal\/wp-json\/wp\/v2\/media?parent=78205"}],"wp:term":[{"taxonomy":"category","embeddable":true,"href":"https:\/\/www.lasrosas.com.ar\/portal\/wp-json\/wp\/v2\/categories?post=78205"},{"taxonomy":"post_tag","embeddable":true,"href":"https:\/\/www.lasrosas.com.ar\/portal\/wp-json\/wp\/v2\/tags?post=78205"}],"curies":[{"name":"wp","href":"https:\/\/api.w.org\/{rel}","templated":true}]}}