{"id":78179,"date":"2024-05-24T13:59:58","date_gmt":"2024-05-24T16:59:58","guid":{"rendered":"https:\/\/www.lasrosas.com.ar\/portal\/?p=78179"},"modified":"2024-05-24T14:06:07","modified_gmt":"2024-05-24T17:06:07","slug":"tiago-pzk-lanza-mi-corazon-segundo-adelanto-de-su-nuevo-disco-que-se-estrenara-muy-pronto","status":"publish","type":"post","link":"https:\/\/www.lasrosas.com.ar\/portal\/tiago-pzk-lanza-mi-corazon-segundo-adelanto-de-su-nuevo-disco-que-se-estrenara-muy-pronto\/","title":{"rendered":"TIAGO PZK LANZA \u201cMI CORAZ\u00d3N\u201d SEGUNDO ADELANTO DE SU NUEVO DISCO QUE SE ESTRENAR\u00c1 MUY PRONTO"},"content":{"rendered":"\n<p><strong>Tiago PZK<\/strong> Presenta \u201cMi Coraz\u00f3n\u00bb el segundo y nuevo single de este 2024, que forma parte de su segundo \u00e1lbum de estudio que saldr\u00e1 este a\u00f1o.<\/p>\n\n\n\n<p>\u201cMi coraz\u00f3n\u201d es una canci\u00f3n de desamor, nostalgica, con mucha carga emocional. Producida por <strong>Leven Kali<\/strong>, <strong>Tatool<\/strong> y <strong>Sol Was<\/strong> que junto a Tiago, decidieron incorporar en la intro y outro una interpolaci\u00f3n con el reconocido single \u00abPara No Verte Mas\u00bb de la banda Argentina La Mosca Ts\u00e9-Ts\u00e9.<\/p>\n\n\n\n<p>El conmovedor v\u00eddeo de<strong> \u00abMi Coraz\u00f3n\u00bb<\/strong> fue dirigido por Facundo Ballve y producido por Anestesia.<\/p>\n\n\n\n<p>A poco m\u00e1s de tres meses del lanzamiento de \u201c<strong>Piel<\/strong>\u201d ft Ke Personajes, que fue el primer single adelanto del pr\u00f3ximo \u00e1lbum, \u201cPiel\u201d contin\u00faa en el <strong>Top 10 de Spotify Chart de Argentina<\/strong> y que tambi\u00e9n, lleg\u00f3 a ingresar al <strong>Spotify Chart Global<\/strong>.<\/p>\n\n\n\n<p>Con la llegada de este segundo \u00e1lbum que fue grabado entre Argentina, Espa\u00f1a, Miami, LA, Colombia y Estocolmo, Tiago PZK prev\u00e9 un gran tour mundial, que se anunciar\u00e1 pr\u00f3ximamente.<\/p>\n\n\n\n<p>Paralelamente se presentar\u00e1 en Circolo Magnolia (Italia) el 24 de julio, en el Festival Reggaeton Beach Festival (Espa\u00f1a) el 6, 7, 13, 14, 20, 21 y 27 de julio, en Baja Beach (Tijuana, M\u00e9xico) 11 de agosto y en Dale Mixx (Monterrey, M\u00e9xico) el 17 de agosto.<br><\/p>\n\n\n\n<figure class=\"wp-block-gallery has-nested-images columns-default is-cropped wp-block-gallery-1 is-layout-flex wp-block-gallery-is-layout-flex\">\n<figure class=\"wp-block-image size-large\"><img decoding=\"async\" width=\"1280\" height=\"1920\" data-id=\"78182\" data-src=\"https:\/\/www.lasrosas.com.ar\/portal\/wp-content\/uploads\/Foto-11-5-24-7-23-45\u202fp.-m-1280x1920.jpg\" alt=\"\" class=\"wp-image-78182 lazyload\" data-srcset=\"https:\/\/www.lasrosas.com.ar\/portal\/wp-content\/uploads\/\/Foto-11-5-24-7-23-45\u202fp.-m-1280x1920.jpg 1280w, https:\/\/www.lasrosas.com.ar\/portal\/wp-content\/uploads\/\/Foto-11-5-24-7-23-45\u202fp.-m-640x960.jpg 640w, https:\/\/www.lasrosas.com.ar\/portal\/wp-content\/uploads\/\/Foto-11-5-24-7-23-45\u202fp.-m-1024x1536.jpg 1024w, https:\/\/www.lasrosas.com.ar\/portal\/wp-content\/uploads\/\/Foto-11-5-24-7-23-45\u202fp.-m-scaled.jpg 1366w\" data-sizes=\"(max-width: 1280px) 100vw, 1280px\" src=\"data:image\/svg+xml;base64,PHN2ZyB3aWR0aD0iMSIgaGVpZ2h0PSIxIiB4bWxucz0iaHR0cDovL3d3dy53My5vcmcvMjAwMC9zdmciPjwvc3ZnPg==\" style=\"--smush-placeholder-width: 1280px; --smush-placeholder-aspect-ratio: 1280\/1920;\" \/><\/figure>\n\n\n\n<figure class=\"wp-block-image size-large\"><img decoding=\"async\" width=\"1280\" height=\"1920\" data-id=\"78183\" data-src=\"https:\/\/www.lasrosas.com.ar\/portal\/wp-content\/uploads\/Foto-11-5-24-7-23-45\u202fp.-m.-2-1280x1920.jpg\" alt=\"\" class=\"wp-image-78183 lazyload\" data-srcset=\"https:\/\/www.lasrosas.com.ar\/portal\/wp-content\/uploads\/\/Foto-11-5-24-7-23-45\u202fp.-m.-2-1280x1920.jpg 1280w, https:\/\/www.lasrosas.com.ar\/portal\/wp-content\/uploads\/\/Foto-11-5-24-7-23-45\u202fp.-m.-2-640x960.jpg 640w, https:\/\/www.lasrosas.com.ar\/portal\/wp-content\/uploads\/\/Foto-11-5-24-7-23-45\u202fp.-m.-2-1024x1536.jpg 1024w, https:\/\/www.lasrosas.com.ar\/portal\/wp-content\/uploads\/\/Foto-11-5-24-7-23-45\u202fp.-m.-2-scaled.jpg 1366w\" data-sizes=\"(max-width: 1280px) 100vw, 1280px\" src=\"data:image\/svg+xml;base64,PHN2ZyB3aWR0aD0iMSIgaGVpZ2h0PSIxIiB4bWxucz0iaHR0cDovL3d3dy53My5vcmcvMjAwMC9zdmciPjwvc3ZnPg==\" style=\"--smush-placeholder-width: 1280px; --smush-placeholder-aspect-ratio: 1280\/1920;\" \/><\/figure>\n\n\n\n<figure class=\"wp-block-image size-large\"><img decoding=\"async\" width=\"1281\" height=\"1920\" data-id=\"78181\" data-src=\"https:\/\/www.lasrosas.com.ar\/portal\/wp-content\/uploads\/Foto-11-5-24-6-46-10\u202fp.-m-1281x1920.jpg\" alt=\"\" class=\"wp-image-78181 lazyload\" data-srcset=\"https:\/\/www.lasrosas.com.ar\/portal\/wp-content\/uploads\/\/Foto-11-5-24-6-46-10\u202fp.-m-1281x1920.jpg 1281w, https:\/\/www.lasrosas.com.ar\/portal\/wp-content\/uploads\/\/Foto-11-5-24-6-46-10\u202fp.-m-640x960.jpg 640w, https:\/\/www.lasrosas.com.ar\/portal\/wp-content\/uploads\/\/Foto-11-5-24-6-46-10\u202fp.-m-1025x1536.jpg 1025w, https:\/\/www.lasrosas.com.ar\/portal\/wp-content\/uploads\/\/Foto-11-5-24-6-46-10\u202fp.-m.jpg 1366w\" data-sizes=\"(max-width: 1281px) 100vw, 1281px\" src=\"data:image\/svg+xml;base64,PHN2ZyB3aWR0aD0iMSIgaGVpZ2h0PSIxIiB4bWxucz0iaHR0cDovL3d3dy53My5vcmcvMjAwMC9zdmciPjwvc3ZnPg==\" style=\"--smush-placeholder-width: 1281px; --smush-placeholder-aspect-ratio: 1281\/1920;\" \/><\/figure>\n<\/figure>\n\n\n\n<p><br>El a\u00f1o pasado,<strong>Tiago PZK <\/strong>lanz\u00f3 su innovador \u00e1lbum <strong><em>Portales Deluxe<\/em><\/strong>, del que se desprendieron grandes \u00e9xitos como <strong>\u201cBemaste\u201d<\/strong>, <strong>\u201cMe Enter\u00e9\u201d<\/strong> y <strong>\u201cQue Se Parezca A T\u00ed\u201d<\/strong>, \u00e1lbum que se consagr\u00f3 en las listas de \u00e9xitos de Puerto Rico como el primero de un artista argentino y en M\u00e9xico como su primer n\u00famero 1 en las listas de m\u00fasica pop.<\/p>\n\n\n\n<p>Adem\u00e1s, en 2023, <strong>Tiago PZK<\/strong> alcanz\u00f3 un hito en su carrera al debutar en el prestigioso Festival de M\u00fasica SXSW, as\u00ed como en los venerables<strong> Premio Lo Nuestro<\/strong>, donde implement\u00f3 una presentaci\u00f3n deslumbrante con dos galardones. Tambi\u00e9n, obtuvo un par de reconocimientos en los afamados <strong>Premios Juventud<\/strong>, as\u00ed como un galard\u00f3n en la edici\u00f3n inaugural de los <strong>Premios Rolling Stones En Espa\u00f1ol<\/strong>, donde volvi\u00f3 a deleitar al p\u00fablico con su presentaci\u00f3n.&nbsp;<\/p>\n\n\n\n<p>El pr\u00f3ximo martes 28\/6 Tiago PZK actuar\u00e1 en vivo en los <strong>Premios Gardel<\/strong> en Argentina, donde adem\u00e1s est\u00e1 nominado en las categor\u00edas <em>mejor \u00e1lbum urbano<\/em> por Portales Deluxe y <em>canci\u00f3n del a\u00f1o, grabaci\u00f3n del a\u00f1o<\/em> y <em>mejor canci\u00f3n urbana<\/em> por \u201cLos del espacio\u201d&nbsp;<\/p>\n<!-- AddThis Advanced Settings generic via filter on the_content --><!-- AddThis Share Buttons generic via filter on the_content -->","protected":false},"excerpt":{"rendered":"<p>Tiago PZK Presenta \u201cMi Coraz\u00f3n\u00bb el segundo y nuevo single de este 2024, que forma parte de su segundo \u00e1lbum de estudio que saldr\u00e1 este a\u00f1o. \u201cMi coraz\u00f3n\u201d es una canci\u00f3n de desamor, nostalgica, con mucha carga emocional. Producida por Leven Kali, Tatool y Sol Was que junto a Tiago, decidieron incorporar en la intro [&hellip;]<!-- AddThis Advanced Settings generic via filter on get_the_excerpt --><!-- AddThis Share Buttons generic via filter on get_the_excerpt --><\/p>\n","protected":false},"author":6,"featured_media":78180,"comment_status":"closed","ping_status":"open","sticky":false,"template":"","format":"standard","meta":{"_acf_changed":false,"om_disable_all_campaigns":false,"_monsterinsights_skip_tracking":false,"_monsterinsights_sitenote_active":false,"_monsterinsights_sitenote_note":"","_monsterinsights_sitenote_category":0,"_uf_show_specific_survey":0,"_uf_disable_surveys":false,"footnotes":""},"categories":[100],"tags":[528,458,444,595],"class_list":["post-78179","post","type-post","status-publish","format-standard","has-post-thumbnail","hentry","category-noticias","tag-estreno","tag-lanzamiento","tag-musica-2","tag-tiago"],"acf":[],"aioseo_notices":[],"_links":{"self":[{"href":"https:\/\/www.lasrosas.com.ar\/portal\/wp-json\/wp\/v2\/posts\/78179","targetHints":{"allow":["GET"]}}],"collection":[{"href":"https:\/\/www.lasrosas.com.ar\/portal\/wp-json\/wp\/v2\/posts"}],"about":[{"href":"https:\/\/www.lasrosas.com.ar\/portal\/wp-json\/wp\/v2\/types\/post"}],"author":[{"embeddable":true,"href":"https:\/\/www.lasrosas.com.ar\/portal\/wp-json\/wp\/v2\/users\/6"}],"replies":[{"embeddable":true,"href":"https:\/\/www.lasrosas.com.ar\/portal\/wp-json\/wp\/v2\/comments?post=78179"}],"version-history":[{"count":2,"href":"https:\/\/www.lasrosas.com.ar\/portal\/wp-json\/wp\/v2\/posts\/78179\/revisions"}],"predecessor-version":[{"id":78185,"href":"https:\/\/www.lasrosas.com.ar\/portal\/wp-json\/wp\/v2\/posts\/78179\/revisions\/78185"}],"wp:featuredmedia":[{"embeddable":true,"href":"https:\/\/www.lasrosas.com.ar\/portal\/wp-json\/wp\/v2\/media\/78180"}],"wp:attachment":[{"href":"https:\/\/www.lasrosas.com.ar\/portal\/wp-json\/wp\/v2\/media?parent=78179"}],"wp:term":[{"taxonomy":"category","embeddable":true,"href":"https:\/\/www.lasrosas.com.ar\/portal\/wp-json\/wp\/v2\/categories?post=78179"},{"taxonomy":"post_tag","embeddable":true,"href":"https:\/\/www.lasrosas.com.ar\/portal\/wp-json\/wp\/v2\/tags?post=78179"}],"curies":[{"name":"wp","href":"https:\/\/api.w.org\/{rel}","templated":true}]}}