{"id":78125,"date":"2024-05-23T12:13:01","date_gmt":"2024-05-23T15:13:01","guid":{"rendered":"https:\/\/www.lasrosas.com.ar\/portal\/?p=78125"},"modified":"2024-05-23T12:13:05","modified_gmt":"2024-05-23T15:13:05","slug":"cami-mayan-cambio-su-look-y-se-anima-al-cherry-boom-asesorada-por-max-jara","status":"publish","type":"post","link":"https:\/\/www.lasrosas.com.ar\/portal\/cami-mayan-cambio-su-look-y-se-anima-al-cherry-boom-asesorada-por-max-jara\/","title":{"rendered":"CAMI\u00a0MAYAN CAMBI\u00d3 SU LOOK Y SE ANIMA AL \u00abCHERRY BOOM\u00bb ASESORADA POR\u00a0MAX JARA"},"content":{"rendered":"\n<p>De la mano de\u00a0Max Jara, Cami\u00a0Mayan, una de las influencers m\u00e1s trendy del momento, se dej\u00f3 cautivar por la propuesta del estilista y llevar en el pelo el color de moda:\u00a0Cherry Boom.<br><br>Max Jara, reconocido por lookear a las celebridades argentinas m\u00e1s fashionistas, \u00a0fue el encargado del cabello \u201cCherry Boom\u201d\u00a0de Cami Mayan que estar\u00e1 luciendo en su pr\u00f3ximo viaje a Europa.<\/p>\n\n\n\n<p>Le acerc\u00f3 esta propuesta con iluminaciones en las puntas y tono tendencia que hace un match perfecto con su piel y el nuevo perfil que Cami quiere adoptar llevando a la femme en su estilo.<\/p>\n\n\n\n<figure class=\"wp-block-image size-full\"><img decoding=\"async\" width=\"720\" height=\"720\" data-src=\"https:\/\/www.lasrosas.com.ar\/portal\/wp-content\/uploads\/9-16.jpg\" alt=\"\" class=\"wp-image-78127 lazyload\" src=\"data:image\/svg+xml;base64,PHN2ZyB3aWR0aD0iMSIgaGVpZ2h0PSIxIiB4bWxucz0iaHR0cDovL3d3dy53My5vcmcvMjAwMC9zdmciPjwvc3ZnPg==\" style=\"--smush-placeholder-width: 720px; --smush-placeholder-aspect-ratio: 720\/720;\" \/><\/figure>\n\n\n\n<p><br>Max se destaca por embellecer el cabello desde el cuidado y la fortificaci\u00f3n. Entre sus clientes m\u00e1s destacados se encuentran: Camila Homs, Stefi Roitman, Los Montaner, y m\u00e1s.\u00a0<\/p>\n\n\n\n<figure class=\"wp-block-image size-full\"><img decoding=\"async\" width=\"600\" height=\"400\" data-src=\"https:\/\/www.lasrosas.com.ar\/portal\/wp-content\/uploads\/unnamed-2-123.jpg\" alt=\"\" class=\"wp-image-78128 lazyload\" src=\"data:image\/svg+xml;base64,PHN2ZyB3aWR0aD0iMSIgaGVpZ2h0PSIxIiB4bWxucz0iaHR0cDovL3d3dy53My5vcmcvMjAwMC9zdmciPjwvc3ZnPg==\" style=\"--smush-placeholder-width: 600px; --smush-placeholder-aspect-ratio: 600\/400;\" \/><\/figure>\n\n\n\n<p><br>Dentro de las tendencias para este oto\u00f1o-invierno estar\u00e1n adem\u00e1s de estos tonos cautivantes, las paletas de colores naturales y las melenas XL. Pero la tendencia m\u00e1s importante y la que nunca debe pasar de moda es la del pelo sano, una caracter\u00edstica importante que el estilista remarca en sus clientes y mantiene como filosof\u00eda en su sal\u00f3n. A su vez, una tendencia que est\u00e1 a la orden del d\u00eda es volver al color natural del cabello, incluso con canas o con iluminaciones sutiles.<br><br>Otra moda que se est\u00e1 adoptando para el cabello en este \u00faltimo tiempo, es dejar atr\u00e1s el alisado o los procesos qu\u00edmicos para as\u00ed mantener el estado natural del cabello con una buena l\u00ednea de cuidado e hidrataci\u00f3n.<\/p>\n\n\n\n<p><strong>EL TALLER DE PELO<\/strong><\/p>\n\n\n\n<p>El espacio est\u00e1 pensado para estimular la relajaci\u00f3n. Est\u00e1 dise\u00f1ado bajo una est\u00e9tica minimalista, ambientalista, c\u00e1lida y arm\u00f3nica donde se destacan luces tenues para mantener la sutileza del clima y, espacios verdes que se presentan en todo el taller y son sello de identidad de Max.<\/p>\n\n\n\n<figure class=\"wp-block-image size-large\"><img decoding=\"async\" width=\"1920\" height=\"1282\" data-src=\"https:\/\/www.lasrosas.com.ar\/portal\/wp-content\/uploads\/unnamed-3-92-1920x1282.jpg\" alt=\"\" class=\"wp-image-78129 lazyload\" data-srcset=\"https:\/\/www.lasrosas.com.ar\/portal\/wp-content\/uploads\/\/unnamed-3-92-1920x1282.jpg 1920w, https:\/\/www.lasrosas.com.ar\/portal\/wp-content\/uploads\/\/unnamed-3-92-960x641.jpg 960w, https:\/\/www.lasrosas.com.ar\/portal\/wp-content\/uploads\/\/unnamed-3-92-1536x1025.jpg 1536w, https:\/\/www.lasrosas.com.ar\/portal\/wp-content\/uploads\/\/unnamed-3-92-scaled.jpg 2048w\" data-sizes=\"(max-width: 1920px) 100vw, 1920px\" src=\"data:image\/svg+xml;base64,PHN2ZyB3aWR0aD0iMSIgaGVpZ2h0PSIxIiB4bWxucz0iaHR0cDovL3d3dy53My5vcmcvMjAwMC9zdmciPjwvc3ZnPg==\" style=\"--smush-placeholder-width: 1920px; --smush-placeholder-aspect-ratio: 1920\/1282;\" \/><\/figure>\n\n\n\n<p>\u201cEl pelo es como la orqu\u00eddea. Para que ambos crezcan sanos hay que saber hidratarlos correctamente\u201d (Max Jara)<br><br><strong>SOBRE MAX JARA<\/strong><\/p>\n\n\n\n<p>Max, naci\u00f3 y se cr\u00edo en Posadas, Misiones. Comenz\u00f3 a los 15 a\u00f1os en el rubro. Lleva 20 a\u00f1os de carrera como estilista y ha viajado por el mundo llevando su talento y creatividad a lugares como Espa\u00f1a, Brasil, Uruguay y Paraguay, entre otros.<\/p>\n\n\n\n<p>Su esencia y t\u00e9cnica radican en trabajar la belleza del cabello desde el cuidado usando productos naturales.<\/p>\n<!-- AddThis Advanced Settings generic via filter on the_content --><!-- AddThis Share Buttons generic via filter on the_content -->","protected":false},"excerpt":{"rendered":"<p>De la mano de\u00a0Max Jara, Cami\u00a0Mayan, una de las influencers m\u00e1s trendy del momento, se dej\u00f3 cautivar por la propuesta del estilista y llevar en el pelo el color de moda:\u00a0Cherry Boom. Max Jara, reconocido por lookear a las celebridades argentinas m\u00e1s fashionistas, \u00a0fue el encargado del cabello \u201cCherry Boom\u201d\u00a0de Cami Mayan que estar\u00e1 luciendo [&hellip;]<!-- AddThis Advanced Settings generic via filter on get_the_excerpt --><!-- AddThis Share Buttons generic via filter on get_the_excerpt --><\/p>\n","protected":false},"author":6,"featured_media":78126,"comment_status":"closed","ping_status":"open","sticky":false,"template":"","format":"standard","meta":{"_acf_changed":false,"om_disable_all_campaigns":false,"_monsterinsights_skip_tracking":false,"_monsterinsights_sitenote_active":false,"_monsterinsights_sitenote_note":"","_monsterinsights_sitenote_category":0,"_uf_show_specific_survey":0,"_uf_disable_surveys":false,"footnotes":""},"categories":[100],"tags":[580,583,58,582],"class_list":["post-78125","post","type-post","status-publish","format-standard","has-post-thumbnail","hentry","category-noticias","tag-cami","tag-cherry","tag-moda","tag-tendencia"],"acf":[],"aioseo_notices":[],"_links":{"self":[{"href":"https:\/\/www.lasrosas.com.ar\/portal\/wp-json\/wp\/v2\/posts\/78125","targetHints":{"allow":["GET"]}}],"collection":[{"href":"https:\/\/www.lasrosas.com.ar\/portal\/wp-json\/wp\/v2\/posts"}],"about":[{"href":"https:\/\/www.lasrosas.com.ar\/portal\/wp-json\/wp\/v2\/types\/post"}],"author":[{"embeddable":true,"href":"https:\/\/www.lasrosas.com.ar\/portal\/wp-json\/wp\/v2\/users\/6"}],"replies":[{"embeddable":true,"href":"https:\/\/www.lasrosas.com.ar\/portal\/wp-json\/wp\/v2\/comments?post=78125"}],"version-history":[{"count":1,"href":"https:\/\/www.lasrosas.com.ar\/portal\/wp-json\/wp\/v2\/posts\/78125\/revisions"}],"predecessor-version":[{"id":78130,"href":"https:\/\/www.lasrosas.com.ar\/portal\/wp-json\/wp\/v2\/posts\/78125\/revisions\/78130"}],"wp:featuredmedia":[{"embeddable":true,"href":"https:\/\/www.lasrosas.com.ar\/portal\/wp-json\/wp\/v2\/media\/78126"}],"wp:attachment":[{"href":"https:\/\/www.lasrosas.com.ar\/portal\/wp-json\/wp\/v2\/media?parent=78125"}],"wp:term":[{"taxonomy":"category","embeddable":true,"href":"https:\/\/www.lasrosas.com.ar\/portal\/wp-json\/wp\/v2\/categories?post=78125"},{"taxonomy":"post_tag","embeddable":true,"href":"https:\/\/www.lasrosas.com.ar\/portal\/wp-json\/wp\/v2\/tags?post=78125"}],"curies":[{"name":"wp","href":"https:\/\/api.w.org\/{rel}","templated":true}]}}