{"id":78038,"date":"2024-05-20T11:10:43","date_gmt":"2024-05-20T14:10:43","guid":{"rendered":"https:\/\/www.lasrosas.com.ar\/portal\/?p=78038"},"modified":"2024-05-20T11:11:25","modified_gmt":"2024-05-20T14:11:25","slug":"michael-bradway-se-suma-a-la-12o-temporada-de-chicago-fire","status":"publish","type":"post","link":"https:\/\/www.lasrosas.com.ar\/portal\/michael-bradway-se-suma-a-la-12o-temporada-de-chicago-fire\/","title":{"rendered":"MICHAEL BRADWAY SE SUMA A LA 12\u00ba TEMPORADA DE CHICAGO FIRE"},"content":{"rendered":"\n<p>El actor que particip\u00f3 en largometrajes como \u201cMarked Men\u201d y \u201cCopperhead\u201d, se incorporar\u00e1 al escuadr\u00f3n de bomberos de Chicago Fire en el episodio \u201cThe Wrong Guy\u201d que se estrenar\u00e1 el pr\u00f3ximo 20 de mayo por Universal TV.<\/p>\n\n\n\n<p>Chicago Fire, el exitoso drama de bomberos de Universal TV que se emite todos los lunes a las 9.50pm LATAM, anuncia la incorporaci\u00f3n de un nuevo integrante a la Firehouse 51, dentro de la12\u00ba temporada de la exitosa serie de Dick Wolf. <br><br>Se trata de Michael Bradway (Marked Men, Piece, Tino) que debutar\u00e1 como el bombero Jack Damon en el episodio diez titulado \u201cThe Wrong Guy\u201d que estrenar\u00e1 para toda Latinoam\u00e9rica el 20 de mayo por Universal TV.<br><br>La noticia de que Michael Bradway se unir\u00e1 al elenco de la temporada 12 llega despu\u00e9s de la salida de Rome Flynn de la serie.  En simult\u00e1neo, Alberto Rosende y Kara Killmer, quienes aparecieron en la serie durante varias temporadas, tambi\u00e9n han abandonado la producci\u00f3n con la esperanza de retomar sus personajes en las pr\u00f3ximas entregas. <br><br>La historia final de Kara vio a su personaje Sylvie Brett dejar la Ciudad de los Vientos para ir a Portland despu\u00e9s de casarse con Matt Casey (Jesse Spencer). Mientras tanto, el personaje de Alberto Rosende, Blake Gallo, hizo su \u00faltima aparici\u00f3n en el estreno de la reciente temporada cuando decidi\u00f3 mudarse a Michigan para estar m\u00e1s cerca de su reci\u00e9n descubierta familia.<\/p>\n\n\n\n<p>Michael Bradway se unir\u00e1 a la serie de Chicago Fire interpretando a Jack Damon, un bombero que llegar\u00e1 para fortalecer el elenco del exitoso drama de Dick Wolf. <br><br>Adem\u00e1s de Michael Bradway, la actriz Jocelyn Hudon tambi\u00e9n se une a Chicago Fire como la param\u00e9dica Lyla Novak, tras la salida de Sylvie Brett (Kara Kilmer) en la temporada 12. Hudon es conocida por su rol en exitosas producciones como The Strain, Dave y Pixels. <br><br>La llegada de estos nuevos personajes promete agregar a\u00fan m\u00e1s emoci\u00f3n y dinamismo a Chicago Fire para seguir manteniendo a la audiencia al borde de su asiento. Los fan\u00e1ticos ya est\u00e1n ansiosos por conocer m\u00e1s sobre sus nuevos h\u00e9reos en la estaci\u00f3n 51 y c\u00f3mo se integran a la historia de est\u00e1 cautivadora producci\u00f3n.<\/p>\n\n\n\n<figure class=\"wp-block-image size-large\"><img decoding=\"async\" width=\"1920\" height=\"1281\" data-src=\"https:\/\/www.lasrosas.com.ar\/portal\/wp-content\/uploads\/TV_CIF12_8EJ03_01450-1920x1281.jpg\" alt=\"\" class=\"wp-image-78040 lazyload\" data-srcset=\"https:\/\/www.lasrosas.com.ar\/portal\/wp-content\/uploads\/\/TV_CIF12_8EJ03_01450-1920x1281.jpg 1920w, https:\/\/www.lasrosas.com.ar\/portal\/wp-content\/uploads\/\/TV_CIF12_8EJ03_01450-960x640.jpg 960w, https:\/\/www.lasrosas.com.ar\/portal\/wp-content\/uploads\/\/TV_CIF12_8EJ03_01450-1536x1025.jpg 1536w, https:\/\/www.lasrosas.com.ar\/portal\/wp-content\/uploads\/\/TV_CIF12_8EJ03_01450-scaled.jpg 2048w\" data-sizes=\"(max-width: 1920px) 100vw, 1920px\" src=\"data:image\/svg+xml;base64,PHN2ZyB3aWR0aD0iMSIgaGVpZ2h0PSIxIiB4bWxucz0iaHR0cDovL3d3dy53My5vcmcvMjAwMC9zdmciPjwvc3ZnPg==\" style=\"--smush-placeholder-width: 1920px; --smush-placeholder-aspect-ratio: 1920\/1281;\" \/><\/figure>\n\n\n\n<p><br><strong>Los episodios de Chicago Fire estar\u00e1n disponibles al d\u00eda siguiente de su estreno en Universal+, la app con miles de horas de contenido On-demand, disponible a trav\u00e9s delos operadores de TV de paga de la regi\u00f3n.<\/strong><br><strong><br> \u00a1No te pierdas los episodios de Chicago Fire todos los lunes 9.50pm LATAM por Universal TV! <\/strong><br>Para m\u00e1s detalles s\u00famate a la conversaci\u00f3n a trav\u00e9s de las redes sociales: Facebook.com\/UniversalTVLA Twitter.com\/UniversalTVLA Instagram: @UniversalTVLA<\/p>\n<!-- AddThis Advanced Settings generic via filter on the_content --><!-- AddThis Share Buttons generic via filter on the_content -->","protected":false},"excerpt":{"rendered":"<p>El actor que particip\u00f3 en largometrajes como \u201cMarked Men\u201d y \u201cCopperhead\u201d, se incorporar\u00e1 al escuadr\u00f3n de bomberos de Chicago Fire en el episodio \u201cThe Wrong Guy\u201d que se estrenar\u00e1 el pr\u00f3ximo 20 de mayo por Universal TV. Chicago Fire, el exitoso drama de bomberos de Universal TV que se emite todos los lunes a las [&hellip;]<!-- AddThis Advanced Settings generic via filter on get_the_excerpt --><!-- AddThis Share Buttons generic via filter on get_the_excerpt --><\/p>\n","protected":false},"author":6,"featured_media":78039,"comment_status":"closed","ping_status":"open","sticky":false,"template":"","format":"standard","meta":{"_acf_changed":false,"om_disable_all_campaigns":false,"_monsterinsights_skip_tracking":false,"_monsterinsights_sitenote_active":false,"_monsterinsights_sitenote_note":"","_monsterinsights_sitenote_category":0,"_uf_show_specific_survey":0,"_uf_disable_surveys":false,"footnotes":""},"categories":[100],"tags":[557,475,528,42],"class_list":["post-78038","post","type-post","status-publish","format-standard","has-post-thumbnail","hentry","category-noticias","tag-chicago","tag-entretenimiento","tag-estreno","tag-tv"],"acf":[],"aioseo_notices":[],"_links":{"self":[{"href":"https:\/\/www.lasrosas.com.ar\/portal\/wp-json\/wp\/v2\/posts\/78038","targetHints":{"allow":["GET"]}}],"collection":[{"href":"https:\/\/www.lasrosas.com.ar\/portal\/wp-json\/wp\/v2\/posts"}],"about":[{"href":"https:\/\/www.lasrosas.com.ar\/portal\/wp-json\/wp\/v2\/types\/post"}],"author":[{"embeddable":true,"href":"https:\/\/www.lasrosas.com.ar\/portal\/wp-json\/wp\/v2\/users\/6"}],"replies":[{"embeddable":true,"href":"https:\/\/www.lasrosas.com.ar\/portal\/wp-json\/wp\/v2\/comments?post=78038"}],"version-history":[{"count":2,"href":"https:\/\/www.lasrosas.com.ar\/portal\/wp-json\/wp\/v2\/posts\/78038\/revisions"}],"predecessor-version":[{"id":78042,"href":"https:\/\/www.lasrosas.com.ar\/portal\/wp-json\/wp\/v2\/posts\/78038\/revisions\/78042"}],"wp:featuredmedia":[{"embeddable":true,"href":"https:\/\/www.lasrosas.com.ar\/portal\/wp-json\/wp\/v2\/media\/78039"}],"wp:attachment":[{"href":"https:\/\/www.lasrosas.com.ar\/portal\/wp-json\/wp\/v2\/media?parent=78038"}],"wp:term":[{"taxonomy":"category","embeddable":true,"href":"https:\/\/www.lasrosas.com.ar\/portal\/wp-json\/wp\/v2\/categories?post=78038"},{"taxonomy":"post_tag","embeddable":true,"href":"https:\/\/www.lasrosas.com.ar\/portal\/wp-json\/wp\/v2\/tags?post=78038"}],"curies":[{"name":"wp","href":"https:\/\/api.w.org\/{rel}","templated":true}]}}