{"id":77981,"date":"2024-05-17T13:45:45","date_gmt":"2024-05-17T16:45:45","guid":{"rendered":"https:\/\/www.lasrosas.com.ar\/portal\/?p=77981"},"modified":"2024-05-17T13:45:47","modified_gmt":"2024-05-17T16:45:47","slug":"el-mega-evento-de-excellence-de-loreal-paris-en-palacio-paz","status":"publish","type":"post","link":"https:\/\/www.lasrosas.com.ar\/portal\/el-mega-evento-de-excellence-de-loreal-paris-en-palacio-paz\/","title":{"rendered":"EL MEGA EVENTO DE EXCELLENCE DE L&#8217;OREAL PAR\u00cdS EN PALACIO PAZ"},"content":{"rendered":"\n<p><em>La marca de coloraci\u00f3n domiciliaria de L&#8217;Or\u00e9al Par\u00eds realiz\u00f3 un evento en una locaci\u00f3n \u00fanica en plena Ciudad de Buenos Aires para agasajar a celebridades, influencers y periodistas y presentar\u00a0<strong>Excellence Sin Amon\u00edaco, una nueva tecnolog\u00eda capaz de adaptarse a la piel de cada usuario<\/strong>.<\/em><\/p>\n\n\n\n<p>Durante la noche del martes 14 de mayo, Excellence, la marca de coloraci\u00f3n de L&#8217;Or\u00e9al Par\u00eds, realiz\u00f3 un evento en Palacio Paz, (tambi\u00e9n conocido como Palacio&nbsp;Retiro) la cual supo ser la residencia m\u00e1s grande y una de las m\u00e1s lujosas de la ciudad de Buenos Aires. La marca de coloraci\u00f3n convoc\u00f3 a celebridades, influencers y periodistas a disfrutar del encuentro y de las distintas actividades con foco en la belleza, la innovaci\u00f3n, la moda y las tendencias.&nbsp;<\/p>\n\n\n\n<p>Mientras se realiz\u00f3 la recepci\u00f3n, los invitados pudieron aprovechar los espacios de photo opportunity para generar contenido y guardar recuerdos. Uno de ellos fue acondicionado para generar una experiencia visualmente impactante con luces y reflejos y lograr un efecto que envolv\u00eda a las personas en un juego de colores y sombras. Esto,\u00a0<strong>fue inspirado en los Tonos y Reflejos Universales de la nueva Excellence Sin Amon\u00edaco, una nueva tecnolog\u00eda capaz de adaptarse a la piel de cada usuario<\/strong>. Por ejemplo, si dos personas con paletas crom\u00e1ticas distintas usan el mismo color, el pelo de cada una tendr\u00e1 un resultado m\u00e1s af\u00edn con su colorimetr\u00eda, permitiendo un resultado m\u00e1s natural y armonioso.<br><\/p>\n\n\n\n<figure class=\"wp-block-gallery has-nested-images columns-default is-cropped wp-block-gallery-1 is-layout-flex wp-block-gallery-is-layout-flex\">\n<figure class=\"wp-block-image size-large\"><img decoding=\"async\" width=\"1119\" height=\"1920\" data-id=\"77986\" data-src=\"https:\/\/www.lasrosas.com.ar\/portal\/wp-content\/uploads\/Excellence-L\u00b4Oreal-Paris-Carolina-Domenech-1119x1920.jpg\" alt=\"\" class=\"wp-image-77986 lazyload\" data-srcset=\"https:\/\/www.lasrosas.com.ar\/portal\/wp-content\/uploads\/Excellence-L\u00b4Oreal-Paris-Carolina-Domenech-1119x1920.jpg 1119w, https:\/\/www.lasrosas.com.ar\/portal\/wp-content\/uploads\/Excellence-L\u00b4Oreal-Paris-Carolina-Domenech-560x960.jpg 560w, https:\/\/www.lasrosas.com.ar\/portal\/wp-content\/uploads\/Excellence-L\u00b4Oreal-Paris-Carolina-Domenech-895x1536.jpg 895w, https:\/\/www.lasrosas.com.ar\/portal\/wp-content\/uploads\/Excellence-L\u00b4Oreal-Paris-Carolina-Domenech-scaled.jpg 1194w\" data-sizes=\"(max-width: 1119px) 100vw, 1119px\" src=\"data:image\/svg+xml;base64,PHN2ZyB3aWR0aD0iMSIgaGVpZ2h0PSIxIiB4bWxucz0iaHR0cDovL3d3dy53My5vcmcvMjAwMC9zdmciPjwvc3ZnPg==\" style=\"--smush-placeholder-width: 1119px; --smush-placeholder-aspect-ratio: 1119\/1920;\" \/><\/figure>\n\n\n\n<figure class=\"wp-block-image size-large\"><img decoding=\"async\" width=\"1205\" height=\"1920\" data-id=\"77984\" data-src=\"https:\/\/www.lasrosas.com.ar\/portal\/wp-content\/uploads\/Excellence-L\u00b4Oreal-Paris-Sofia-Gonet-1205x1920.jpg\" alt=\"\" class=\"wp-image-77984 lazyload\" data-srcset=\"https:\/\/www.lasrosas.com.ar\/portal\/wp-content\/uploads\/Excellence-L\u00b4Oreal-Paris-Sofia-Gonet-1205x1920.jpg 1205w, https:\/\/www.lasrosas.com.ar\/portal\/wp-content\/uploads\/Excellence-L\u00b4Oreal-Paris-Sofia-Gonet-603x960.jpg 603w, https:\/\/www.lasrosas.com.ar\/portal\/wp-content\/uploads\/Excellence-L\u00b4Oreal-Paris-Sofia-Gonet-964x1536.jpg 964w, https:\/\/www.lasrosas.com.ar\/portal\/wp-content\/uploads\/Excellence-L\u00b4Oreal-Paris-Sofia-Gonet-scaled.jpg 1286w\" data-sizes=\"(max-width: 1205px) 100vw, 1205px\" src=\"data:image\/svg+xml;base64,PHN2ZyB3aWR0aD0iMSIgaGVpZ2h0PSIxIiB4bWxucz0iaHR0cDovL3d3dy53My5vcmcvMjAwMC9zdmciPjwvc3ZnPg==\" style=\"--smush-placeholder-width: 1205px; --smush-placeholder-aspect-ratio: 1205\/1920;\" \/><\/figure>\n\n\n\n<figure class=\"wp-block-image size-large\"><img decoding=\"async\" width=\"1151\" height=\"1920\" data-id=\"77985\" data-src=\"https:\/\/www.lasrosas.com.ar\/portal\/wp-content\/uploads\/Excellence-L\u00b4Oreal-Paris-Pampita-3-1151x1920.jpg\" alt=\"\" class=\"wp-image-77985 lazyload\" data-srcset=\"https:\/\/www.lasrosas.com.ar\/portal\/wp-content\/uploads\/Excellence-L\u00b4Oreal-Paris-Pampita-3-1151x1920.jpg 1151w, https:\/\/www.lasrosas.com.ar\/portal\/wp-content\/uploads\/Excellence-L\u00b4Oreal-Paris-Pampita-3-576x960.jpg 576w, https:\/\/www.lasrosas.com.ar\/portal\/wp-content\/uploads\/Excellence-L\u00b4Oreal-Paris-Pampita-3-921x1536.jpg 921w, https:\/\/www.lasrosas.com.ar\/portal\/wp-content\/uploads\/Excellence-L\u00b4Oreal-Paris-Pampita-3-scaled.jpg 1228w\" data-sizes=\"(max-width: 1151px) 100vw, 1151px\" src=\"data:image\/svg+xml;base64,PHN2ZyB3aWR0aD0iMSIgaGVpZ2h0PSIxIiB4bWxucz0iaHR0cDovL3d3dy53My5vcmcvMjAwMC9zdmciPjwvc3ZnPg==\" style=\"--smush-placeholder-width: 1151px; --smush-placeholder-aspect-ratio: 1151\/1920;\" \/><\/figure>\n<\/figure>\n\n\n\n<p><br>Luego, los invitados pasaron al Sal\u00f3n Broquen<strong>\u00a0ambientado con estaciones de laboratorio para conocer la ciencia detr\u00e1s de los productos de coloraci\u00f3n<\/strong>. En la primera estaci\u00f3n, estuvo disponible el\u00a0<em>\u201c<\/em><a href=\"https:\/\/17774.clicks.dattanet.com\/track\/click?u=3492350&amp;p=31373737343a373538363a363730343a303a333a30&amp;s=f2448f62ee17538e646458ba71e52219&amp;m=54984\" target=\"_blank\" rel=\"noreferrer noopener\"><em>Visual Try On\u201d<\/em><\/a>\u00a0de L\u00b4Or\u00e9al, una herramienta virtual para probarse distintos colores de cabello, adem\u00e1s de una asesora de color para completar la consulta. En las pr\u00f3ximas 3 estaciones, se exhibieron las l\u00edneas de Excellence Matizador Supreme, Excellence Creme y Excellence Sin Amoniaco respectivamente.<br><\/p>\n\n\n\n<figure class=\"wp-block-image size-large\"><img decoding=\"async\" width=\"1920\" height=\"1080\" data-src=\"https:\/\/www.lasrosas.com.ar\/portal\/wp-content\/uploads\/Excellence-L\u00b4Oreal-Paris-Lanzamiento-Estacion-Laboratorio-1920x1080.jpg\" alt=\"\" class=\"wp-image-77982 lazyload\" data-srcset=\"https:\/\/www.lasrosas.com.ar\/portal\/wp-content\/uploads\/Excellence-L\u00b4Oreal-Paris-Lanzamiento-Estacion-Laboratorio-1920x1080.jpg 1920w, https:\/\/www.lasrosas.com.ar\/portal\/wp-content\/uploads\/Excellence-L\u00b4Oreal-Paris-Lanzamiento-Estacion-Laboratorio-960x540.jpg 960w, https:\/\/www.lasrosas.com.ar\/portal\/wp-content\/uploads\/Excellence-L\u00b4Oreal-Paris-Lanzamiento-Estacion-Laboratorio-1536x864.jpg 1536w, https:\/\/www.lasrosas.com.ar\/portal\/wp-content\/uploads\/Excellence-L\u00b4Oreal-Paris-Lanzamiento-Estacion-Laboratorio-scaled.jpg 2048w\" data-sizes=\"(max-width: 1920px) 100vw, 1920px\" src=\"data:image\/svg+xml;base64,PHN2ZyB3aWR0aD0iMSIgaGVpZ2h0PSIxIiB4bWxucz0iaHR0cDovL3d3dy53My5vcmcvMjAwMC9zdmciPjwvc3ZnPg==\" style=\"--smush-placeholder-width: 1920px; --smush-placeholder-aspect-ratio: 1920\/1080;\" \/><\/figure>\n\n\n\n<p><br><\/p>\n\n\n\n<p>La l\u00ednea de Excellence Sin Amon\u00edaco fue lanzada en 2023 y es una&nbsp;<strong>opci\u00f3n innovadora en el mercado ya que se trata de una coloraci\u00f3n permanente, es decir, que aclara u oscurece hasta 2 tonos y es capaz de cambiar el color pero sin amon\u00edaco, por lo que genera menos da\u00f1o en la fibra capilar, permitiendo el cambio de color pero sin dejar de lado el cuidado del cabello<\/strong>.&nbsp;<\/p>\n\n\n\n<p>Este nuevo producto se puede encontrar en hiper y supermercados, farmacias, perfumer\u00edas y en la tienda oficial en Mercado libre, cuenta con un precio sugerido de $17.005.&nbsp; A su vez, la marca ofrece otras l\u00edneas de producto que van desde $14.809. Adem\u00e1s, cuentan con un servicio de atenci\u00f3n personalizada v\u00eda WhatsApp (+54 9 11 2789-9955), que la marca lanz\u00f3 en 2020, donde se puede consultar con una especialista y hasta enviarle fotos para evacuar las dudas que surgen a las consumidoras en la g\u00f3ndola o en su casa. Esta iniciativa con foco en los consumidores, complementa a la experiencia de Virtual Try On.&nbsp;&nbsp;&nbsp;<\/p>\n\n\n\n<p>Por \u00faltimo y\u00a0<strong>para sorpresa de los invitados, se realiz\u00f3 un desfile en el Sal\u00f3n Teniente General Lavalle d\u00f3nde cada modelo represent\u00f3 un tono \u00fanico de la nueva l\u00ednea de tinturas sin amoniaco de Excellence<\/strong>.\u00a0 All\u00ed se resalt\u00f3 la perfecta fusi\u00f3n entre innovaci\u00f3n y belleza, mostrando c\u00f3mo los colores de la marca se integran en una amplia variedad de looks y estilos.<br><\/p>\n\n\n\n<figure class=\"wp-block-image size-large\"><img decoding=\"async\" width=\"1920\" height=\"1080\" data-src=\"https:\/\/www.lasrosas.com.ar\/portal\/wp-content\/uploads\/Excellence-L\u00b4Oreal-Paris-Desfile-1920x1080.jpg\" alt=\"\" class=\"wp-image-77983 lazyload\" data-srcset=\"https:\/\/www.lasrosas.com.ar\/portal\/wp-content\/uploads\/Excellence-L\u00b4Oreal-Paris-Desfile-1920x1080.jpg 1920w, https:\/\/www.lasrosas.com.ar\/portal\/wp-content\/uploads\/Excellence-L\u00b4Oreal-Paris-Desfile-960x540.jpg 960w, https:\/\/www.lasrosas.com.ar\/portal\/wp-content\/uploads\/Excellence-L\u00b4Oreal-Paris-Desfile-1536x864.jpg 1536w, https:\/\/www.lasrosas.com.ar\/portal\/wp-content\/uploads\/Excellence-L\u00b4Oreal-Paris-Desfile-scaled.jpg 2048w\" data-sizes=\"(max-width: 1920px) 100vw, 1920px\" src=\"data:image\/svg+xml;base64,PHN2ZyB3aWR0aD0iMSIgaGVpZ2h0PSIxIiB4bWxucz0iaHR0cDovL3d3dy53My5vcmcvMjAwMC9zdmciPjwvc3ZnPg==\" style=\"--smush-placeholder-width: 1920px; --smush-placeholder-aspect-ratio: 1920\/1080;\" \/><\/figure>\n\n\n\n<p><br><strong>Acerca de L\u2019Or\u00e9al Paris<\/strong><\/p>\n\n\n\n<p>La marca global L&#8217;Or\u00e9al Paris, cuenta con una l\u00ednea completa de productos de belleza, que combina los \u00faltimos avances tecnol\u00f3gicos con ingredientes de la m\u00e1s alta calidad para brindarle al consumidor lo \u00faltimo en productos cosm\u00e9ticos a un precio accesible. L&#8217;Or\u00e9al Paris abarca las cuatro principales categor\u00edas de belleza: cuidado del cabello, cuidado de la piel, coloraci\u00f3n y maquillaje. Incluye las reconocidas marcas:<\/p>\n\n\n\n<p>Elvive (Cuidado del cabello)<\/p>\n\n\n\n<p>Revitalift, Hidra Total 5, Age Perfect (Cuidado de la piel)<\/p>\n\n\n\n<p>Excellence (Coloraci\u00f3n)<\/p>\n\n\n\n<p>Color Riche, True Match, Infallible, Magique, Miss Manga y Voluminous (Maquillaje)<\/p>\n\n\n\n<p>Para obtener consejos de belleza de parte de nuestros expertos, as\u00ed como contenido de belleza exclusivo las 24 horas dondequiera que est\u00e9s, visita:&nbsp;<a href=\"https:\/\/17774.clicks.dattanet.com\/track\/click?u=3447177&amp;p=31373737343a373538363a363730343a303a343a30&amp;s=f2448f62ee17538e646458ba71e52219&amp;m=54984\" target=\"_blank\" rel=\"noreferrer noopener\"><strong>www.lorealparis.com.ar<\/strong><\/a><\/p>\n<!-- AddThis Advanced Settings generic via filter on the_content --><!-- AddThis Share Buttons generic via filter on the_content -->","protected":false},"excerpt":{"rendered":"<p>La marca de coloraci\u00f3n domiciliaria de L&#8217;Or\u00e9al Par\u00eds realiz\u00f3 un evento en una locaci\u00f3n \u00fanica en plena Ciudad de Buenos Aires para agasajar a celebridades, influencers y periodistas y presentar\u00a0Excellence Sin Amon\u00edaco, una nueva tecnolog\u00eda capaz de adaptarse a la piel de cada usuario. Durante la noche del martes 14 de mayo, Excellence, la marca [&hellip;]<!-- AddThis Advanced Settings generic via filter on get_the_excerpt --><!-- AddThis Share Buttons generic via filter on get_the_excerpt --><\/p>\n","protected":false},"author":6,"featured_media":77987,"comment_status":"closed","ping_status":"open","sticky":false,"template":"","format":"standard","meta":{"_acf_changed":false,"om_disable_all_campaigns":false,"_monsterinsights_skip_tracking":false,"_monsterinsights_sitenote_active":false,"_monsterinsights_sitenote_note":"","_monsterinsights_sitenote_category":0,"_uf_show_specific_survey":0,"_uf_disable_surveys":false,"footnotes":""},"categories":[100],"tags":[493,467,543],"class_list":["post-77981","post","type-post","status-publish","format-standard","has-post-thumbnail","hentry","category-noticias","tag-celebridades","tag-evento","tag-palacio"],"acf":[],"aioseo_notices":[],"_links":{"self":[{"href":"https:\/\/www.lasrosas.com.ar\/portal\/wp-json\/wp\/v2\/posts\/77981","targetHints":{"allow":["GET"]}}],"collection":[{"href":"https:\/\/www.lasrosas.com.ar\/portal\/wp-json\/wp\/v2\/posts"}],"about":[{"href":"https:\/\/www.lasrosas.com.ar\/portal\/wp-json\/wp\/v2\/types\/post"}],"author":[{"embeddable":true,"href":"https:\/\/www.lasrosas.com.ar\/portal\/wp-json\/wp\/v2\/users\/6"}],"replies":[{"embeddable":true,"href":"https:\/\/www.lasrosas.com.ar\/portal\/wp-json\/wp\/v2\/comments?post=77981"}],"version-history":[{"count":1,"href":"https:\/\/www.lasrosas.com.ar\/portal\/wp-json\/wp\/v2\/posts\/77981\/revisions"}],"predecessor-version":[{"id":77988,"href":"https:\/\/www.lasrosas.com.ar\/portal\/wp-json\/wp\/v2\/posts\/77981\/revisions\/77988"}],"wp:featuredmedia":[{"embeddable":true,"href":"https:\/\/www.lasrosas.com.ar\/portal\/wp-json\/wp\/v2\/media\/77987"}],"wp:attachment":[{"href":"https:\/\/www.lasrosas.com.ar\/portal\/wp-json\/wp\/v2\/media?parent=77981"}],"wp:term":[{"taxonomy":"category","embeddable":true,"href":"https:\/\/www.lasrosas.com.ar\/portal\/wp-json\/wp\/v2\/categories?post=77981"},{"taxonomy":"post_tag","embeddable":true,"href":"https:\/\/www.lasrosas.com.ar\/portal\/wp-json\/wp\/v2\/tags?post=77981"}],"curies":[{"name":"wp","href":"https:\/\/api.w.org\/{rel}","templated":true}]}}