{"id":77895,"date":"2024-05-15T11:17:51","date_gmt":"2024-05-15T14:17:51","guid":{"rendered":"https:\/\/www.lasrosas.com.ar\/portal\/?p=77895"},"modified":"2024-05-16T15:32:51","modified_gmt":"2024-05-16T18:32:51","slug":"tendencia-en-pelo-por-artistas-peluqueros","status":"publish","type":"post","link":"https:\/\/www.lasrosas.com.ar\/portal\/tendencia-en-pelo-por-artistas-peluqueros\/","title":{"rendered":"TENDENCIA EN PELO POR ARTISTAS PELUQUEROS"},"content":{"rendered":"\n<p>9 preguntas a Sebasti\u00e1n Sueldo peluquero del momento.<\/p>\n\n\n\n<p><strong>\u00bfQu\u00e9 te inspir\u00f3 para convertirte en estilista?<\/strong><br>Desde que era chico, sab\u00eda que quer\u00eda ser estilista\/p. Me encanta realzar la belleza de cada persona.<br><br><strong>\u00bfC\u00f3mo creas una experiencia \u00fanica para tus clientes en tu sal\u00f3n?<\/strong><br>Me concentro en cada detalle y ofrezco un servicio personalizado.<br><br><strong>\u00bfCu\u00e1l es tu parte favorita del trabajo como estilista?<\/strong><br>Mi parte favorita como estilista es crear dise\u00f1os de mechas y trabajar con colores.<br><br><strong>\u00bfCu\u00e1les son las tendencias actuales en cortes y colores de pelo que m\u00e1s te<br>emocionan?<\/strong><br>Una tendencia que me gusta de este 2024, son los colores BROND\u00c9, es un t\u00e9rmino que se forma de las palabras Brown (marr\u00f3n) y blonde (rubio) y que nos describe un color que es la combinaci\u00f3n armoniosa de ambos.<\/p>\n\n\n\n<p><strong>\u00bfComo te mantienes actualizado sobre las \u00faltimas t\u00e9cnicas y tendencias<br>en el mundo del estilismo?<\/strong><br>Siempre me mantengo actualizado, \u00a1es clave para seguir mejorando!<br><br><strong>\u00bfQu\u00e9 te hace \u00fanico como estilista en comparaci\u00f3n a otros en tu campo?<\/strong><br>Lo que me diferencia es mi pasi\u00f3n y amor por este trabajo.<br><br><strong>\u00bfQu\u00e9 desaf\u00edos has enfrentado en tu carrera y como los has superado?<\/strong><br>He enfrentado muchos desaf\u00edos en mi carrera, como abrir mi propio estudio y fundar un espacio de educaci\u00f3n. Pero con el apoyo de mi gente y dedicaci\u00f3n, los he superado. <br><br><strong>Adem\u00e1s, sos docente, \u00bfqu\u00e9 te motivo a querer formar profesionales de la peluquer\u00eda?<\/strong><br>Lo que me motiva es compartir lo que s\u00e9 y ayudar a otros a mejorar. Mis profesores hicieron lo mismo por m\u00ed y quiero seguir esa tradici\u00f3n.<br><br><strong>\u00bfCu\u00e1les son los aspectos m\u00e1s gratificantes de ense\u00f1ar a futuros estilistas?<\/strong><br>Uno de los aspectos m\u00e1s gratificantes es ser parte del proceso, en algunos casos el comienzo de una carrera y en otros casos aportar m\u00e1s conocimientos a aquellos que son coloristas y desean perfeccionarse. Aportar m\u00e1s herramientas para que puedan desarrollar su arte y creatividad.<br><br><strong>Estas por abrir tu propia academia. \u00bfContamos un poco sobre eso?<\/strong><br>S\u00ed, hace un a\u00f1o fund\u00e9 junto con mi socia, Pamela Brandan, @bronde.hair.education. Es un proyecto donde ofrecemos educaci\u00f3n personalizada y tambi\u00e9n para grupos, compartiendo todo lo que sabemos sobre color y dise\u00f1o de mechas.<\/p>\n\n\n\n<p><\/p>\n\n\n\n<figure class=\"wp-block-gallery has-nested-images columns-default is-cropped wp-block-gallery-1 is-layout-flex wp-block-gallery-is-layout-flex\">\n<figure class=\"wp-block-image size-large\"><img decoding=\"async\" width=\"343\" height=\"461\" data-id=\"77898\" data-src=\"https:\/\/www.lasrosas.com.ar\/portal\/wp-content\/uploads\/WhatsApp-Image-2024-05-15-at-11.15.10.jpeg\" alt=\"\" class=\"wp-image-77898 lazyload\" src=\"data:image\/svg+xml;base64,PHN2ZyB3aWR0aD0iMSIgaGVpZ2h0PSIxIiB4bWxucz0iaHR0cDovL3d3dy53My5vcmcvMjAwMC9zdmciPjwvc3ZnPg==\" style=\"--smush-placeholder-width: 343px; --smush-placeholder-aspect-ratio: 343\/461;\" \/><\/figure>\n\n\n\n<figure class=\"wp-block-image size-large\"><img decoding=\"async\" width=\"332\" height=\"439\" data-id=\"77899\" data-src=\"https:\/\/www.lasrosas.com.ar\/portal\/wp-content\/uploads\/WhatsApp-Image-2024-05-15-at-11.15.00.jpeg\" alt=\"\" class=\"wp-image-77899 lazyload\" src=\"data:image\/svg+xml;base64,PHN2ZyB3aWR0aD0iMSIgaGVpZ2h0PSIxIiB4bWxucz0iaHR0cDovL3d3dy53My5vcmcvMjAwMC9zdmciPjwvc3ZnPg==\" style=\"--smush-placeholder-width: 332px; --smush-placeholder-aspect-ratio: 332\/439;\" \/><\/figure>\n\n\n\n<figure class=\"wp-block-image size-large\"><img decoding=\"async\" width=\"334\" height=\"445\" data-id=\"77900\" data-src=\"https:\/\/www.lasrosas.com.ar\/portal\/wp-content\/uploads\/WhatsApp-Image-2024-05-15-at-11.14.49.jpeg\" alt=\"\" class=\"wp-image-77900 lazyload\" src=\"data:image\/svg+xml;base64,PHN2ZyB3aWR0aD0iMSIgaGVpZ2h0PSIxIiB4bWxucz0iaHR0cDovL3d3dy53My5vcmcvMjAwMC9zdmciPjwvc3ZnPg==\" style=\"--smush-placeholder-width: 334px; --smush-placeholder-aspect-ratio: 334\/445;\" \/><\/figure>\n<\/figure>\n<!-- AddThis Advanced Settings generic via filter on the_content --><!-- AddThis Share Buttons generic via filter on the_content -->","protected":false},"excerpt":{"rendered":"<p>9 preguntas a Sebasti\u00e1n Sueldo peluquero del momento. \u00bfQu\u00e9 te inspir\u00f3 para convertirte en estilista?Desde que era chico, sab\u00eda que quer\u00eda ser estilista\/p. Me encanta realzar la belleza de cada persona. \u00bfC\u00f3mo creas una experiencia \u00fanica para tus clientes en tu sal\u00f3n?Me concentro en cada detalle y ofrezco un servicio personalizado. \u00bfCu\u00e1l es tu parte [&hellip;]<!-- AddThis Advanced Settings generic via filter on get_the_excerpt --><!-- AddThis Share Buttons generic via filter on get_the_excerpt --><\/p>\n","protected":false},"author":6,"featured_media":77897,"comment_status":"closed","ping_status":"open","sticky":false,"template":"","format":"standard","meta":{"_acf_changed":false,"om_disable_all_campaigns":false,"_monsterinsights_skip_tracking":false,"_monsterinsights_sitenote_active":false,"_monsterinsights_sitenote_note":"","_monsterinsights_sitenote_category":0,"_uf_show_specific_survey":0,"_uf_disable_surveys":false,"footnotes":""},"categories":[100,38],"tags":[58,517,64],"class_list":["post-77895","post","type-post","status-publish","format-standard","has-post-thumbnail","hentry","category-noticias","category-entrevistas","tag-moda","tag-peluqueria","tag-tendencias"],"acf":[],"aioseo_notices":[],"_links":{"self":[{"href":"https:\/\/www.lasrosas.com.ar\/portal\/wp-json\/wp\/v2\/posts\/77895","targetHints":{"allow":["GET"]}}],"collection":[{"href":"https:\/\/www.lasrosas.com.ar\/portal\/wp-json\/wp\/v2\/posts"}],"about":[{"href":"https:\/\/www.lasrosas.com.ar\/portal\/wp-json\/wp\/v2\/types\/post"}],"author":[{"embeddable":true,"href":"https:\/\/www.lasrosas.com.ar\/portal\/wp-json\/wp\/v2\/users\/6"}],"replies":[{"embeddable":true,"href":"https:\/\/www.lasrosas.com.ar\/portal\/wp-json\/wp\/v2\/comments?post=77895"}],"version-history":[{"count":2,"href":"https:\/\/www.lasrosas.com.ar\/portal\/wp-json\/wp\/v2\/posts\/77895\/revisions"}],"predecessor-version":[{"id":77901,"href":"https:\/\/www.lasrosas.com.ar\/portal\/wp-json\/wp\/v2\/posts\/77895\/revisions\/77901"}],"wp:featuredmedia":[{"embeddable":true,"href":"https:\/\/www.lasrosas.com.ar\/portal\/wp-json\/wp\/v2\/media\/77897"}],"wp:attachment":[{"href":"https:\/\/www.lasrosas.com.ar\/portal\/wp-json\/wp\/v2\/media?parent=77895"}],"wp:term":[{"taxonomy":"category","embeddable":true,"href":"https:\/\/www.lasrosas.com.ar\/portal\/wp-json\/wp\/v2\/categories?post=77895"},{"taxonomy":"post_tag","embeddable":true,"href":"https:\/\/www.lasrosas.com.ar\/portal\/wp-json\/wp\/v2\/tags?post=77895"}],"curies":[{"name":"wp","href":"https:\/\/api.w.org\/{rel}","templated":true}]}}