{"id":77772,"date":"2024-05-09T10:59:11","date_gmt":"2024-05-09T13:59:11","guid":{"rendered":"https:\/\/www.lasrosas.com.ar\/portal\/?p=77772"},"modified":"2024-05-09T10:59:43","modified_gmt":"2024-05-09T13:59:43","slug":"por-postulacion-de-la-agencia-cordoba-turismo-villa-tulumba-competira-en-el-mundial-de-los-mejores-destinos-del-mundo","status":"publish","type":"post","link":"https:\/\/www.lasrosas.com.ar\/portal\/por-postulacion-de-la-agencia-cordoba-turismo-villa-tulumba-competira-en-el-mundial-de-los-mejores-destinos-del-mundo\/","title":{"rendered":"POR POSTULACI\u00d3N DE LA AGENCIA C\u00d3RDOBA TURISMO, VILLA TULUMBA COMPETIR\u00c1 EN EL MUNDIAL DE LOS \u00abMEJORES DESTINOS DEL MUNDO\u201d"},"content":{"rendered":"\n<p>En el marco de la 166\u00aa Asamblea del Consejo Federal de Turismo, la Subsecretar\u00eda de Turismo de la Naci\u00f3n anunci\u00f3 los candidatos que representar\u00e1n al pa\u00eds en la cuarta edici\u00f3n del Best Tourism Villages, iniciativa impulsada por ONU Turismo que busca distinguir como destino tur\u00edstico a pueblos de todo el mundo.<\/p>\n\n\n\n<p>Los lugares seleccionados -ante la presencia y participaci\u00f3n del Secretario de Turismo, Deporte y Ambiente, Daniel Scioli- fueron Villa Tulumba (C\u00f3rdoba), Caviahue \u2013 Copahue (Neuqu\u00e9n), Saldungaray (Buenos Aires), Barrancas (Jujuy), Campo Ram\u00f3n (Misiones), Los Chacayes(Mendoza), Urdinarrain (Entre R\u00edos) y Gaiman (Chubut).<br><\/p>\n\n\n\n<figure class=\"wp-block-image size-full\"><img decoding=\"async\" width=\"1127\" height=\"852\" data-src=\"https:\/\/www.lasrosas.com.ar\/portal\/wp-content\/uploads\/Imagen-de-WhatsApp-2024-05-08-a-las-21.36.09_cc97641d.jpg\" alt=\"\" class=\"wp-image-77774 lazyload\" data-srcset=\"https:\/\/www.lasrosas.com.ar\/portal\/wp-content\/uploads\/\/Imagen-de-WhatsApp-2024-05-08-a-las-21.36.09_cc97641d.jpg 1127w, https:\/\/www.lasrosas.com.ar\/portal\/wp-content\/uploads\/\/Imagen-de-WhatsApp-2024-05-08-a-las-21.36.09_cc97641d-960x726.jpg 960w\" data-sizes=\"(max-width: 1127px) 100vw, 1127px\" src=\"data:image\/svg+xml;base64,PHN2ZyB3aWR0aD0iMSIgaGVpZ2h0PSIxIiB4bWxucz0iaHR0cDovL3d3dy53My5vcmcvMjAwMC9zdmciPjwvc3ZnPg==\" style=\"--smush-placeholder-width: 1127px; --smush-placeholder-aspect-ratio: 1127\/852;\" \/><\/figure>\n\n\n\n<p><\/p>\n\n\n\n<p>\u00abSentimos un inmenso orgullo como cordobeses que Villa Tulumba, de nuestro norte, nos represente en este mundial en el que much\u00edsimas localidades de todo el planeta quieren participar\u201d, afirm\u00f3 Dar\u00edo Capitani quien, palabra seguida, destac\u00f3 el \u201cimprescindible apoyo del sector privado\u201d y el \u201ctrabajo en equipo\u201d como dos factores claves para esta nominaci\u00f3n.<br><br>La iniciativa -adem\u00e1s de distinguir paisajes o destinos tur\u00edsticos- apunta a que cada lugar transmita su identidad a quienes la visitan.\u202f<\/p>\n\n\n\n<p>De la elecci\u00f3n, pueden participar&nbsp;localidades con menos de 15.000 habitantes que contengan un paisaje natural y\/o cultural vinculado a un entorno rural y un estilo de vida propio de la regi\u00f3n puesto en valor tur\u00edstico.<\/p>\n\n\n\n<p>Las \u00e1reas de evaluaci\u00f3n estuvieron relacionadas a los recursos culturales y naturales, su puesta en valor y conservaci\u00f3n; la sostenibilidad econ\u00f3mica, social y ambiental vinculada al turismo; la integraci\u00f3n de la cadena de valor y la gesti\u00f3n participativa local; el sistema de soporte de soporte a la actividad; y la promoci\u00f3n y comunicaci\u00f3n orientada al turismo.<\/p>\n\n\n\n<figure class=\"wp-block-image size-full\"><img decoding=\"async\" width=\"910\" height=\"683\" data-src=\"https:\/\/www.lasrosas.com.ar\/portal\/wp-content\/uploads\/Imagen-de-WhatsApp-2024-05-08-a-las-21.36.10_48445f7d.jpg\" alt=\"\" class=\"wp-image-77775 lazyload\" data-srcset=\"https:\/\/www.lasrosas.com.ar\/portal\/wp-content\/uploads\/\/Imagen-de-WhatsApp-2024-05-08-a-las-21.36.10_48445f7d.jpg 910w, https:\/\/www.lasrosas.com.ar\/portal\/wp-content\/uploads\/\/Imagen-de-WhatsApp-2024-05-08-a-las-21.36.10_48445f7d-640x480.jpg 640w\" data-sizes=\"(max-width: 910px) 100vw, 910px\" src=\"data:image\/svg+xml;base64,PHN2ZyB3aWR0aD0iMSIgaGVpZ2h0PSIxIiB4bWxucz0iaHR0cDovL3d3dy53My5vcmcvMjAwMC9zdmciPjwvc3ZnPg==\" style=\"--smush-placeholder-width: 910px; --smush-placeholder-aspect-ratio: 910\/683;\" \/><\/figure>\n\n\n\n<p><br><strong>Villa Tulumba, candidata<\/strong><br>El pueblo m\u00e1s antiguo de C\u00f3rdoba, a 130 kil\u00f3metros al norte de la capital. Data de 1585 y fue elevada a Villa Real en 1803 por C\u00e9dula Real de Carlos IV de Espa\u00f1a. Testimonio viviente de la \u00e9poca colonial, con sus calles empedradas, farolas a\u00f1ejas, antiguas iglesias y casonas de adobe del siglo XVIII y XIX, es considerado actualmente un museo a cielo abierto.<br>Sus pobladores originarios, los sanavirones, dejaron un importante legado cultural a trav\u00e9s de m\u00e1s de 35.000 pinturas rupestres en las paredes de piedra de Cerro Colorado, y resto de la zona. Form\u00f3 parte del\u00a0Camino\u00a0Real.<\/p>\n<!-- AddThis Advanced Settings generic via filter on the_content --><!-- AddThis Share Buttons generic via filter on the_content -->","protected":false},"excerpt":{"rendered":"<p>En el marco de la 166\u00aa Asamblea del Consejo Federal de Turismo, la Subsecretar\u00eda de Turismo de la Naci\u00f3n anunci\u00f3 los candidatos que representar\u00e1n al pa\u00eds en la cuarta edici\u00f3n del Best Tourism Villages, iniciativa impulsada por ONU Turismo que busca distinguir como destino tur\u00edstico a pueblos de todo el mundo. Los lugares seleccionados -ante [&hellip;]<!-- AddThis Advanced Settings generic via filter on get_the_excerpt --><!-- AddThis Share Buttons generic via filter on get_the_excerpt --><\/p>\n","protected":false},"author":6,"featured_media":77773,"comment_status":"closed","ping_status":"open","sticky":false,"template":"","format":"standard","meta":{"_acf_changed":false,"om_disable_all_campaigns":false,"_monsterinsights_skip_tracking":false,"_monsterinsights_sitenote_active":false,"_monsterinsights_sitenote_note":"","_monsterinsights_sitenote_category":0,"_uf_show_specific_survey":0,"_uf_disable_surveys":false,"footnotes":""},"categories":[100],"tags":[468,333,483],"class_list":["post-77772","post","type-post","status-publish","format-standard","has-post-thumbnail","hentry","category-noticias","tag-cordoba","tag-mundial","tag-turismo"],"acf":[],"aioseo_notices":[],"_links":{"self":[{"href":"https:\/\/www.lasrosas.com.ar\/portal\/wp-json\/wp\/v2\/posts\/77772","targetHints":{"allow":["GET"]}}],"collection":[{"href":"https:\/\/www.lasrosas.com.ar\/portal\/wp-json\/wp\/v2\/posts"}],"about":[{"href":"https:\/\/www.lasrosas.com.ar\/portal\/wp-json\/wp\/v2\/types\/post"}],"author":[{"embeddable":true,"href":"https:\/\/www.lasrosas.com.ar\/portal\/wp-json\/wp\/v2\/users\/6"}],"replies":[{"embeddable":true,"href":"https:\/\/www.lasrosas.com.ar\/portal\/wp-json\/wp\/v2\/comments?post=77772"}],"version-history":[{"count":2,"href":"https:\/\/www.lasrosas.com.ar\/portal\/wp-json\/wp\/v2\/posts\/77772\/revisions"}],"predecessor-version":[{"id":77777,"href":"https:\/\/www.lasrosas.com.ar\/portal\/wp-json\/wp\/v2\/posts\/77772\/revisions\/77777"}],"wp:featuredmedia":[{"embeddable":true,"href":"https:\/\/www.lasrosas.com.ar\/portal\/wp-json\/wp\/v2\/media\/77773"}],"wp:attachment":[{"href":"https:\/\/www.lasrosas.com.ar\/portal\/wp-json\/wp\/v2\/media?parent=77772"}],"wp:term":[{"taxonomy":"category","embeddable":true,"href":"https:\/\/www.lasrosas.com.ar\/portal\/wp-json\/wp\/v2\/categories?post=77772"},{"taxonomy":"post_tag","embeddable":true,"href":"https:\/\/www.lasrosas.com.ar\/portal\/wp-json\/wp\/v2\/tags?post=77772"}],"curies":[{"name":"wp","href":"https:\/\/api.w.org\/{rel}","templated":true}]}}