{"id":77693,"date":"2024-05-06T11:49:57","date_gmt":"2024-05-06T14:49:57","guid":{"rendered":"https:\/\/www.lasrosas.com.ar\/portal\/?p=77693"},"modified":"2024-05-06T11:51:13","modified_gmt":"2024-05-06T14:51:13","slug":"friends-las-razones-que-hicieron-de-la-sitcom-un-fenomeno-televisivo","status":"publish","type":"post","link":"https:\/\/www.lasrosas.com.ar\/portal\/friends-las-razones-que-hicieron-de-la-sitcom-un-fenomeno-televisivo\/","title":{"rendered":"FRIENDS: LAS RAZONES QUE HICIERON DE LA SITCOM UN FEN\u00d3MENO TELEVISIVO\u00a0"},"content":{"rendered":"\n<p><em>La sitcom est\u00e1 disponible en la programaci\u00f3n de Warner Channel\u00a0a partir del 1 de mayo.\u00a0<\/em><\/p>\n\n\n\n<p>Responsable de influir en varias generaciones de espectadores y definir una nueva era para la comedia televisiva, \u2018<strong>FRIENDS\u2019&nbsp;<\/strong>ha sido un hito en la cultura pop desde su estreno en 1994. Con una premisa que giraba en torno a la vida de un grupo de seis amigos en Nueva York, la sitcom se convirti\u00f3 en un fen\u00f3meno, alcanzando el estatus de uno de los eventos televisivos m\u00e1s importantes de la d\u00e9cada<\/p>\n\n\n\n<p>A pesar de una trama en apariencia simple, \u2018<strong>FRIENDS\u2019<\/strong>&nbsp;cuenta con varias singularidades que hacen de la serie una obra maestra de la TV por generaciones desde el lanzamiento de su primera temporada en la d\u00e9cada de los 90.&nbsp;<\/p>\n\n\n\n<figure class=\"wp-block-image size-large\"><img decoding=\"async\" width=\"1920\" height=\"1281\" data-src=\"https:\/\/www.lasrosas.com.ar\/portal\/wp-content\/uploads\/fullres-00223180-1920x1281.jpg\" alt=\"\" class=\"wp-image-77697 lazyload\" data-srcset=\"https:\/\/www.lasrosas.com.ar\/portal\/wp-content\/uploads\/fullres-00223180-1920x1281.jpg 1920w, https:\/\/www.lasrosas.com.ar\/portal\/wp-content\/uploads\/fullres-00223180-960x641.jpg 960w, https:\/\/www.lasrosas.com.ar\/portal\/wp-content\/uploads\/fullres-00223180-1536x1025.jpg 1536w, https:\/\/www.lasrosas.com.ar\/portal\/wp-content\/uploads\/fullres-00223180-scaled.jpg 2048w\" data-sizes=\"(max-width: 1920px) 100vw, 1920px\" src=\"data:image\/svg+xml;base64,PHN2ZyB3aWR0aD0iMSIgaGVpZ2h0PSIxIiB4bWxucz0iaHR0cDovL3d3dy53My5vcmcvMjAwMC9zdmciPjwvc3ZnPg==\" style=\"--smush-placeholder-width: 1920px; --smush-placeholder-aspect-ratio: 1920\/1281;\" \/><\/figure>\n\n\n\n<p><br><strong>\u00bfPor qu\u00e9 FRIENDS nos gusta tanto?\u00a0<\/strong><\/p>\n\n\n\n<p>Con personajes genuinos, aut\u00e9nticos y, sobre todo, falibles, la serie captur\u00f3 la esencia de varios fans que se identificaron con los viajes de cada personaje. Un ejemplo de ello es la transformaci\u00f3n de Rachel, que pas\u00f3 de ser una ni\u00f1a mimada a una mujer empoderada a lo largo de los a\u00f1os. Otro cl\u00e1sico es la identificaci\u00f3n con la historia de amor de M\u00f3nica y Chandler, llena de altibajos, pero sorprendentemente rom\u00e1ntica.<\/p>\n\n\n\n<p>Esta narrativa de personajes, acompa\u00f1ada de di\u00e1logos \u00e1giles y situaciones c\u00f3micas que surgen de las interacciones cotidianas de los seis amigos, hizo que la serie estableciera un nuevo est\u00e1ndar para la comedia r\u00e1pida e inteligente, que perdura en obras hasta los tiempos actuales.<\/p>\n\n\n\n<p>Adem\u00e1s, la habilidad de&nbsp;<strong>\u2018FRIENDS\u2019<\/strong>&nbsp;para equilibrar el humor y la emoci\u00f3n tambi\u00e9n es una de las razones por las cuales la sitcom logr\u00f3 conquistar el coraz\u00f3n del p\u00fablico durante 10 temporadas incre\u00edbles y, a pesar del tiempo, sigue siendo una de las comedias m\u00e1s queridas y populares hasta hoy.<\/p>\n\n\n\n<p>\u00a1Y la buena noticia es que los fans podr\u00e1n ver el comienzo de este legado! En mayo,&nbsp;<strong>\u2018FRIENDS\u2019<\/strong>&nbsp;vuelve a la programaci\u00f3n de&nbsp;<strong>Warner Channel<\/strong>, con una marat\u00f3n especial de la primera temporada durante todo el d\u00eda el 1 de mayo.&nbsp;<\/p>\n\n\n\n<p>Adem\u00e1s,&nbsp; el 1 de mayo a las 22:00hs., el especial \u2018<strong>FRIENDS: THE REUNION\u2019,<\/strong>&nbsp;que re\u00fane a las estrellas&nbsp;<strong>Jennifer Aniston, Courteney Cox, Lisa Kudrow, Matt LeBlanc, Matthew Perry y David Schwimmer<\/strong>&nbsp;en el set de filmaci\u00f3n de los estudios&nbsp;<strong>Warner Bros.<\/strong>&nbsp;para recordar los momentos m\u00e1s divertidos y emocionantes de la serie, tambi\u00e9n se transmitir\u00e1 en el canal.<\/p>\n\n\n\n<p>Despu\u00e9s de la marat\u00f3n especial, los fans tambi\u00e9n tendr\u00e1n la oportunidad de volver a ver los momentos ic\u00f3nicos de estos personajes. A partir del 2 de mayo,&nbsp; de lunes a jueves por la tarde, se transmitir\u00e1n los episodios de todas las temporadas de&nbsp;<strong>FRIENDS<\/strong>&nbsp;en&nbsp;<strong>Warner Channel.<\/strong><\/p>\n<!-- AddThis Advanced Settings generic via filter on the_content --><!-- AddThis Share Buttons generic via filter on the_content -->","protected":false},"excerpt":{"rendered":"<p>La sitcom est\u00e1 disponible en la programaci\u00f3n de Warner Channel\u00a0a partir del 1 de mayo.\u00a0 Responsable de influir en varias generaciones de espectadores y definir una nueva era para la comedia televisiva, \u2018FRIENDS\u2019&nbsp;ha sido un hito en la cultura pop desde su estreno en 1994. Con una premisa que giraba en torno a la vida [&hellip;]<!-- AddThis Advanced Settings generic via filter on get_the_excerpt --><!-- AddThis Share Buttons generic via filter on get_the_excerpt --><\/p>\n","protected":false},"author":6,"featured_media":77695,"comment_status":"closed","ping_status":"open","sticky":false,"template":"","format":"standard","meta":{"_acf_changed":false,"om_disable_all_campaigns":false,"_monsterinsights_skip_tracking":false,"_monsterinsights_sitenote_active":false,"_monsterinsights_sitenote_note":"","_monsterinsights_sitenote_category":0,"_uf_show_specific_survey":0,"_uf_disable_surveys":false,"footnotes":""},"categories":[100],"tags":[470,472,471],"class_list":["post-77693","post","type-post","status-publish","format-standard","has-post-thumbnail","hentry","category-noticias","tag-friends","tag-television-2","tag-warner"],"acf":[],"aioseo_notices":[],"_links":{"self":[{"href":"https:\/\/www.lasrosas.com.ar\/portal\/wp-json\/wp\/v2\/posts\/77693","targetHints":{"allow":["GET"]}}],"collection":[{"href":"https:\/\/www.lasrosas.com.ar\/portal\/wp-json\/wp\/v2\/posts"}],"about":[{"href":"https:\/\/www.lasrosas.com.ar\/portal\/wp-json\/wp\/v2\/types\/post"}],"author":[{"embeddable":true,"href":"https:\/\/www.lasrosas.com.ar\/portal\/wp-json\/wp\/v2\/users\/6"}],"replies":[{"embeddable":true,"href":"https:\/\/www.lasrosas.com.ar\/portal\/wp-json\/wp\/v2\/comments?post=77693"}],"version-history":[{"count":3,"href":"https:\/\/www.lasrosas.com.ar\/portal\/wp-json\/wp\/v2\/posts\/77693\/revisions"}],"predecessor-version":[{"id":77700,"href":"https:\/\/www.lasrosas.com.ar\/portal\/wp-json\/wp\/v2\/posts\/77693\/revisions\/77700"}],"wp:featuredmedia":[{"embeddable":true,"href":"https:\/\/www.lasrosas.com.ar\/portal\/wp-json\/wp\/v2\/media\/77695"}],"wp:attachment":[{"href":"https:\/\/www.lasrosas.com.ar\/portal\/wp-json\/wp\/v2\/media?parent=77693"}],"wp:term":[{"taxonomy":"category","embeddable":true,"href":"https:\/\/www.lasrosas.com.ar\/portal\/wp-json\/wp\/v2\/categories?post=77693"},{"taxonomy":"post_tag","embeddable":true,"href":"https:\/\/www.lasrosas.com.ar\/portal\/wp-json\/wp\/v2\/tags?post=77693"}],"curies":[{"name":"wp","href":"https:\/\/api.w.org\/{rel}","templated":true}]}}