{"id":7760,"date":"2018-09-24T11:40:37","date_gmt":"2018-09-24T14:40:37","guid":{"rendered":"https:\/\/www.lasrosas.com.ar\/portal\/?p=7760"},"modified":"2018-09-24T11:42:22","modified_gmt":"2018-09-24T14:42:22","slug":"7760-2","status":"publish","type":"post","link":"https:\/\/www.lasrosas.com.ar\/portal\/7760-2\/","title":{"rendered":"MART\u00cdN FIERRO DE CABLE 2018: TODOS LOS DETALLES"},"content":{"rendered":"<h3><strong>Esta noche la Asociaci\u00f3n de Periodistas de Televisi\u00f3n y la Radiofon\u00eda de la Argentina (APTRA) premiar\u00e1 a las mejores producciones de la televisi\u00f3n por cable.<\/strong><\/h3>\n<p>La ceremonia se realizar\u00e1 en el Hotel Panamericano y ser\u00e1 transmitido por <strong>Canal Magazine<\/strong>, la cual comenzar\u00e1 a las 20 horas con la alfombra roja, y desde las 21 con la gala en vivo. La conducci\u00f3n estar\u00e1 a cargo de\u00a0<strong>Horacio Cabak y Gabriela Sobrado.<\/strong><\/p>\n<p><strong>A continuaci\u00f3n te mostramos la lista de nominados.<\/strong><\/p>\n<p><strong>Programa de Inter\u00e9s General<\/strong><\/p>\n<p>En el Camino (TN)<br \/>\n\u00cdntimo y personal (Metro)<br \/>\nTVR (C5N)<\/p>\n<p><strong>Magazine<\/strong><\/p>\n<p>Cont\u00e1melo todo (CN23)<br \/>\nLas rubias + uno (KZO)<br \/>\nPampita Online (KZO)<\/p>\n<p><strong>Programa sobre Econom\u00eda\u00a0<\/strong><\/p>\n<p>El inversor (Metro)<br \/>\n\u00bfQu\u00e9 hacemos con los pesos? (Canal 26)<br \/>\nMaldita econom\u00eda (LN+)<\/p>\n<p><strong>Programa Period\u00edstico<\/strong><\/p>\n<p>1 + 1 = 3 (Cr\u00f3nica HD)<br \/>\nA dos voces (TN)<br \/>\nLuis Novaresio entrevista (A24)<br \/>\nMinuto uno (C5N)<\/p>\n<p><strong>Programa Cultural\/Educativo<\/strong><\/p>\n<p>Cinetec (Ciudad Magazine)<br \/>\nEspacio (\u00e1) (Canal (\u00e1))<br \/>\nTUC 200 a\u00f1os de historia (A24)<\/p>\n<p><strong>Arte y Tendencias<\/strong><\/p>\n<p>En el teatro (Canal (\u00e1))<br \/>\nMandinga Tattoo TV (Canal de la Ciudad)<br \/>\nPerdidos en Buenos Aires (LN+)<\/p>\n<p><strong>Noticiero<\/strong><\/p>\n<p>Buenos d\u00edas Am\u00e9rica (A24)<br \/>\nEl central (TN)<br \/>\nEl diario (C5N)<\/p>\n<p><strong>Noticiero Deportivo<\/strong><\/p>\n<p>SportsCenter (ESPN)<br \/>\nSportia (TyC Sports)<br \/>\nTN deportivo (TN)<\/p>\n<p><strong>Programa Deportivo<\/strong><\/p>\n<p>Domingol (TyC Sports)<br \/>\nHalcones y palomas (TNT Sports)<br \/>\nJuego sagrado (FOX Sports)<\/p>\n<p><strong>Period\u00edstico Deportivo<\/strong><\/p>\n<p>TNT gol (TNT Sports)<br \/>\nFOX Sports radio (FOX Sports)<br \/>\nSimplemente f\u00fatbol (ESPN)<\/p>\n<p><strong>Deportes Extremos<\/strong><\/p>\n<p>Aerial (Quiero M\u00fasica en mi Idioma)<br \/>\nTN extremo (TN)<br \/>\nWinter news (FOX Sports)<\/p>\n<p><strong>Musical: Tango\/Folklore<\/strong><\/p>\n<p>Peque\u00f1os universos (Encuentro)<br \/>\nSin gomina (CN23)<br \/>\nTe sigo queriendo (Argentin\u00edsima Satelital)<\/p>\n<p><strong>Musical: Pop\/Rock\/Latino\/Jazz\u00a0<\/strong><\/p>\n<p>Jazzolog\u00eda (Canal de la Ciudad)<br \/>\nLa casa del pop (Quiero M\u00fasica en mi Idioma)<br \/>\nLa viola (TN)<\/p>\n<p><strong>Programa Infantil\/Juvenil\u00a0<\/strong><\/p>\n<p>Junior Express (Disney Junior)<br \/>\nNariz de lata (Paka Paka)<br \/>\nSoy Luna (Disney Channel)<\/p>\n<p><strong>Servicio Informativo<\/strong><\/p>\n<p>A24<br \/>\nC5N<br \/>\nTN<\/p>\n<p><strong>Programa Documental<\/strong><\/p>\n<p>Ataque a la Embajada (History Channel)<br \/>\nChe, la peligrosa costumbre de nacer (Encuentro)<br \/>\nLa Colifata en Mosc\u00fa (Encuentro)<\/p>\n<p><strong>Programa de temas M\u00e9dico<\/strong><\/p>\n<p>A ciencia cierta (Metro)<br \/>\nIntelexis mujer (Metro)<br \/>\nSin dolor (A24)<\/p>\n<p><strong>Programa Culinario<\/strong><\/p>\n<p>Expertas TV (Cr\u00f3nica HD)<br \/>\nLos Petersen &#8211; Recetas caseras (El Gourmet)<br \/>\nVilla della pasta (El Gourmet)<\/p>\n<p><strong>Programa Rural<\/strong><\/p>\n<p>A corral (Canal Rural)<br \/>\nBichos de campo (Metro)<br \/>\nHombres de campo (Canal Rural)<\/p>\n<p><strong>Turismo y Tiempo Libre<\/strong><\/p>\n<p>El turismo y la hospitalidad (Canal 26)<br \/>\nExpedici\u00f3n Merino (Canal de la Ciudad)<br \/>\nMundo visual (A24)<\/p>\n<p><strong>Programa de Moda\/Femenino<\/strong><\/p>\n<p>Con Teresa (Metro)<br \/>\nLa Jaula de la Moda (Ciudad Magazine)<br \/>\nSufragistas, pioneras de las luchas feministas (Encuentro)<\/p>\n<p><strong>Programa de Servicio<\/strong><\/p>\n<p>Andino y el pa\u00eds (A24)<br \/>\nHistorias que inspiran (Canal 26)<br \/>\nMirta te acompa\u00f1a (Metro)<\/p>\n<p><strong>Juegos\/Entretenimientos\/Reality<\/strong><\/p>\n<p>El ritmo (Quiero M\u00fasica en mi Idioma)<br \/>\nEureka, desaf\u00edo de ideas (Encuentro)<br \/>\nLado Oberto (TyC Sports)<\/p>\n<p><strong>Producci\u00f3n Integral<\/strong><\/p>\n<p>A24<br \/>\nC5N<br \/>\nTN<\/p>\n<p><strong>Labor Humor\u00edstica<\/strong><\/p>\n<p>Agust\u00edn Aristar\u00e1n \u201cRadagast\u201d (La culpa es de Col\u00f3n \u2013 Comedy Central)<br \/>\nLuis Rubio (La comedia no se mancha \u2013 TNT Sports)<br \/>\nMart\u00edn Pugliese (Comedy Central Stand Up \u2013 Comedy Central)<\/p>\n<p><strong>Labor Conducci\u00f3n Femenina<\/strong><\/p>\n<p>Carolina \u201cPampita\u201d Ardohain (Pampita Online &#8211; KZO)<br \/>\nMarcela Tinayre (Las rubias + uno &#8211; KZO)<br \/>\nTet\u00e9 Coustarot (TUC 200 a\u00f1os de historia &#8211; A24)<\/p>\n<p><strong>Labor Conducci\u00f3n Masculina<\/strong><\/p>\n<p>Horacio Cabak (La Jaula de la Moda &#8211; Ciudad Magazine)<br \/>\nJuan Pablo Varsky (TNT gol \u2013 TNT Sports)<br \/>\nRoberto Funes Ugarte (TVR &#8211; C5N)<br \/>\nSergio Lapeg\u00fce (TN de 6 a 10 \u2013 TN)<\/p>\n<p><strong>Labor Period\u00edstica Deportiva<\/strong><\/p>\n<p>Emiliano Pins\u00f3n (Agenda FOX \u2013 FOX Sports)<br \/>\nLuciana Rubinska (Agenda FOX \u2013 FOX Sports)<br \/>\nMarcelo Benedetto (FOX Sports radio \u2013 FOX Sports)<\/p>\n<p><strong>Labor Period\u00edstica Femenina<\/strong><\/p>\n<p>Dominique Metzger (TN)<br \/>\nLuciana Geuna (TN)<br \/>\nMar\u00eda Helena Ripetta (Cr\u00f3nica HD)<\/p>\n<p><strong>Labor Period\u00edstica Masculina<\/strong><\/p>\n<p>Julio Baz\u00e1n (TN)<br \/>\nNicol\u00e1s Wi\u00f1asky (TN)<br \/>\nPaulo Kablan (C5N)<\/p>\n<p>&nbsp;<\/p>\n<p>&nbsp;<\/p>\n<p>&nbsp;<\/p>\n<!-- AddThis Advanced Settings generic via filter on the_content --><!-- AddThis Share Buttons generic via filter on the_content -->","protected":false},"excerpt":{"rendered":"<p>Esta noche la Asociaci\u00f3n de Periodistas de Televisi\u00f3n y la Radiofon\u00eda de la Argentina (APTRA) premiar\u00e1 a las mejores producciones de la televisi\u00f3n por cable. La ceremonia se realizar\u00e1 en el Hotel Panamericano y ser\u00e1 transmitido por Canal Magazine, la cual comenzar\u00e1 a las 20 horas con la alfombra roja, y desde las 21 con [&hellip;]<!-- AddThis Advanced Settings generic via filter on get_the_excerpt --><!-- AddThis Share Buttons generic via filter on get_the_excerpt --><\/p>\n","protected":false},"author":6,"featured_media":7761,"comment_status":"closed","ping_status":"open","sticky":false,"template":"","format":"standard","meta":{"_acf_changed":false,"om_disable_all_campaigns":false,"_monsterinsights_skip_tracking":false,"_monsterinsights_sitenote_active":false,"_monsterinsights_sitenote_note":"","_monsterinsights_sitenote_category":0,"_uf_show_specific_survey":0,"_uf_disable_surveys":false,"footnotes":""},"categories":[100],"tags":[],"class_list":["post-7760","post","type-post","status-publish","format-standard","has-post-thumbnail","hentry","category-noticias"],"acf":[],"aioseo_notices":[],"_links":{"self":[{"href":"https:\/\/www.lasrosas.com.ar\/portal\/wp-json\/wp\/v2\/posts\/7760","targetHints":{"allow":["GET"]}}],"collection":[{"href":"https:\/\/www.lasrosas.com.ar\/portal\/wp-json\/wp\/v2\/posts"}],"about":[{"href":"https:\/\/www.lasrosas.com.ar\/portal\/wp-json\/wp\/v2\/types\/post"}],"author":[{"embeddable":true,"href":"https:\/\/www.lasrosas.com.ar\/portal\/wp-json\/wp\/v2\/users\/6"}],"replies":[{"embeddable":true,"href":"https:\/\/www.lasrosas.com.ar\/portal\/wp-json\/wp\/v2\/comments?post=7760"}],"version-history":[{"count":0,"href":"https:\/\/www.lasrosas.com.ar\/portal\/wp-json\/wp\/v2\/posts\/7760\/revisions"}],"wp:featuredmedia":[{"embeddable":true,"href":"https:\/\/www.lasrosas.com.ar\/portal\/wp-json\/wp\/v2\/media\/7761"}],"wp:attachment":[{"href":"https:\/\/www.lasrosas.com.ar\/portal\/wp-json\/wp\/v2\/media?parent=7760"}],"wp:term":[{"taxonomy":"category","embeddable":true,"href":"https:\/\/www.lasrosas.com.ar\/portal\/wp-json\/wp\/v2\/categories?post=7760"},{"taxonomy":"post_tag","embeddable":true,"href":"https:\/\/www.lasrosas.com.ar\/portal\/wp-json\/wp\/v2\/tags?post=7760"}],"curies":[{"name":"wp","href":"https:\/\/api.w.org\/{rel}","templated":true}]}}