{"id":77466,"date":"2024-04-26T12:38:50","date_gmt":"2024-04-26T15:38:50","guid":{"rendered":"https:\/\/www.lasrosas.com.ar\/portal\/?p=77466"},"modified":"2024-04-26T12:38:53","modified_gmt":"2024-04-26T15:38:53","slug":"mi-madre-mi-novia-y-yo-la-comedia-mas-divertida-de-los-ultimos-anos-vuelve-los-martes-al-paseo-la-plaza-2","status":"publish","type":"post","link":"https:\/\/www.lasrosas.com.ar\/portal\/mi-madre-mi-novia-y-yo-la-comedia-mas-divertida-de-los-ultimos-anos-vuelve-los-martes-al-paseo-la-plaza-2\/","title":{"rendered":"\u00abMI MADRE, MI NOVIA Y YO\u00bb LA COMEDIA M\u00c1S DIVERTIDA DE LOS \u00daLTIMOS A\u00d1OS VUELVE LOS MARTES AL PASEO LA PLAZA"},"content":{"rendered":"\n<p>Desde el martes 23 de marzo, la obra m\u00e1s divertida de calle corrientes vuelve por tercer a\u00f1o consecutivo al paseo la plaza.&nbsp;<strong>Mi&nbsp;madre,&nbsp;mi&nbsp;novia&nbsp;y&nbsp;yo<\/strong>&nbsp;protagonizada por Sebasti\u00e1n Presta, Graciela Tenenbaum y Victoria Almeida, con direcci\u00f3n de Diego Reinhold regresa los dias martes a las 20 hs.&nbsp;<\/p>\n\n\n\n<p>La comedia \u00e9xito, estrenada en 2022 y con 3 a\u00f1os ininterrumpidos en cartel, inicia su despedida en el paseo la plaza posicionada como una de las obras m\u00e1s vistas desde su estreno.&nbsp;&nbsp;<strong>Mi&nbsp;madre,&nbsp;mi&nbsp;novia&nbsp;y&nbsp;yo<\/strong>&nbsp;escrita por Mechi Bove con un tema que nos interpela a todos.&nbsp;<\/p>\n\n\n\n<p>La comedia trata sobre los conflictos que tiene un joven solter\u00f3n a la hora de presentar a su&nbsp;novia&nbsp;con su posesiva&nbsp;madre.<\/p>\n\n\n\n<p>Las comedias de embrollos familiares nos convocan siempre, aunque queramos escapar de algunos mandatos todos alguna vez ca\u00edmos en esos lugares conocidos \u00a1y qu\u00e9 mejor que re\u00edrse de ellos!<\/p>\n\n\n\n<figure class=\"wp-block-image size-full\"><img decoding=\"async\" width=\"1000\" height=\"1000\" data-src=\"https:\/\/www.lasrosas.com.ar\/portal\/wp-content\/uploads\/unnamed-170.jpg\" alt=\"\" class=\"wp-image-77467 lazyload\" data-srcset=\"https:\/\/www.lasrosas.com.ar\/portal\/wp-content\/uploads\/\/unnamed-170.jpg 1000w, https:\/\/www.lasrosas.com.ar\/portal\/wp-content\/uploads\/\/unnamed-170-960x960.jpg 960w\" data-sizes=\"(max-width: 1000px) 100vw, 1000px\" src=\"data:image\/svg+xml;base64,PHN2ZyB3aWR0aD0iMSIgaGVpZ2h0PSIxIiB4bWxucz0iaHR0cDovL3d3dy53My5vcmcvMjAwMC9zdmciPjwvc3ZnPg==\" style=\"--smush-placeholder-width: 1000px; --smush-placeholder-aspect-ratio: 1000\/1000;\" \/><\/figure>\n\n\n\n<p><strong>Sebasti\u00e1n Presta<\/strong>&nbsp;encabeza esta desopilante comedia donde interpreta a Fernando, un eterno solter\u00f3n, que por primera vez le presentar\u00e1 su&nbsp;novia&nbsp;(<strong>Victoria Almeida<\/strong>) a su avasallante&nbsp;madre&nbsp;(<strong>Graciela Tenenbaum<\/strong>). La noche traer\u00e1 sorpresas y secretos revelados, que en medio de situaciones disparatadas, llevar\u00e1n a cada uno de ellos hasta el l\u00edmite.<\/p>\n\n\n\n<p>En una Noche Buena, que quiz\u00e1s no resulte tan \u201cbuena\u201d, los v\u00ednculos familiares y amorosos tomar\u00e1n la escena. \u00bfPueden el amor de\u00a0madre\u00a0y el amor de pareja coexistir? Dejar el nido nunca fue f\u00e1cil&#8230; pero quedarse, tampoco.<\/p>\n\n\n\n<figure class=\"wp-block-image size-large is-resized\"><img decoding=\"async\" data-src=\"https:\/\/www.lasrosas.com.ar\/portal\/wp-content\/uploads\/unnamed-1-183-1920x1517.jpg\" alt=\"\" class=\"wp-image-77468 lazyload\" style=\"--smush-placeholder-width: 840px; --smush-placeholder-aspect-ratio: 840\/664;width:840px;height:664px\" width=\"840\" height=\"664\" data-srcset=\"https:\/\/www.lasrosas.com.ar\/portal\/wp-content\/uploads\/\/unnamed-1-183-1920x1517.jpg 1920w, https:\/\/www.lasrosas.com.ar\/portal\/wp-content\/uploads\/\/unnamed-1-183-960x758.jpg 960w, https:\/\/www.lasrosas.com.ar\/portal\/wp-content\/uploads\/\/unnamed-1-183-1536x1214.jpg 1536w, https:\/\/www.lasrosas.com.ar\/portal\/wp-content\/uploads\/\/unnamed-1-183-scaled.jpg 2048w\" data-sizes=\"(max-width: 840px) 100vw, 840px\" src=\"data:image\/svg+xml;base64,PHN2ZyB3aWR0aD0iMSIgaGVpZ2h0PSIxIiB4bWxucz0iaHR0cDovL3d3dy53My5vcmcvMjAwMC9zdmciPjwvc3ZnPg==\" \/><\/figure>\n\n\n\n<p><strong>Sebasti\u00e1n Presta<\/strong>&nbsp;encabeza esta desopilante comedia donde interpreta a Fernando, un eterno solter\u00f3n, que por primera vez le presentar\u00e1 su&nbsp;novia&nbsp;(<strong>Victoria Almeida<\/strong>) a su avasallante&nbsp;madre&nbsp;(<strong>Graciela Tenenbaum<\/strong>). La noche traer\u00e1 sorpresas y secretos revelados, que en medio de situaciones disparatadas, llevar\u00e1n a cada uno de ellos hasta el l\u00edmite.<\/p>\n\n\n\n<p>En una Noche Buena, que quiz\u00e1s no resulte tan \u201cbuena\u201d, los v\u00ednculos familiares y amorosos tomar\u00e1n la escena. \u00bfPueden el amor de&nbsp;madre&nbsp;y el amor de pareja coexistir? Dejar el nido nunca fue f\u00e1cil&#8230; pero quedarse, tampoco.<\/p>\n<!-- AddThis Advanced Settings generic via filter on the_content --><!-- AddThis Share Buttons generic via filter on the_content -->","protected":false},"excerpt":{"rendered":"<p>Desde el martes 23 de marzo, la obra m\u00e1s divertida de calle corrientes vuelve por tercer a\u00f1o consecutivo al paseo la plaza.&nbsp;Mi&nbsp;madre,&nbsp;mi&nbsp;novia&nbsp;y&nbsp;yo&nbsp;protagonizada por Sebasti\u00e1n Presta, Graciela Tenenbaum y Victoria Almeida, con direcci\u00f3n de Diego Reinhold regresa los dias martes a las 20 hs.&nbsp; La comedia \u00e9xito, estrenada en 2022 y con 3 a\u00f1os ininterrumpidos en [&hellip;]<!-- AddThis Advanced Settings generic via filter on get_the_excerpt --><!-- AddThis Share Buttons generic via filter on get_the_excerpt --><\/p>\n","protected":false},"author":6,"featured_media":77468,"comment_status":"closed","ping_status":"open","sticky":false,"template":"","format":"standard","meta":{"_acf_changed":false,"om_disable_all_campaigns":false,"_monsterinsights_skip_tracking":false,"_monsterinsights_sitenote_active":false,"_monsterinsights_sitenote_note":"","_monsterinsights_sitenote_category":0,"_uf_show_specific_survey":0,"_uf_disable_surveys":false,"footnotes":""},"categories":[100],"tags":[],"class_list":["post-77466","post","type-post","status-publish","format-standard","has-post-thumbnail","hentry","category-noticias"],"acf":[],"aioseo_notices":[],"_links":{"self":[{"href":"https:\/\/www.lasrosas.com.ar\/portal\/wp-json\/wp\/v2\/posts\/77466","targetHints":{"allow":["GET"]}}],"collection":[{"href":"https:\/\/www.lasrosas.com.ar\/portal\/wp-json\/wp\/v2\/posts"}],"about":[{"href":"https:\/\/www.lasrosas.com.ar\/portal\/wp-json\/wp\/v2\/types\/post"}],"author":[{"embeddable":true,"href":"https:\/\/www.lasrosas.com.ar\/portal\/wp-json\/wp\/v2\/users\/6"}],"replies":[{"embeddable":true,"href":"https:\/\/www.lasrosas.com.ar\/portal\/wp-json\/wp\/v2\/comments?post=77466"}],"version-history":[{"count":1,"href":"https:\/\/www.lasrosas.com.ar\/portal\/wp-json\/wp\/v2\/posts\/77466\/revisions"}],"predecessor-version":[{"id":77469,"href":"https:\/\/www.lasrosas.com.ar\/portal\/wp-json\/wp\/v2\/posts\/77466\/revisions\/77469"}],"wp:featuredmedia":[{"embeddable":true,"href":"https:\/\/www.lasrosas.com.ar\/portal\/wp-json\/wp\/v2\/media\/77468"}],"wp:attachment":[{"href":"https:\/\/www.lasrosas.com.ar\/portal\/wp-json\/wp\/v2\/media?parent=77466"}],"wp:term":[{"taxonomy":"category","embeddable":true,"href":"https:\/\/www.lasrosas.com.ar\/portal\/wp-json\/wp\/v2\/categories?post=77466"},{"taxonomy":"post_tag","embeddable":true,"href":"https:\/\/www.lasrosas.com.ar\/portal\/wp-json\/wp\/v2\/tags?post=77466"}],"curies":[{"name":"wp","href":"https:\/\/api.w.org\/{rel}","templated":true}]}}