{"id":77460,"date":"2024-04-26T12:34:16","date_gmt":"2024-04-26T15:34:16","guid":{"rendered":"https:\/\/www.lasrosas.com.ar\/portal\/?p=77460"},"modified":"2024-04-26T12:34:19","modified_gmt":"2024-04-26T15:34:19","slug":"leonora-balcarce-presenta-su-opera-prima-una-perla-en-la-arena-tendra-su-lanzamiento-oficial-en-la-feria-del-libro","status":"publish","type":"post","link":"https:\/\/www.lasrosas.com.ar\/portal\/leonora-balcarce-presenta-su-opera-prima-una-perla-en-la-arena-tendra-su-lanzamiento-oficial-en-la-feria-del-libro\/","title":{"rendered":"LEONORA BALCARCE PRESENTA SU \u00d3PERA PRIMA \u201cUNA PERLA EN LA ARENA\u201d: TENDR\u00c1 SU LANZAMIENTO OFICIAL EN LA FERIA DEL LIBRO\u00a0"},"content":{"rendered":"\n<p><em>Es una novela de Editorial Mansalva y la presentaci\u00f3n ser\u00e1 en un stand el jueves 2 de mayo a las 18.30 h.<\/em><\/p>\n\n\n\n<p><em>\u201cUna perla en la arena, la primera aventura narrativa de Leonora Balcarce, recrea la voz de una madre para mostrar las sucesivas escenas refractarias de una vida que la pone en el centro de la acci\u00f3n, y la hace ser despiadada, de humor acid\u00edsimo, inteligente y encantadora. La narraci\u00f3n avanza como una topadora donde los personajes son esclavos de un destino lleno de contratiempos que incluyen juicios de divorcio escandalosos, viajes que buscan un alivio y son un embrollo, escuelas de las que hay que huir por falta de pago\u2026 Una perla en la arena, es una novela tan deliciosa como triste y necesaria\u201d.&nbsp;<\/em><\/p>\n\n\n\n<p><strong><em>Flor Monfort<\/em><\/strong><\/p>\n\n\n\n<p><em>\u201cLeonora Balcarce ha escrito una novela donde las fuerzas de la naturaleza se encarnan en una mujer que atraviesa la vida como un hurac\u00e1n. Con una prosa veloz y preciosista, nos adentra en una trama intensa y disparatada, bella y cruel. Una perla en la arena es un libro que no pasar\u00e1 inadvertido porque es una joya de la literatura argentina contempor\u00e1nea\u201d.&nbsp;<\/em><\/p>\n\n\n\n<figure class=\"wp-block-gallery has-nested-images columns-default is-cropped wp-block-gallery-1 is-layout-flex wp-block-gallery-is-layout-flex\">\n<figure class=\"wp-block-image size-large\"><img decoding=\"async\" width=\"1218\" height=\"1920\" data-id=\"77461\" data-src=\"https:\/\/www.lasrosas.com.ar\/portal\/wp-content\/uploads\/04.-La-tapa-de-_Una-perla-en-la-arena_-de-Leonora-Balcarce--1218x1920.jpg\" alt=\"\" class=\"wp-image-77461 lazyload\" data-srcset=\"https:\/\/www.lasrosas.com.ar\/portal\/wp-content\/uploads\/\/04.-La-tapa-de-_Una-perla-en-la-arena_-de-Leonora-Balcarce--1218x1920.jpg 1218w, https:\/\/www.lasrosas.com.ar\/portal\/wp-content\/uploads\/\/04.-La-tapa-de-_Una-perla-en-la-arena_-de-Leonora-Balcarce--609x960.jpg 609w, https:\/\/www.lasrosas.com.ar\/portal\/wp-content\/uploads\/\/04.-La-tapa-de-_Una-perla-en-la-arena_-de-Leonora-Balcarce--975x1536.jpg 975w, https:\/\/www.lasrosas.com.ar\/portal\/wp-content\/uploads\/\/04.-La-tapa-de-_Una-perla-en-la-arena_-de-Leonora-Balcarce--scaled.jpg 1300w\" data-sizes=\"(max-width: 1218px) 100vw, 1218px\" src=\"data:image\/svg+xml;base64,PHN2ZyB3aWR0aD0iMSIgaGVpZ2h0PSIxIiB4bWxucz0iaHR0cDovL3d3dy53My5vcmcvMjAwMC9zdmciPjwvc3ZnPg==\" style=\"--smush-placeholder-width: 1218px; --smush-placeholder-aspect-ratio: 1218\/1920;\" \/><\/figure>\n\n\n\n<figure class=\"wp-block-image size-large\"><img decoding=\"async\" width=\"1360\" height=\"1920\" data-id=\"77462\" data-src=\"https:\/\/www.lasrosas.com.ar\/portal\/wp-content\/uploads\/03.-Leonora-Balcarce-presenta-su-libro-_Una-perla-en-la-arena_-1360x1920.jpg\" alt=\"\" class=\"wp-image-77462 lazyload\" data-srcset=\"https:\/\/www.lasrosas.com.ar\/portal\/wp-content\/uploads\/\/03.-Leonora-Balcarce-presenta-su-libro-_Una-perla-en-la-arena_-1360x1920.jpg 1360w, https:\/\/www.lasrosas.com.ar\/portal\/wp-content\/uploads\/\/03.-Leonora-Balcarce-presenta-su-libro-_Una-perla-en-la-arena_-680x960.jpg 680w, https:\/\/www.lasrosas.com.ar\/portal\/wp-content\/uploads\/\/03.-Leonora-Balcarce-presenta-su-libro-_Una-perla-en-la-arena_-1088x1536.jpg 1088w, https:\/\/www.lasrosas.com.ar\/portal\/wp-content\/uploads\/\/03.-Leonora-Balcarce-presenta-su-libro-_Una-perla-en-la-arena_-scaled.jpg 1450w\" data-sizes=\"(max-width: 1360px) 100vw, 1360px\" src=\"data:image\/svg+xml;base64,PHN2ZyB3aWR0aD0iMSIgaGVpZ2h0PSIxIiB4bWxucz0iaHR0cDovL3d3dy53My5vcmcvMjAwMC9zdmciPjwvc3ZnPg==\" style=\"--smush-placeholder-width: 1360px; --smush-placeholder-aspect-ratio: 1360\/1920;\" \/><\/figure>\n\n\n\n<figure class=\"wp-block-image size-large\"><img decoding=\"async\" width=\"1536\" height=\"1920\" data-id=\"77463\" data-src=\"https:\/\/www.lasrosas.com.ar\/portal\/wp-content\/uploads\/02.-Leonora-Balcarce-y-su-primer-libro-_Una-perla-en-la-arena_-1536x1920.jpg\" alt=\"\" class=\"wp-image-77463 lazyload\" data-srcset=\"https:\/\/www.lasrosas.com.ar\/portal\/wp-content\/uploads\/\/02.-Leonora-Balcarce-y-su-primer-libro-_Una-perla-en-la-arena_-1536x1920.jpg 1536w, https:\/\/www.lasrosas.com.ar\/portal\/wp-content\/uploads\/\/02.-Leonora-Balcarce-y-su-primer-libro-_Una-perla-en-la-arena_-768x960.jpg 768w, https:\/\/www.lasrosas.com.ar\/portal\/wp-content\/uploads\/\/02.-Leonora-Balcarce-y-su-primer-libro-_Una-perla-en-la-arena_-1229x1536.jpg 1229w, https:\/\/www.lasrosas.com.ar\/portal\/wp-content\/uploads\/\/02.-Leonora-Balcarce-y-su-primer-libro-_Una-perla-en-la-arena_-scaled.jpg 1639w\" data-sizes=\"(max-width: 1536px) 100vw, 1536px\" src=\"data:image\/svg+xml;base64,PHN2ZyB3aWR0aD0iMSIgaGVpZ2h0PSIxIiB4bWxucz0iaHR0cDovL3d3dy53My5vcmcvMjAwMC9zdmciPjwvc3ZnPg==\" style=\"--smush-placeholder-width: 1536px; --smush-placeholder-aspect-ratio: 1536\/1920;\" \/><\/figure>\n<\/figure>\n\n\n\n<p><strong><em>Francisco Garamona<\/em><\/strong><\/p>\n\n\n\n<p><em>\u201cSin adjetivar y sin opinar demasiado, casi nada, Leonora Balcarce se me revela como una escritora que necesitaba. No hace falta describir nada m\u00e1s que los hechos. Una de las virtudes es el car\u00e1cter de punta de iceberg de esta novela. Cualquier lector entre los cuarenta y los sesenta a\u00f1os conoce los decorados de los espacios que habitan estos personajes. Su manera de hablar, su ropaje, su desparpajo y violencia. Su ternura y picard\u00eda. Este tambi\u00e9n es un texto sobre el amor y la redenci\u00f3n. Y sobre la Argentina. Gracias Leonora por regalarnos esta perla en la arena que brilla como tu coraz\u00f3n\u201d.&nbsp;<\/em><\/p>\n\n\n\n<p><strong><em>Fito P\u00e1ez<\/em><\/strong><\/p>\n\n\n\n<p><strong>Leonora Balcarce<\/strong><\/p>\n\n\n\n<p><strong>Colecci\u00f3n:<\/strong> Poes\u00eda y Ficci\u00f3n Latinoamericana<\/p>\n\n\n\n<p><strong>G\u00e9nero: <\/strong>Novela<\/p>\n\n\n\n<p><strong>Cantidad de p\u00e1ginas:<\/strong> 128&nbsp;<\/p>\n\n\n\n<p><strong>ISBN:<\/strong> 978-987-1474-87-6<\/p>\n\n\n\n<p><strong>Formato:<\/strong> 14 x 21 cm<\/p>\n\n\n\n<p><strong>Precio:<\/strong> $19800<\/p>\n<!-- AddThis Advanced Settings generic via filter on the_content --><!-- AddThis Share Buttons generic via filter on the_content -->","protected":false},"excerpt":{"rendered":"<p>Es una novela de Editorial Mansalva y la presentaci\u00f3n ser\u00e1 en un stand el jueves 2 de mayo a las 18.30 h. \u201cUna perla en la arena, la primera aventura narrativa de Leonora Balcarce, recrea la voz de una madre para mostrar las sucesivas escenas refractarias de una vida que la pone en el centro [&hellip;]<!-- AddThis Advanced Settings generic via filter on get_the_excerpt --><!-- AddThis Share Buttons generic via filter on get_the_excerpt --><\/p>\n","protected":false},"author":6,"featured_media":77464,"comment_status":"closed","ping_status":"open","sticky":false,"template":"","format":"standard","meta":{"_acf_changed":false,"om_disable_all_campaigns":false,"_monsterinsights_skip_tracking":false,"_monsterinsights_sitenote_active":false,"_monsterinsights_sitenote_note":"","_monsterinsights_sitenote_category":0,"_uf_show_specific_survey":0,"_uf_disable_surveys":false,"footnotes":""},"categories":[100],"tags":[],"class_list":["post-77460","post","type-post","status-publish","format-standard","has-post-thumbnail","hentry","category-noticias"],"acf":[],"aioseo_notices":[],"_links":{"self":[{"href":"https:\/\/www.lasrosas.com.ar\/portal\/wp-json\/wp\/v2\/posts\/77460","targetHints":{"allow":["GET"]}}],"collection":[{"href":"https:\/\/www.lasrosas.com.ar\/portal\/wp-json\/wp\/v2\/posts"}],"about":[{"href":"https:\/\/www.lasrosas.com.ar\/portal\/wp-json\/wp\/v2\/types\/post"}],"author":[{"embeddable":true,"href":"https:\/\/www.lasrosas.com.ar\/portal\/wp-json\/wp\/v2\/users\/6"}],"replies":[{"embeddable":true,"href":"https:\/\/www.lasrosas.com.ar\/portal\/wp-json\/wp\/v2\/comments?post=77460"}],"version-history":[{"count":1,"href":"https:\/\/www.lasrosas.com.ar\/portal\/wp-json\/wp\/v2\/posts\/77460\/revisions"}],"predecessor-version":[{"id":77465,"href":"https:\/\/www.lasrosas.com.ar\/portal\/wp-json\/wp\/v2\/posts\/77460\/revisions\/77465"}],"wp:featuredmedia":[{"embeddable":true,"href":"https:\/\/www.lasrosas.com.ar\/portal\/wp-json\/wp\/v2\/media\/77464"}],"wp:attachment":[{"href":"https:\/\/www.lasrosas.com.ar\/portal\/wp-json\/wp\/v2\/media?parent=77460"}],"wp:term":[{"taxonomy":"category","embeddable":true,"href":"https:\/\/www.lasrosas.com.ar\/portal\/wp-json\/wp\/v2\/categories?post=77460"},{"taxonomy":"post_tag","embeddable":true,"href":"https:\/\/www.lasrosas.com.ar\/portal\/wp-json\/wp\/v2\/tags?post=77460"}],"curies":[{"name":"wp","href":"https:\/\/api.w.org\/{rel}","templated":true}]}}