{"id":77279,"date":"2024-04-22T15:53:07","date_gmt":"2024-04-22T18:53:07","guid":{"rendered":"https:\/\/www.lasrosas.com.ar\/portal\/?p=77279"},"modified":"2024-04-22T15:53:10","modified_gmt":"2024-04-22T18:53:10","slug":"los-argentinos-se-lucieron-en-los-premios-platino","status":"publish","type":"post","link":"https:\/\/www.lasrosas.com.ar\/portal\/los-argentinos-se-lucieron-en-los-premios-platino\/","title":{"rendered":"LOS ARGENTINOS SE LUCIERON EN LOS PREMIOS PLATINO\u00a0"},"content":{"rendered":"\n<p>El pasado s\u00e1bado 20 de abril se celebr\u00f3 en M\u00e9jico la XI edici\u00f3n de los Premios Platino, los galardones anuales que celebran el\u00a0cine y las series Iberoamericanas. La gala estuvo repleta de figuras argentinas que se destacaron por sus papeles en series y pel\u00edculas del \u00faltimo a\u00f1o como fueron: Iosi, el Esp\u00eda Arrepentido, La Sociedad de la Nieve, El Amor Despu\u00e9s del Amor, entre muchas otras.<\/p>\n\n\n\n<figure class=\"wp-block-gallery has-nested-images columns-default is-cropped wp-block-gallery-1 is-layout-flex wp-block-gallery-is-layout-flex\">\n<figure class=\"wp-block-image size-large\"><img decoding=\"async\" width=\"427\" height=\"822\" data-id=\"77281\" data-src=\"https:\/\/www.lasrosas.com.ar\/portal\/wp-content\/uploads\/Mica-Riera-lucio-un-diseno-de-Anushka-Elliot-en-uno-de-los-eventos-en-el-marco-de-los-Premios-Platino.jpeg\" alt=\"\" class=\"wp-image-77281 lazyload\" src=\"data:image\/svg+xml;base64,PHN2ZyB3aWR0aD0iMSIgaGVpZ2h0PSIxIiB4bWxucz0iaHR0cDovL3d3dy53My5vcmcvMjAwMC9zdmciPjwvc3ZnPg==\" style=\"--smush-placeholder-width: 427px; --smush-placeholder-aspect-ratio: 427\/822;\" \/><\/figure>\n\n\n\n<figure class=\"wp-block-image size-large\"><img decoding=\"async\" width=\"559\" height=\"686\" data-id=\"77280\" data-src=\"https:\/\/www.lasrosas.com.ar\/portal\/wp-content\/uploads\/Mica-Riera-con-un-look-por-Anushka-Elliot-en-uno-de-los-eventos-en-el-marco-de-los-Premios-Platino.jpeg\" alt=\"\" class=\"wp-image-77280 lazyload\" src=\"data:image\/svg+xml;base64,PHN2ZyB3aWR0aD0iMSIgaGVpZ2h0PSIxIiB4bWxucz0iaHR0cDovL3d3dy53My5vcmcvMjAwMC9zdmciPjwvc3ZnPg==\" style=\"--smush-placeholder-width: 559px; --smush-placeholder-aspect-ratio: 559\/686;\" \/><\/figure>\n\n\n\n<figure class=\"wp-block-image size-large\"><img decoding=\"async\" width=\"397\" height=\"611\" data-id=\"77282\" data-src=\"https:\/\/www.lasrosas.com.ar\/portal\/wp-content\/uploads\/Gaston-Baremberg-lucio-un-traje-Rochas-en-los-Premios-Platino.jpeg\" alt=\"\" class=\"wp-image-77282 lazyload\" src=\"data:image\/svg+xml;base64,PHN2ZyB3aWR0aD0iMSIgaGVpZ2h0PSIxIiB4bWxucz0iaHR0cDovL3d3dy53My5vcmcvMjAwMC9zdmciPjwvc3ZnPg==\" style=\"--smush-placeholder-width: 397px; --smush-placeholder-aspect-ratio: 397\/611;\" \/><\/figure>\n\n\n\n<figure class=\"wp-block-image size-large\"><img decoding=\"async\" width=\"899\" height=\"1600\" data-id=\"77283\" data-src=\"https:\/\/www.lasrosas.com.ar\/portal\/wp-content\/uploads\/Gaston-Baremberg-lucio-un-traje-Rochas-en-los-Premios-Platino-junto-a-Mica-Riera-y-Cecilia-Roth.jpeg\" alt=\"\" class=\"wp-image-77283 lazyload\" data-srcset=\"https:\/\/www.lasrosas.com.ar\/portal\/wp-content\/uploads\/\/Gaston-Baremberg-lucio-un-traje-Rochas-en-los-Premios-Platino-junto-a-Mica-Riera-y-Cecilia-Roth.jpeg 899w, https:\/\/www.lasrosas.com.ar\/portal\/wp-content\/uploads\/\/Gaston-Baremberg-lucio-un-traje-Rochas-en-los-Premios-Platino-junto-a-Mica-Riera-y-Cecilia-Roth-539x960.jpeg 539w, https:\/\/www.lasrosas.com.ar\/portal\/wp-content\/uploads\/\/Gaston-Baremberg-lucio-un-traje-Rochas-en-los-Premios-Platino-junto-a-Mica-Riera-y-Cecilia-Roth-863x1536.jpeg 863w\" data-sizes=\"(max-width: 899px) 100vw, 899px\" src=\"data:image\/svg+xml;base64,PHN2ZyB3aWR0aD0iMSIgaGVpZ2h0PSIxIiB4bWxucz0iaHR0cDovL3d3dy53My5vcmcvMjAwMC9zdmciPjwvc3ZnPg==\" style=\"--smush-placeholder-width: 899px; --smush-placeholder-aspect-ratio: 899\/1600;\" \/><\/figure>\n\n\n\n<figure class=\"wp-block-image size-large\"><img decoding=\"async\" width=\"780\" height=\"1155\" data-id=\"77284\" data-src=\"https:\/\/www.lasrosas.com.ar\/portal\/wp-content\/uploads\/WhatsApp-Image-2024-04-22-at-15.47.06.jpeg\" alt=\"\" class=\"wp-image-77284 lazyload\" data-srcset=\"https:\/\/www.lasrosas.com.ar\/portal\/wp-content\/uploads\/\/WhatsApp-Image-2024-04-22-at-15.47.06.jpeg 780w, https:\/\/www.lasrosas.com.ar\/portal\/wp-content\/uploads\/\/WhatsApp-Image-2024-04-22-at-15.47.06-648x960.jpeg 648w\" data-sizes=\"(max-width: 780px) 100vw, 780px\" src=\"data:image\/svg+xml;base64,PHN2ZyB3aWR0aD0iMSIgaGVpZ2h0PSIxIiB4bWxucz0iaHR0cDovL3d3dy53My5vcmcvMjAwMC9zdmciPjwvc3ZnPg==\" style=\"--smush-placeholder-width: 780px; --smush-placeholder-aspect-ratio: 780\/1155;\" \/><\/figure>\n\n\n\n<figure class=\"wp-block-image size-large\"><img decoding=\"async\" width=\"768\" height=\"1152\" data-id=\"77285\" data-src=\"https:\/\/www.lasrosas.com.ar\/portal\/wp-content\/uploads\/WhatsApp-Image-2024-04-22-at-15.47.15.jpeg\" alt=\"\" class=\"wp-image-77285 lazyload\" data-srcset=\"https:\/\/www.lasrosas.com.ar\/portal\/wp-content\/uploads\/\/WhatsApp-Image-2024-04-22-at-15.47.15.jpeg 768w, https:\/\/www.lasrosas.com.ar\/portal\/wp-content\/uploads\/\/WhatsApp-Image-2024-04-22-at-15.47.15-640x960.jpeg 640w\" data-sizes=\"(max-width: 768px) 100vw, 768px\" src=\"data:image\/svg+xml;base64,PHN2ZyB3aWR0aD0iMSIgaGVpZ2h0PSIxIiB4bWxucz0iaHR0cDovL3d3dy53My5vcmcvMjAwMC9zdmciPjwvc3ZnPg==\" style=\"--smush-placeholder-width: 768px; --smush-placeholder-aspect-ratio: 768\/1152;\" \/><\/figure>\n<\/figure>\n\n\n\n<p><strong>Gustavo Bassani,<\/strong>\u00a0nominado a la categor\u00eda Mejor Actor por\u00a0<em>Iosi, el Esp\u00eda Arrepentido<\/em>;\u00a0<strong>Gast\u00f3n Baremberg<\/strong>, invitado especial como baterista de Fito Paez (figura de la serie biogr\u00e1fica\u00a0<em>El Amor Despu\u00e9s del Amor<\/em>); y\u00a0<strong>Felipe Gonz\u00e1lez Ota\u00f1o<\/strong>, actor de\u00a0<em>La Sociedad de la Nieve;\u00a0<\/em><strong>todos eligieron trajes de Rochas<\/strong>\u00a0para lucir elegantes en la noche de gala.\u00a0<\/p>\n\n\n\n<p><\/p>\n<!-- AddThis Advanced Settings generic via filter on the_content --><!-- AddThis Share Buttons generic via filter on the_content -->","protected":false},"excerpt":{"rendered":"<p>El pasado s\u00e1bado 20 de abril se celebr\u00f3 en M\u00e9jico la XI edici\u00f3n de los Premios Platino, los galardones anuales que celebran el\u00a0cine y las series Iberoamericanas. La gala estuvo repleta de figuras argentinas que se destacaron por sus papeles en series y pel\u00edculas del \u00faltimo a\u00f1o como fueron: Iosi, el Esp\u00eda Arrepentido, La Sociedad [&hellip;]<!-- AddThis Advanced Settings generic via filter on get_the_excerpt --><!-- AddThis Share Buttons generic via filter on get_the_excerpt --><\/p>\n","protected":false},"author":6,"featured_media":77285,"comment_status":"closed","ping_status":"open","sticky":false,"template":"","format":"standard","meta":{"_acf_changed":false,"om_disable_all_campaigns":false,"_monsterinsights_skip_tracking":false,"_monsterinsights_sitenote_active":false,"_monsterinsights_sitenote_note":"","_monsterinsights_sitenote_category":0,"_uf_show_specific_survey":0,"_uf_disable_surveys":false,"footnotes":""},"categories":[100],"tags":[],"class_list":["post-77279","post","type-post","status-publish","format-standard","has-post-thumbnail","hentry","category-noticias"],"acf":[],"aioseo_notices":[],"_links":{"self":[{"href":"https:\/\/www.lasrosas.com.ar\/portal\/wp-json\/wp\/v2\/posts\/77279","targetHints":{"allow":["GET"]}}],"collection":[{"href":"https:\/\/www.lasrosas.com.ar\/portal\/wp-json\/wp\/v2\/posts"}],"about":[{"href":"https:\/\/www.lasrosas.com.ar\/portal\/wp-json\/wp\/v2\/types\/post"}],"author":[{"embeddable":true,"href":"https:\/\/www.lasrosas.com.ar\/portal\/wp-json\/wp\/v2\/users\/6"}],"replies":[{"embeddable":true,"href":"https:\/\/www.lasrosas.com.ar\/portal\/wp-json\/wp\/v2\/comments?post=77279"}],"version-history":[{"count":1,"href":"https:\/\/www.lasrosas.com.ar\/portal\/wp-json\/wp\/v2\/posts\/77279\/revisions"}],"predecessor-version":[{"id":77287,"href":"https:\/\/www.lasrosas.com.ar\/portal\/wp-json\/wp\/v2\/posts\/77279\/revisions\/77287"}],"wp:featuredmedia":[{"embeddable":true,"href":"https:\/\/www.lasrosas.com.ar\/portal\/wp-json\/wp\/v2\/media\/77285"}],"wp:attachment":[{"href":"https:\/\/www.lasrosas.com.ar\/portal\/wp-json\/wp\/v2\/media?parent=77279"}],"wp:term":[{"taxonomy":"category","embeddable":true,"href":"https:\/\/www.lasrosas.com.ar\/portal\/wp-json\/wp\/v2\/categories?post=77279"},{"taxonomy":"post_tag","embeddable":true,"href":"https:\/\/www.lasrosas.com.ar\/portal\/wp-json\/wp\/v2\/tags?post=77279"}],"curies":[{"name":"wp","href":"https:\/\/api.w.org\/{rel}","templated":true}]}}