{"id":77263,"date":"2024-04-22T12:37:53","date_gmt":"2024-04-22T15:37:53","guid":{"rendered":"https:\/\/www.lasrosas.com.ar\/portal\/?p=77263"},"modified":"2024-04-22T12:37:56","modified_gmt":"2024-04-22T15:37:56","slug":"la-serie-ambientalista-de-greenpeace-lina-y-los-amigos-del-arcoiris-llega-a-la-industria-editorial","status":"publish","type":"post","link":"https:\/\/www.lasrosas.com.ar\/portal\/la-serie-ambientalista-de-greenpeace-lina-y-los-amigos-del-arcoiris-llega-a-la-industria-editorial\/","title":{"rendered":"La serie ambientalista de Greenpeace, Lina y los amigos del arco\u00edris, llega a la industria editorial"},"content":{"rendered":"\n<p>Tras el estreno del <a href=\"https:\/\/open.spotify.com\/intl-es\/artist\/1KJz2CHXkTRru0WGYVJMrv?si=klIw2sdbTYKymAuKuiel6w\">primer \u00e1lbum de <strong>\u00abLina y los amigos del arco\u00edris\u00bb<\/strong><\/a> en todas las plataformas digitales, la serie animada infantil pionera en la creaci\u00f3n de conciencia ambiental presenta sus dos primeros libros en la <strong>Feria Internacional del Libro de Buenos Aires<\/strong>: \u201cUn monstruo demasiado ruidoso y \u201cEl misterio de la isla de pl\u00e1stico\u201d.<\/p>\n\n\n\n<p>Los t\u00edtulos, a cargo de <strong>Luciano Saracino <\/strong>y <strong>Mariano Gabriel Vidal<\/strong>, contin\u00faan amplificando el fen\u00f3meno que promueve la conciencia ambiental entre los m\u00e1s peque\u00f1os a partir de las aventuras de<\/p>\n\n\n\n<p>de Lina, una eco-hero\u00edna de 9 a\u00f1os, y su abuelo G\u00fcnter, quienes a bordo de un barco se embarcan en la misi\u00f3n de proteger los humedales, promover el reciclaje y defender el mar argentino.<\/p>\n\n\n\n<p>Ambas novedades editoriales lanzadas por Riderchail ser\u00e1n presentadas <strong>el 11 de mayo a las 17 horas en la Sala Alejandra Pizarnik, en el predio La Rural<\/strong>, (Avenida Sarmiento 2704, CABA) con la presencia de sus autores, personalidades invitadas de la cultura y el espect\u00e1culo, y el staff de contenidos de Greenpeace y Focus Entertainment.<\/p>\n\n\n\n<figure class=\"wp-block-image size-full\"><img decoding=\"async\" width=\"1350\" height=\"759\" data-src=\"https:\/\/www.lasrosas.com.ar\/portal\/wp-content\/uploads\/1-47.jpg\" alt=\"\" class=\"wp-image-77264 lazyload\" data-srcset=\"https:\/\/www.lasrosas.com.ar\/portal\/wp-content\/uploads\/\/1-47.jpg 1350w, https:\/\/www.lasrosas.com.ar\/portal\/wp-content\/uploads\/\/1-47-960x540.jpg 960w\" data-sizes=\"(max-width: 1350px) 100vw, 1350px\" src=\"data:image\/svg+xml;base64,PHN2ZyB3aWR0aD0iMSIgaGVpZ2h0PSIxIiB4bWxucz0iaHR0cDovL3d3dy53My5vcmcvMjAwMC9zdmciPjwvc3ZnPg==\" style=\"--smush-placeholder-width: 1350px; --smush-placeholder-aspect-ratio: 1350\/759;\" \/><\/figure>\n\n\n\n<p>Lina, toda una eco-hero\u00edna, es la protagonista de la primera serie animada argentina con conciencia ambiental<\/p>\n\n\n\n<p><strong>De qu\u00e9 se tratan los libros de <em>Lina y los amigos del arco\u00edris<\/em><\/strong><\/p>\n\n\n\n<p>En \u201cUn monstruo demasiado ruidoso\u201d, Lina defiende al planeta de los monstruos que lo amenazan e invita a sus peque\u00f1os lectores a sumarse al escuadr\u00f3n de amigos del arco\u00edris y luchar contra la contaminaci\u00f3n ambiental que molesta a las ballenas y pone en peligro mar argentino.<\/p>\n\n\n\n<figure class=\"wp-block-image size-full\"><img decoding=\"async\" width=\"1303\" height=\"524\" data-src=\"https:\/\/www.lasrosas.com.ar\/portal\/wp-content\/uploads\/2-4.png\" alt=\"\" class=\"wp-image-77265 lazyload\" data-srcset=\"https:\/\/www.lasrosas.com.ar\/portal\/wp-content\/uploads\/\/2-4.png 1303w, https:\/\/www.lasrosas.com.ar\/portal\/wp-content\/uploads\/\/2-4-960x386.png 960w\" data-sizes=\"(max-width: 1303px) 100vw, 1303px\" src=\"data:image\/svg+xml;base64,PHN2ZyB3aWR0aD0iMSIgaGVpZ2h0PSIxIiB4bWxucz0iaHR0cDovL3d3dy53My5vcmcvMjAwMC9zdmciPjwvc3ZnPg==\" style=\"--smush-placeholder-width: 1303px; --smush-placeholder-aspect-ratio: 1303\/524;\" \/><\/figure>\n\n\n\n<p>Por su parte, en \u201cEl misterio de la isla de pl\u00e1stico\u201d, en una nueva aventura, nuestra hero\u00edna ambiental lucha contra las islas de basura que perjudican a todo el planeta y a sus habitantes. Su vertiginosa historia es un llamado a la acci\u00f3n para que la ayudemos a preservar el medioambiente y ganar la batalla jugando en equipo.<\/p>\n\n\n\n<figure class=\"wp-block-image size-full\"><img decoding=\"async\" width=\"1261\" height=\"482\" data-src=\"https:\/\/www.lasrosas.com.ar\/portal\/wp-content\/uploads\/3-5.png\" alt=\"\" class=\"wp-image-77266 lazyload\" data-srcset=\"https:\/\/www.lasrosas.com.ar\/portal\/wp-content\/uploads\/\/3-5.png 1261w, https:\/\/www.lasrosas.com.ar\/portal\/wp-content\/uploads\/\/3-5-960x367.png 960w\" data-sizes=\"(max-width: 1261px) 100vw, 1261px\" src=\"data:image\/svg+xml;base64,PHN2ZyB3aWR0aD0iMSIgaGVpZ2h0PSIxIiB4bWxucz0iaHR0cDovL3d3dy53My5vcmcvMjAwMC9zdmciPjwvc3ZnPg==\" style=\"--smush-placeholder-width: 1261px; --smush-placeholder-aspect-ratio: 1261\/482;\" \/><\/figure>\n\n\n\n<p><strong>Todos los detalles sobre <em>Lina y los amigos del arco\u00edris<\/em><\/strong><\/p>\n\n\n\n<p><strong><em>Lina y los amigos del arco\u00edris<\/em><\/strong>, el proyecto de Greenpeace en coproducci\u00f3n con Focus Entertainment, es un \u00e9xito y ya acumul\u00f3 m\u00e1s de un mill\u00f3n de reproducciones. La serie animada, que se puede ver a trav\u00e9s del <a href=\"https:\/\/www.youtube.com\/playlist?list=PLgR0D19YPNICFIWvamP3kxHw9qOXEcVSR\">Canal de Greenpeace en YouTube<\/a> y se emite por Flow, cuenta con <strong>8 episodios<\/strong> y busca acercar tanto a los m\u00e1s peque\u00f1os como a los adultos a las tem\u00e1ticas del cuidado ambiental.<\/p>\n\n\n\n<p>Durante los cap\u00edtulos de 11 minutos, se puede disfrutar de la historia de Lina, el personaje principal de 9 a\u00f1os, que vive con su abuelo G\u00fcnther en un barco que recorre mares y r\u00edos, y aborda misiones ambientalistas para defender los ecosistemas y las especies en peligro.&nbsp;<\/p>\n\n\n\n<figure class=\"wp-block-image size-full\"><img decoding=\"async\" width=\"1350\" height=\"759\" data-src=\"https:\/\/www.lasrosas.com.ar\/portal\/wp-content\/uploads\/4-35.jpg\" alt=\"\" class=\"wp-image-77267 lazyload\" data-srcset=\"https:\/\/www.lasrosas.com.ar\/portal\/wp-content\/uploads\/\/4-35.jpg 1350w, https:\/\/www.lasrosas.com.ar\/portal\/wp-content\/uploads\/\/4-35-960x540.jpg 960w\" data-sizes=\"(max-width: 1350px) 100vw, 1350px\" src=\"data:image\/svg+xml;base64,PHN2ZyB3aWR0aD0iMSIgaGVpZ2h0PSIxIiB4bWxucz0iaHR0cDovL3d3dy53My5vcmcvMjAwMC9zdmciPjwvc3ZnPg==\" style=\"--smush-placeholder-width: 1350px; --smush-placeholder-aspect-ratio: 1350\/759;\" \/><\/figure>\n\n\n\n<p>El 8 de marzo, Lina &nbsp;y los amigos del arcoiris debut\u00f3 con su primer single en Spotify, YouTube, Deezer, Apple Music y Amazon Music. Con un total de 7 canciones, el \u00e1lbum fue interpretado por Natalia Rosminati y Mariano Chiessa.<\/p>\n\n\n\n<p>A lo largo de la primera temporada, Lina y sus amigos se enfrentan a diversas aventuras para salvar nuestro planeta. \u00bfAlgunas de ellas? La defensa del mar argentino de la pesca intensiva y la explotaci\u00f3n petrolera y el resguardo de los bosques, a la par que tratan de ofrecer soluciones para bajar los grandes niveles de contaminaci\u00f3n por residuos.<\/p>\n\n\n\n<p>Esta producci\u00f3n conjunta entre <strong>Greenpeace<\/strong> y <strong>Focus Entertainment<\/strong>, con direcci\u00f3n general de <strong>Claudio Groppo<\/strong>, y el gui\u00f3n de <strong>Luciano Saracino<\/strong>, cuenta con <strong>Natalia Rosminati<\/strong> en las voces de Lina e Iris, y <strong>Mariano Chiesa<\/strong>, quien le da vida a G\u00fcnther y Alba. Leto Dugatkin, Facundo Reyes e Ignacio Alaniz completan el elenco.<\/p>\n\n\n\n<p><strong>Diego Salas<\/strong>, director de proyectos de Greenpeace, detall\u00f3 sobre <em>Lina y los amigos del arco\u00edris<\/em>: \u201cEs una serie animada que expone los problemas ambientales que atravesamos desde la mirada de una ni\u00f1a de 9 a\u00f1os. Lina representa la esencia del activismo ambiental, el deseo de luchar por un mundo mejor y m\u00e1s justo, que respete nuestros ecosistemas \u00fanicos y diversos\u201d.<\/p>\n\n\n\n<p><strong>Sobre los futuros proyectos de Lina y los amigos del arco\u00edris<\/strong><\/p>\n\n\n\n<p>La serie, adem\u00e1s, se prepara para otros potentes lanzamientos: el debut de la <a href=\"https:\/\/linaylosamigosdelarcoiris.com.ar\/\"><strong>plataforma digital<\/strong> <strong>de <em>Lina y los amigos del arco\u00edris<\/em><\/strong><\/a> y<strong> la inserci\u00f3n en las escuelas del contenido ambientalista que promueve<\/strong>, con clases magistrales y programas de capacitaci\u00f3n docente.<\/p>\n\n\n\n<p><strong>Sobre Greenpeace<\/strong><\/p>\n\n\n\n<p>Greenpeace es una organizaci\u00f3n ecologista internacional sin fines de lucro e independiente que no acepta donaciones de gobiernos, empresas o partidos pol\u00edticos. Expone problem\u00e1ticas ambientales globales, denuncia a empresas y gobiernos a trav\u00e9s de acciones no violentas y creativas y busca generar conciencia, informar, atraer la atenci\u00f3n p\u00fablica y promover la participaci\u00f3n para desarrollar soluciones.<\/p>\n\n\n\n<figure class=\"wp-block-image size-full\"><img decoding=\"async\" width=\"1350\" height=\"759\" data-src=\"https:\/\/www.lasrosas.com.ar\/portal\/wp-content\/uploads\/5-31.jpg\" alt=\"\" class=\"wp-image-77268 lazyload\" data-srcset=\"https:\/\/www.lasrosas.com.ar\/portal\/wp-content\/uploads\/\/5-31.jpg 1350w, https:\/\/www.lasrosas.com.ar\/portal\/wp-content\/uploads\/\/5-31-960x540.jpg 960w\" data-sizes=\"(max-width: 1350px) 100vw, 1350px\" src=\"data:image\/svg+xml;base64,PHN2ZyB3aWR0aD0iMSIgaGVpZ2h0PSIxIiB4bWxucz0iaHR0cDovL3d3dy53My5vcmcvMjAwMC9zdmciPjwvc3ZnPg==\" style=\"--smush-placeholder-width: 1350px; --smush-placeholder-aspect-ratio: 1350\/759;\" \/><\/figure>\n\n\n\n<p>Lina destaca la imperiosa necesidad de un cambio, inspirando a los ni\u00f1os a convertirse en agentes de cambio mediante acciones como el consumo consciente, la separaci\u00f3n de residuos y el compostaje.<\/p>\n\n\n\n<p><strong>Las redes sociales de Lina<\/strong><\/p>\n\n\n\n<p><a href=\"https:\/\/www.instagram.com\/linaylosamigosdelarcoiris\/\"><strong>Instagram<\/strong><\/a><strong><\/strong><\/p>\n\n\n\n<p><a href=\"https:\/\/www.tiktok.com\/@linayamigosarcoiris\"><strong>TikTok<\/strong><\/a><strong><\/strong><\/p>\n\n\n\n<p><a href=\"https:\/\/www.youtube.com\/@linamusicvideos\"><strong>Lina Music en YouTube<\/strong><\/a><strong><\/strong><\/p>\n<!-- AddThis Advanced Settings generic via filter on the_content --><!-- AddThis Share Buttons generic via filter on the_content -->","protected":false},"excerpt":{"rendered":"<p>Tras el estreno del primer \u00e1lbum de \u00abLina y los amigos del arco\u00edris\u00bb en todas las plataformas digitales, la serie animada infantil pionera en la creaci\u00f3n de conciencia ambiental presenta sus dos primeros libros en la Feria Internacional del Libro de Buenos Aires: \u201cUn monstruo demasiado ruidoso y \u201cEl misterio de la isla de pl\u00e1stico\u201d. [&hellip;]<!-- AddThis Advanced Settings generic via filter on get_the_excerpt --><!-- AddThis Share Buttons generic via filter on get_the_excerpt --><\/p>\n","protected":false},"author":6,"featured_media":77267,"comment_status":"closed","ping_status":"open","sticky":false,"template":"","format":"standard","meta":{"_acf_changed":false,"om_disable_all_campaigns":false,"_monsterinsights_skip_tracking":false,"_monsterinsights_sitenote_active":false,"_monsterinsights_sitenote_note":"","_monsterinsights_sitenote_category":0,"_uf_show_specific_survey":0,"_uf_disable_surveys":false,"footnotes":""},"categories":[100],"tags":[],"class_list":["post-77263","post","type-post","status-publish","format-standard","has-post-thumbnail","hentry","category-noticias"],"acf":[],"aioseo_notices":[],"_links":{"self":[{"href":"https:\/\/www.lasrosas.com.ar\/portal\/wp-json\/wp\/v2\/posts\/77263","targetHints":{"allow":["GET"]}}],"collection":[{"href":"https:\/\/www.lasrosas.com.ar\/portal\/wp-json\/wp\/v2\/posts"}],"about":[{"href":"https:\/\/www.lasrosas.com.ar\/portal\/wp-json\/wp\/v2\/types\/post"}],"author":[{"embeddable":true,"href":"https:\/\/www.lasrosas.com.ar\/portal\/wp-json\/wp\/v2\/users\/6"}],"replies":[{"embeddable":true,"href":"https:\/\/www.lasrosas.com.ar\/portal\/wp-json\/wp\/v2\/comments?post=77263"}],"version-history":[{"count":1,"href":"https:\/\/www.lasrosas.com.ar\/portal\/wp-json\/wp\/v2\/posts\/77263\/revisions"}],"predecessor-version":[{"id":77269,"href":"https:\/\/www.lasrosas.com.ar\/portal\/wp-json\/wp\/v2\/posts\/77263\/revisions\/77269"}],"wp:featuredmedia":[{"embeddable":true,"href":"https:\/\/www.lasrosas.com.ar\/portal\/wp-json\/wp\/v2\/media\/77267"}],"wp:attachment":[{"href":"https:\/\/www.lasrosas.com.ar\/portal\/wp-json\/wp\/v2\/media?parent=77263"}],"wp:term":[{"taxonomy":"category","embeddable":true,"href":"https:\/\/www.lasrosas.com.ar\/portal\/wp-json\/wp\/v2\/categories?post=77263"},{"taxonomy":"post_tag","embeddable":true,"href":"https:\/\/www.lasrosas.com.ar\/portal\/wp-json\/wp\/v2\/tags?post=77263"}],"curies":[{"name":"wp","href":"https:\/\/api.w.org\/{rel}","templated":true}]}}