{"id":77143,"date":"2024-04-18T11:25:11","date_gmt":"2024-04-18T14:25:11","guid":{"rendered":"https:\/\/www.lasrosas.com.ar\/portal\/?p=77143"},"modified":"2024-04-18T11:25:14","modified_gmt":"2024-04-18T14:25:14","slug":"louis-vuitton-presenta-sus-nuevas-creaciones-de-art-de-vivre-para-la-semana-del-diseno-de-milan","status":"publish","type":"post","link":"https:\/\/www.lasrosas.com.ar\/portal\/louis-vuitton-presenta-sus-nuevas-creaciones-de-art-de-vivre-para-la-semana-del-diseno-de-milan\/","title":{"rendered":"LOUIS VUITTON PRESENTA SUS NUEVAS CREACIONES DE ART DE VIVRE PARA LA SEMANA DEL DISE\u00d1O DE MIL\u00c1N"},"content":{"rendered":"\n<p>Louis Vuitton se complace en presentar nuevas piezas para sus colecciones Art de Vivre en un lanzamiento coincidente con la Milan Design Week 2024, que se extiende del 15 al 21 de abril.<\/p>\n\n\n\n<p><strong>La Maison est\u00e1 revelando su nuevo Bed-Trunk, un homenaje a su savoir-faire y esp\u00edritu pionero<\/strong>.<\/p>\n\n\n\n<p>Como parte de la Milan Design Week, Louis Vuitton presentar\u00e1 una reinterpretaci\u00f3n \u00fanica de su ic\u00f3nico Bed-Trunk en su tienda Garage Traversi en Mil\u00e1n. Esta pieza excepcional se inspira en el primer Bed-Trunk, dise\u00f1ado en 1865 por Louis Vuitton mismo y ahora actualizado para fusionar tradici\u00f3n con modernidad.<\/p>\n\n\n\n<p>Creada para el conocedor del dise\u00f1o y el viajero elegante, esta nueva variaci\u00f3n celebra el patrimonio de la Maison, innovando mientras respeta las tradiciones y el savoir-faire desde 1854. El exterior del ba\u00fal est\u00e1 cubierto con el cl\u00e1sico monograma de Louis Vuitton, mientras que su interior muestra la estructura sofisticada de la cama, una innovadora combinaci\u00f3n de aluminio y madera de haya que permite que el Bed-Trunk se transforme r\u00e1pidamente y f\u00e1cilmente en un marco de cama estable.<\/p>\n\n\n\n<p>El colch\u00f3n est\u00e1 dividido en cuatro secciones especialmente dise\u00f1adas para total comodidad. La capa superior del colch\u00f3n de espuma viscoel\u00e1stica cubre cada secci\u00f3n, que descansa sobre correas de algod\u00f3n tejido que se han utilizado para mantener seguros las pertenencias de los clientes durante el viaje desde los primeros ba\u00fales de Louis Vuitton. El colch\u00f3n est\u00e1 cubierto con algod\u00f3n impermeabilizado bordado con precisi\u00f3n con el patr\u00f3n cl\u00e1sico Monogram. Para mayor comodidad, la cabecera de la cama -con una almohada incluida- puede elevarse al \u00e1ngulo perfecto y una peque\u00f1a mesa lateral de madera de haya se adjunta al borde del ba\u00fal.<\/p>\n\n\n\n<figure class=\"wp-block-gallery has-nested-images columns-default is-cropped wp-block-gallery-1 is-layout-flex wp-block-gallery-is-layout-flex\">\n<figure class=\"wp-block-image size-large\"><img decoding=\"async\" width=\"1920\" height=\"1920\" data-id=\"77144\" data-src=\"https:\/\/www.lasrosas.com.ar\/portal\/wp-content\/uploads\/LOUIS_VUITTON_ART_DE_LA_TABLE_8-1-1920x1920.png\" alt=\"\" class=\"wp-image-77144 lazyload\" data-srcset=\"https:\/\/www.lasrosas.com.ar\/portal\/wp-content\/uploads\/\/LOUIS_VUITTON_ART_DE_LA_TABLE_8-1-1920x1920.png 1920w, https:\/\/www.lasrosas.com.ar\/portal\/wp-content\/uploads\/\/LOUIS_VUITTON_ART_DE_LA_TABLE_8-1-960x960.png 960w, https:\/\/www.lasrosas.com.ar\/portal\/wp-content\/uploads\/\/LOUIS_VUITTON_ART_DE_LA_TABLE_8-1-1536x1536.png 1536w, https:\/\/www.lasrosas.com.ar\/portal\/wp-content\/uploads\/\/LOUIS_VUITTON_ART_DE_LA_TABLE_8-1.png 2000w\" data-sizes=\"(max-width: 1920px) 100vw, 1920px\" src=\"data:image\/svg+xml;base64,PHN2ZyB3aWR0aD0iMSIgaGVpZ2h0PSIxIiB4bWxucz0iaHR0cDovL3d3dy53My5vcmcvMjAwMC9zdmciPjwvc3ZnPg==\" style=\"--smush-placeholder-width: 1920px; --smush-placeholder-aspect-ratio: 1920\/1920;\" \/><\/figure>\n\n\n\n<figure class=\"wp-block-image size-large\"><img decoding=\"async\" width=\"1920\" height=\"1920\" data-id=\"77145\" data-src=\"https:\/\/www.lasrosas.com.ar\/portal\/wp-content\/uploads\/M10325_PM1_Interior_view4-1-1920x1920.png\" alt=\"\" class=\"wp-image-77145 lazyload\" data-srcset=\"https:\/\/www.lasrosas.com.ar\/portal\/wp-content\/uploads\/M10325_PM1_Interior_view4-1-1920x1920.png 1920w, https:\/\/www.lasrosas.com.ar\/portal\/wp-content\/uploads\/M10325_PM1_Interior_view4-1-960x960.png 960w, https:\/\/www.lasrosas.com.ar\/portal\/wp-content\/uploads\/M10325_PM1_Interior_view4-1-1536x1536.png 1536w, https:\/\/www.lasrosas.com.ar\/portal\/wp-content\/uploads\/M10325_PM1_Interior_view4-1-2048x2048.png 2048w\" data-sizes=\"(max-width: 1920px) 100vw, 1920px\" src=\"data:image\/svg+xml;base64,PHN2ZyB3aWR0aD0iMSIgaGVpZ2h0PSIxIiB4bWxucz0iaHR0cDovL3d3dy53My5vcmcvMjAwMC9zdmciPjwvc3ZnPg==\" style=\"--smush-placeholder-width: 1920px; --smush-placeholder-aspect-ratio: 1920\/1920;\" \/><\/figure>\n<\/figure>\n\n\n\n<p>A mediados de la d\u00e9cada de 1880, Louis Vuitton ide\u00f3 un nuevo Bed-Trunk especialmente dise\u00f1ado para exploradores de todo el mundo, una invenci\u00f3n patentada por su hijo Georges en 1885. El Bed-Trunk fue luego exhibido en varias exposiciones universales e internacionales, impulsando su inmenso \u00e9xito entre viajeros, exploradores y otros n\u00f3madas, al igual que el Camp Bed-Trunk se volvi\u00f3 indispensable para oficiales en entrenamiento o en servicio activo.<\/p>\n\n\n\n<p>El Bed-Trunk de Louis Vuitton estar\u00e1 disponible para pre-pedido a partir del 16 de abril.<\/p>\n\n\n\n<p><strong>Louis Vuitton Objets Nomades<\/strong><\/p>\n\n\n\n<p>Como parte de la Milan Design Week, una selecci\u00f3n de piezas de la colecci\u00f3n Objets Nomades ser\u00e1 exhibida en las tiendas Garage Traversi y Milano Galleria del 16 al 21 de abril de 2024.<\/p>\n\n\n\n<p>Entre las creaciones exhibidas estar\u00e1n el Cocoon, Bulbo y Merengue de Campana, el sof\u00e1 Binda de Raw Edges y la l\u00e1mpara Bell de Edward Barber y Jay Osgerby.<\/p>\n\n\n\n<p><strong>Louis Vuitton Tableware<\/strong><\/p>\n\n\n\n<p>Louis Vuitton est\u00e1 revelando la expansi\u00f3n de su colecci\u00f3n de vajillas, ahora disponible en un nuevo tono beige, celebrando el esp\u00edritu art\u00edstico de la flor Monogram con un toque contempor\u00e1neo que entrelazan sutilmente el estilo cl\u00e1sico y moderno.<\/p>\n\n\n\n<p>Captando la pureza y la elegancia atemporal, el juego de vajillas Monogram Flower, hecho con porcelana de Limoges, est\u00e1 disponible en una paleta esencial de azul y beige. Sus motivos resaltan el dise\u00f1o gr\u00e1fico de las flores Monogram definitorias con sutiles efectos de acuarela sobre una base blanca intensa. La colecci\u00f3n cuenta con una variedad de formatos que van desde elegantes platos hasta amplios tazones y teteras, dando a cada comida una atm\u00f3sfera on\u00edrica.<\/p>\n\n\n\n<p>La colecci\u00f3n de vajillas est\u00e1 acompa\u00f1ada por Twist Glasses y Flower Carafes, todos disponibles en Cristal Clear, Sapphire, Amber, Emerald o Venetian Ruby, en una reflexi\u00f3n del esp\u00edritu de la Maison. Los Twist Glasses y Flower Carafes est\u00e1n hechos de vidrio de Murano y soplados a mano en el taller de Simone Cenedese, demostrando su excepcional artesan\u00eda e infundiendo a cada pieza un car\u00e1cter \u00fanico.<\/p>\n\n\n\n<p>La nueva colecci\u00f3n de vajillas de Louis Vuitton est\u00e1 disponible en louisvuitton.com y en una selecci\u00f3n de tiendas Louis Vuitton.<\/p>\n<!-- AddThis Advanced Settings generic via filter on the_content --><!-- AddThis Share Buttons generic via filter on the_content -->","protected":false},"excerpt":{"rendered":"<p>Louis Vuitton se complace en presentar nuevas piezas para sus colecciones Art de Vivre en un lanzamiento coincidente con la Milan Design Week 2024, que se extiende del 15 al 21 de abril. La Maison est\u00e1 revelando su nuevo Bed-Trunk, un homenaje a su savoir-faire y esp\u00edritu pionero. Como parte de la Milan Design Week, [&hellip;]<!-- AddThis Advanced Settings generic via filter on get_the_excerpt --><!-- AddThis Share Buttons generic via filter on get_the_excerpt --><\/p>\n","protected":false},"author":6,"featured_media":77145,"comment_status":"closed","ping_status":"open","sticky":false,"template":"","format":"standard","meta":{"_acf_changed":false,"om_disable_all_campaigns":false,"_monsterinsights_skip_tracking":false,"_monsterinsights_sitenote_active":false,"_monsterinsights_sitenote_note":"","_monsterinsights_sitenote_category":0,"_uf_show_specific_survey":0,"_uf_disable_surveys":false,"footnotes":""},"categories":[234,100],"tags":[],"class_list":["post-77143","post","type-post","status-publish","format-standard","has-post-thumbnail","hentry","category-trend","category-noticias"],"acf":[],"aioseo_notices":[],"_links":{"self":[{"href":"https:\/\/www.lasrosas.com.ar\/portal\/wp-json\/wp\/v2\/posts\/77143","targetHints":{"allow":["GET"]}}],"collection":[{"href":"https:\/\/www.lasrosas.com.ar\/portal\/wp-json\/wp\/v2\/posts"}],"about":[{"href":"https:\/\/www.lasrosas.com.ar\/portal\/wp-json\/wp\/v2\/types\/post"}],"author":[{"embeddable":true,"href":"https:\/\/www.lasrosas.com.ar\/portal\/wp-json\/wp\/v2\/users\/6"}],"replies":[{"embeddable":true,"href":"https:\/\/www.lasrosas.com.ar\/portal\/wp-json\/wp\/v2\/comments?post=77143"}],"version-history":[{"count":1,"href":"https:\/\/www.lasrosas.com.ar\/portal\/wp-json\/wp\/v2\/posts\/77143\/revisions"}],"predecessor-version":[{"id":77146,"href":"https:\/\/www.lasrosas.com.ar\/portal\/wp-json\/wp\/v2\/posts\/77143\/revisions\/77146"}],"wp:featuredmedia":[{"embeddable":true,"href":"https:\/\/www.lasrosas.com.ar\/portal\/wp-json\/wp\/v2\/media\/77145"}],"wp:attachment":[{"href":"https:\/\/www.lasrosas.com.ar\/portal\/wp-json\/wp\/v2\/media?parent=77143"}],"wp:term":[{"taxonomy":"category","embeddable":true,"href":"https:\/\/www.lasrosas.com.ar\/portal\/wp-json\/wp\/v2\/categories?post=77143"},{"taxonomy":"post_tag","embeddable":true,"href":"https:\/\/www.lasrosas.com.ar\/portal\/wp-json\/wp\/v2\/tags?post=77143"}],"curies":[{"name":"wp","href":"https:\/\/api.w.org\/{rel}","templated":true}]}}