{"id":77080,"date":"2024-04-17T13:22:29","date_gmt":"2024-04-17T16:22:29","guid":{"rendered":"https:\/\/www.lasrosas.com.ar\/portal\/?p=77080"},"modified":"2024-04-17T13:22:32","modified_gmt":"2024-04-17T16:22:32","slug":"25-anos-de-excelencia-en-estetica-y-cuidado-personal","status":"publish","type":"post","link":"https:\/\/www.lasrosas.com.ar\/portal\/25-anos-de-excelencia-en-estetica-y-cuidado-personal\/","title":{"rendered":"25 A\u00d1OS DE EXCELENCIA EN EST\u00c9TICA Y CUIDADO PERSONAL\u00a0"},"content":{"rendered":"\n<p><em>BACE, el centro de est\u00e9tica y belleza especializado en tratamientos no invasivos, celebra 25 a\u00f1os de trayectoria y compromiso con el cuidado personal y est\u00e9tico.&nbsp;<\/em><\/p>\n\n\n\n<p>Ubicado en el coraz\u00f3n de Recoleta, en Av. Callao 1831, <strong>BACE <\/strong>es el centro de est\u00e9tica de confianza para quienes buscan resultados mediante procedimientos no invasivos, r\u00e1pidos e indoloros. La <strong>Dra. Priscila Dzigciot <\/strong>(MN 129206), especialista en medicina funcional, est\u00e9tica y antienvejecimiento, se encarga de crear un ambiente acogedor y profesional donde sus pacientes, entre ellos numerosas personalidades del mundo art\u00edstico, reciben tratamientos personalizados y de largo plazo.\u00a0<\/p>\n\n\n\n<p><em>\u00abEn BACE, nos esforzamos en ofrecer un tratamiento personalizado que se adapte a<\/em><em> <\/em><em>las necesidades individuales de cada cliente. Durante estos 25 a\u00f1os, hemos<\/em><em> <\/em><em>construido relaciones cercanas con nuestros pacientes, conociendo sus inquietudes y<\/em><em> <\/em><em>objetivos personales. Cada detalle cuenta, desde la primera consulta donde nos<\/em><em> <\/em><em>tomamos el tiempo para comprender sus preocupaciones y metas, hasta el<\/em><em> <\/em><em>seguimiento continuo para garantizar su satisfacci\u00f3n y bienestar. Para nosotros, cada<\/em><em> p<\/em><em>aciente es \u00fanico y nuestro objetivo es ayudarlo a sentirse mejor, brind\u00e1ndole el<\/em><em> <\/em><em>apoyo<\/em><em> y<\/em><em> la atenci\u00f3n que merece\u00bb aclara Priscila<\/em>, directora m\u00e9dica de BACE.&nbsp;<\/p>\n\n\n\n<figure class=\"wp-block-gallery has-nested-images columns-default is-cropped wp-block-gallery-1 is-layout-flex wp-block-gallery-is-layout-flex\">\n<figure class=\"wp-block-image size-large\"><img decoding=\"async\" width=\"1281\" height=\"1920\" data-id=\"77084\" data-src=\"https:\/\/www.lasrosas.com.ar\/portal\/wp-content\/uploads\/Maria-Vazquez_BACE-1281x1920.jpg\" alt=\"\" class=\"wp-image-77084 lazyload\" data-srcset=\"https:\/\/www.lasrosas.com.ar\/portal\/wp-content\/uploads\/Maria-Vazquez_BACE-1281x1920.jpg 1281w, https:\/\/www.lasrosas.com.ar\/portal\/wp-content\/uploads\/Maria-Vazquez_BACE-640x960.jpg 640w, https:\/\/www.lasrosas.com.ar\/portal\/wp-content\/uploads\/Maria-Vazquez_BACE-1025x1536.jpg 1025w, https:\/\/www.lasrosas.com.ar\/portal\/wp-content\/uploads\/Maria-Vazquez_BACE-scaled.jpg 1366w\" data-sizes=\"(max-width: 1281px) 100vw, 1281px\" src=\"data:image\/svg+xml;base64,PHN2ZyB3aWR0aD0iMSIgaGVpZ2h0PSIxIiB4bWxucz0iaHR0cDovL3d3dy53My5vcmcvMjAwMC9zdmciPjwvc3ZnPg==\" style=\"--smush-placeholder-width: 1281px; --smush-placeholder-aspect-ratio: 1281\/1920;\" \/><\/figure>\n\n\n\n<figure class=\"wp-block-image size-large\"><img decoding=\"async\" width=\"1280\" height=\"1920\" data-id=\"77081\" data-src=\"https:\/\/www.lasrosas.com.ar\/portal\/wp-content\/uploads\/Floppy-Tesouro_BACE-1280x1920.jpg\" alt=\"\" class=\"wp-image-77081 lazyload\" data-srcset=\"https:\/\/www.lasrosas.com.ar\/portal\/wp-content\/uploads\/Floppy-Tesouro_BACE-1280x1920.jpg 1280w, https:\/\/www.lasrosas.com.ar\/portal\/wp-content\/uploads\/Floppy-Tesouro_BACE-640x960.jpg 640w, https:\/\/www.lasrosas.com.ar\/portal\/wp-content\/uploads\/Floppy-Tesouro_BACE-1024x1536.jpg 1024w, https:\/\/www.lasrosas.com.ar\/portal\/wp-content\/uploads\/Floppy-Tesouro_BACE-scaled.jpg 1365w\" data-sizes=\"(max-width: 1280px) 100vw, 1280px\" src=\"data:image\/svg+xml;base64,PHN2ZyB3aWR0aD0iMSIgaGVpZ2h0PSIxIiB4bWxucz0iaHR0cDovL3d3dy53My5vcmcvMjAwMC9zdmciPjwvc3ZnPg==\" style=\"--smush-placeholder-width: 1280px; --smush-placeholder-aspect-ratio: 1280\/1920;\" \/><\/figure>\n\n\n\n<figure class=\"wp-block-image size-large\"><img decoding=\"async\" width=\"1281\" height=\"1920\" data-id=\"77085\" data-src=\"https:\/\/www.lasrosas.com.ar\/portal\/wp-content\/uploads\/Emilia-Attias_BACE_2-1281x1920.jpg\" alt=\"\" class=\"wp-image-77085 lazyload\" data-srcset=\"https:\/\/www.lasrosas.com.ar\/portal\/wp-content\/uploads\/Emilia-Attias_BACE_2-1281x1920.jpg 1281w, https:\/\/www.lasrosas.com.ar\/portal\/wp-content\/uploads\/Emilia-Attias_BACE_2-640x960.jpg 640w, https:\/\/www.lasrosas.com.ar\/portal\/wp-content\/uploads\/Emilia-Attias_BACE_2-1025x1536.jpg 1025w, https:\/\/www.lasrosas.com.ar\/portal\/wp-content\/uploads\/Emilia-Attias_BACE_2-scaled.jpg 1366w\" data-sizes=\"(max-width: 1281px) 100vw, 1281px\" src=\"data:image\/svg+xml;base64,PHN2ZyB3aWR0aD0iMSIgaGVpZ2h0PSIxIiB4bWxucz0iaHR0cDovL3d3dy53My5vcmcvMjAwMC9zdmciPjwvc3ZnPg==\" style=\"--smush-placeholder-width: 1281px; --smush-placeholder-aspect-ratio: 1281\/1920;\" \/><\/figure>\n\n\n\n<figure class=\"wp-block-image size-large\"><img decoding=\"async\" width=\"1281\" height=\"1920\" data-id=\"77087\" data-src=\"https:\/\/www.lasrosas.com.ar\/portal\/wp-content\/uploads\/Benjamin-Vicuna_BACE_2-1281x1920.jpg\" alt=\"\" class=\"wp-image-77087 lazyload\" data-srcset=\"https:\/\/www.lasrosas.com.ar\/portal\/wp-content\/uploads\/Benjamin-Vicuna_BACE_2-1281x1920.jpg 1281w, https:\/\/www.lasrosas.com.ar\/portal\/wp-content\/uploads\/Benjamin-Vicuna_BACE_2-640x960.jpg 640w, https:\/\/www.lasrosas.com.ar\/portal\/wp-content\/uploads\/Benjamin-Vicuna_BACE_2-1025x1536.jpg 1025w, https:\/\/www.lasrosas.com.ar\/portal\/wp-content\/uploads\/Benjamin-Vicuna_BACE_2-scaled.jpg 1366w\" data-sizes=\"(max-width: 1281px) 100vw, 1281px\" src=\"data:image\/svg+xml;base64,PHN2ZyB3aWR0aD0iMSIgaGVpZ2h0PSIxIiB4bWxucz0iaHR0cDovL3d3dy53My5vcmcvMjAwMC9zdmciPjwvc3ZnPg==\" style=\"--smush-placeholder-width: 1281px; --smush-placeholder-aspect-ratio: 1281\/1920;\" \/><\/figure>\n\n\n\n<figure class=\"wp-block-image size-large\"><img decoding=\"async\" width=\"1068\" height=\"1600\" data-id=\"77089\" data-src=\"https:\/\/www.lasrosas.com.ar\/portal\/wp-content\/uploads\/WhatsApp-Image-2024-04-17-at-13.21.40.jpeg\" alt=\"\" class=\"wp-image-77089 lazyload\" data-srcset=\"https:\/\/www.lasrosas.com.ar\/portal\/wp-content\/uploads\/\/WhatsApp-Image-2024-04-17-at-13.21.40.jpeg 1068w, https:\/\/www.lasrosas.com.ar\/portal\/wp-content\/uploads\/\/WhatsApp-Image-2024-04-17-at-13.21.40-641x960.jpeg 641w, https:\/\/www.lasrosas.com.ar\/portal\/wp-content\/uploads\/\/WhatsApp-Image-2024-04-17-at-13.21.40-1025x1536.jpeg 1025w\" data-sizes=\"(max-width: 1068px) 100vw, 1068px\" src=\"data:image\/svg+xml;base64,PHN2ZyB3aWR0aD0iMSIgaGVpZ2h0PSIxIiB4bWxucz0iaHR0cDovL3d3dy53My5vcmcvMjAwMC9zdmciPjwvc3ZnPg==\" style=\"--smush-placeholder-width: 1068px; --smush-placeholder-aspect-ratio: 1068\/1600;\" \/><\/figure>\n<\/figure>\n\n\n\n<p>Desde tratamientos faciales revitalizantes hasta procedimientos corporales que esculpen y tonifican, <strong>BACE <\/strong>ofrece una amplia variedad de servicios para hombres y mujeres. Entre los servicios m\u00e1s destacados se encuentra el sistema <strong>Indiba<\/strong>, un tratamiento de radiofrecuencia facial que estimula la formaci\u00f3n de col\u00e1geno en la piel, mejora la apariencia de l\u00edneas de expresi\u00f3n y arrugas, reduce la apariencia de bolsas y ojeras, y proporciona tonicidad y firmeza a la piel. En cuanto a tratamientos corporales, <strong>EvolveX <\/strong>es la nueva m\u00e1quina con tecnolog\u00eda no invasiva que elimina las c\u00e9lulas grasas debajo de la piel y transforma completamente la apariencia y el aspecto del cuerpo.&nbsp;<\/p>\n\n\n\n<p>Las campa\u00f1as anuales, ic\u00f3nicas de <strong>BACE<\/strong>, son protagonizadas por amigos del centro como Emilia Attias, Mar\u00eda V\u00e1zquez, Patricia D&#8217;Arenberg, Benjam\u00edn Vicu\u00f1a, entre otras personalidades, que la acompa\u00f1an en varias ediciones. La motivaci\u00f3n es hacer algo distinto, manteniendo siempre el entusiasmo por sorprender y ofrecer im\u00e1genes que los representen de manera \u00fanica y aut\u00e9ntica. Bajo el lente de reconocidos fot\u00f3grafos y estilistas, trabajan juntos para llevar a cabo esta propuesta, capturando la esencia que caracteriza a <strong>BACE <\/strong>en cada campa\u00f1a.<\/p>\n\n\n\n<p>A lo largo de estos 25 a\u00f1os, BACE contin\u00faa siendo un centro de referencia para innumerables pacientes que lo eligen por la excelencia, el cuidado y bienestar personal.&nbsp;<\/p>\n<!-- AddThis Advanced Settings generic via filter on the_content --><!-- AddThis Share Buttons generic via filter on the_content -->","protected":false},"excerpt":{"rendered":"<p>BACE, el centro de est\u00e9tica y belleza especializado en tratamientos no invasivos, celebra 25 a\u00f1os de trayectoria y compromiso con el cuidado personal y est\u00e9tico.&nbsp; Ubicado en el coraz\u00f3n de Recoleta, en Av. Callao 1831, BACE es el centro de est\u00e9tica de confianza para quienes buscan resultados mediante procedimientos no invasivos, r\u00e1pidos e indoloros. La [&hellip;]<!-- AddThis Advanced Settings generic via filter on get_the_excerpt --><!-- AddThis Share Buttons generic via filter on get_the_excerpt --><\/p>\n","protected":false},"author":6,"featured_media":77088,"comment_status":"closed","ping_status":"open","sticky":false,"template":"","format":"standard","meta":{"_acf_changed":false,"om_disable_all_campaigns":false,"_monsterinsights_skip_tracking":false,"_monsterinsights_sitenote_active":false,"_monsterinsights_sitenote_note":"","_monsterinsights_sitenote_category":0,"_uf_show_specific_survey":0,"_uf_disable_surveys":false,"footnotes":""},"categories":[376,100],"tags":[],"class_list":["post-77080","post","type-post","status-publish","format-standard","has-post-thumbnail","hentry","category-lifestyle","category-noticias"],"acf":[],"aioseo_notices":[],"_links":{"self":[{"href":"https:\/\/www.lasrosas.com.ar\/portal\/wp-json\/wp\/v2\/posts\/77080","targetHints":{"allow":["GET"]}}],"collection":[{"href":"https:\/\/www.lasrosas.com.ar\/portal\/wp-json\/wp\/v2\/posts"}],"about":[{"href":"https:\/\/www.lasrosas.com.ar\/portal\/wp-json\/wp\/v2\/types\/post"}],"author":[{"embeddable":true,"href":"https:\/\/www.lasrosas.com.ar\/portal\/wp-json\/wp\/v2\/users\/6"}],"replies":[{"embeddable":true,"href":"https:\/\/www.lasrosas.com.ar\/portal\/wp-json\/wp\/v2\/comments?post=77080"}],"version-history":[{"count":1,"href":"https:\/\/www.lasrosas.com.ar\/portal\/wp-json\/wp\/v2\/posts\/77080\/revisions"}],"predecessor-version":[{"id":77090,"href":"https:\/\/www.lasrosas.com.ar\/portal\/wp-json\/wp\/v2\/posts\/77080\/revisions\/77090"}],"wp:featuredmedia":[{"embeddable":true,"href":"https:\/\/www.lasrosas.com.ar\/portal\/wp-json\/wp\/v2\/media\/77088"}],"wp:attachment":[{"href":"https:\/\/www.lasrosas.com.ar\/portal\/wp-json\/wp\/v2\/media?parent=77080"}],"wp:term":[{"taxonomy":"category","embeddable":true,"href":"https:\/\/www.lasrosas.com.ar\/portal\/wp-json\/wp\/v2\/categories?post=77080"},{"taxonomy":"post_tag","embeddable":true,"href":"https:\/\/www.lasrosas.com.ar\/portal\/wp-json\/wp\/v2\/tags?post=77080"}],"curies":[{"name":"wp","href":"https:\/\/api.w.org\/{rel}","templated":true}]}}