{"id":77028,"date":"2024-04-13T15:47:15","date_gmt":"2024-04-13T18:47:15","guid":{"rendered":"https:\/\/www.lasrosas.com.ar\/portal\/?p=77028"},"modified":"2024-04-13T15:47:18","modified_gmt":"2024-04-13T18:47:18","slug":"el-sabor-fresco-de-la-magia-de-los-andes-en-la-expresion-de-la-linea-origen","status":"publish","type":"post","link":"https:\/\/www.lasrosas.com.ar\/portal\/el-sabor-fresco-de-la-magia-de-los-andes-en-la-expresion-de-la-linea-origen\/","title":{"rendered":"El sabor fresco de la magia de los Andes en la expresi\u00f3n de la l\u00ednea Origen"},"content":{"rendered":"\n<p>PRECIO SUGERIDO: $11.000<\/p>\n\n\n\n<p><strong>TERRAZAS DE LOS ANDES ORIGEN LAS COMPUERTAS MALBEC 2021.\u00a0<\/strong><\/p>\n\n\n\n<p><strong>Distrito Las Compuertas, Luj\u00e1n de Cuyo<\/strong><\/p>\n\n\n\n<p>Este vino proviene de sus vi\u00f1edos a 1070m y es un tributo a esta tierra excepcional que se extiende en las alturas del margen izquierdo del R\u00edo Mendoza en Luj\u00e1n de Cuyo. Es un terru\u00f1o de suelos franco-arenosos y gran amplitud t\u00e9rmica. Esta expresi\u00f3n pura del Malbec revela un car\u00e1cter intenso, floral, frutal y sedoso con un estilo equilibrado y elegante.&nbsp;<\/p>\n\n\n\n<p>Altitud: 1.070 metros sobre el nivel del mar.&nbsp;<\/p>\n\n\n\n<p>Edad del vi\u00f1edo: plantado en 1929.<\/p>\n\n\n\n<p>Textura del suelo: 42% arena, 42 % limo y 16 % arcilla.\u00a0<\/p>\n\n\n\n<figure class=\"wp-block-image size-full\"><img decoding=\"async\" width=\"179\" height=\"478\" data-src=\"https:\/\/www.lasrosas.com.ar\/portal\/wp-content\/uploads\/image2-3.png\" alt=\"\" class=\"wp-image-77029 lazyload\" src=\"data:image\/svg+xml;base64,PHN2ZyB3aWR0aD0iMSIgaGVpZ2h0PSIxIiB4bWxucz0iaHR0cDovL3d3dy53My5vcmcvMjAwMC9zdmciPjwvc3ZnPg==\" style=\"--smush-placeholder-width: 179px; --smush-placeholder-aspect-ratio: 179\/478;\" \/><\/figure>\n\n\n\n<p>AROMA: Gran complejidad e intensidad arom\u00e1tica. Se destacan los aromas de fruta roja como ciruela y cereza que combinan con notas de violeta y especias de monta\u00f1a, t\u00edpicas del Malbec de clima fr\u00edo.<\/p>\n\n\n\n<p>PALADAR: Entrada sedosa, con persistencia y buena densidad. Su final es amable y persistente.<\/p>\n\n\n\n<p><strong>TERRAZAS DE LOS ANDES ORIGEN LOS CHACAYES MALBEC 2021. Distrito Los Chacayes, Depto Tunuy\u00e1n, Regi\u00f3n Valle de Uco.<\/strong><\/p>\n\n\n\n<p>Este vino proviene de sus vi\u00f1edos a 1200m y es un tributo a esta tierra excepcional que se extiende en las alturas del Valle de Uco. Es un terru\u00f1o de suelo rocoso y gran amplitud t\u00e9rmica. Esta expresi\u00f3n pura de Malbec revela un car\u00e1cter intenso, especiado y estructurado con un estilo equilibrado y elegante.&nbsp;<\/p>\n\n\n\n<p>En el Valle de Uco si bien los suelos son m\u00e1s arenosos y rocosos, y menos profundos. La madurez es m\u00e1s lenta porque las temperaturas son m\u00e1s bajas que en Luj\u00e1n de Cuyo.&nbsp;<\/p>\n\n\n\n<p>Altitud: 1.200 metros sobre el nivel del mar.&nbsp;&nbsp;<\/p>\n\n\n\n<p>Edad de los vi\u00f1edos: plantados en 2012.<\/p>\n\n\n\n<figure class=\"wp-block-image size-large\"><img decoding=\"async\" width=\"1920\" height=\"1279\" data-src=\"https:\/\/www.lasrosas.com.ar\/portal\/wp-content\/uploads\/DSC6244_2-1-1920x1279.jpg\" alt=\"\" class=\"wp-image-77030 lazyload\" data-srcset=\"https:\/\/www.lasrosas.com.ar\/portal\/wp-content\/uploads\/\/DSC6244_2-1-1920x1279.jpg 1920w, https:\/\/www.lasrosas.com.ar\/portal\/wp-content\/uploads\/\/DSC6244_2-1-960x640.jpg 960w, https:\/\/www.lasrosas.com.ar\/portal\/wp-content\/uploads\/\/DSC6244_2-1-1536x1024.jpg 1536w, https:\/\/www.lasrosas.com.ar\/portal\/wp-content\/uploads\/\/DSC6244_2-1-scaled.jpg 2048w\" data-sizes=\"(max-width: 1920px) 100vw, 1920px\" src=\"data:image\/svg+xml;base64,PHN2ZyB3aWR0aD0iMSIgaGVpZ2h0PSIxIiB4bWxucz0iaHR0cDovL3d3dy53My5vcmcvMjAwMC9zdmciPjwvc3ZnPg==\" style=\"--smush-placeholder-width: 1920px; --smush-placeholder-aspect-ratio: 1920\/1279;\" \/><\/figure>\n\n\n\n<p>Composici\u00f3n del suelo:&nbsp;<\/p>\n\n\n\n<ul class=\"wp-block-list\">\n<li>Textura de franco arenosa a arenosa y con recubrimiento calc\u00e1reo.<\/li>\n\n\n\n<li>Profundidad de 0,30 luego canto rodado de mediano a grande.<\/li>\n\n\n\n<li>Heterog\u00e9neo.<\/li>\n\n\n\n<li>Baja capacidad de retenci\u00f3n.<\/li>\n<\/ul>\n\n\n\n<p>AROMA: De una expresi\u00f3n arom\u00e1tica atractiva. Se destacan los aromas de frutos negros, ar\u00e1ndanos y mermelada de ciruela, enmarcados por notas de hierbas silvestres y tomillo que aportan complejidad al <em>bouquet<\/em>.&nbsp;<\/p>\n\n\n\n<p>PALADAR: Su entrada es amplia y con sensaci\u00f3n de untuosidad que otorga densidad al medio de boca. Presenta, a la vez, un final persistente y agradable.<\/p>\n\n\n\n<p><strong>TERRAZAS DE LOS ANDES ORIGEN PARAJE ALTAMIRA <\/strong><strong>BLEND<\/strong><strong> MALBEC &amp; CABERNET SAUVIGNON 2021.&nbsp;<\/strong><\/p>\n\n\n\n<p><strong>Distrito La Consulta, San Carlos, Regi\u00f3n Valle de Uco<\/strong>. Es un tributo a esta tierra excepcional que se extiende en las alturas del margen derecho del Rio Tunuy\u00e1n en Valle de Uco. Es un terru\u00f1o en el que estos dos varietales logran una excelente expresi\u00f3n a la misma altura y se unen con elegancia, profundidad y armon\u00eda.&nbsp;<\/p>\n\n\n\n<p>Altitud: 1.100 metros sobre el nivel del mar.&nbsp;&nbsp;<\/p>\n\n\n\n<p>Edad de los vi\u00f1edos: plantado en 1999.&nbsp;<\/p>\n\n\n\n<p>Textura del suelo: 70% arena, 15% limo, 15% arcilla y presencia de gran cantidad de piedra caliza.<\/p>\n\n\n\n<p>Composici\u00f3n varietal: 50% Malbec 50% Cabernet Sauvignon<\/p>\n\n\n\n<p>AROMA: De una intensa expresi\u00f3n floral y frutada. Se destacan los aromas de moras y grosellas combinadas con notas especiadas y hierbas arom\u00e1ticas que reflejan la frescura de la altura.<\/p>\n\n\n\n<p>PALADAR: Entrada amplia que se distingue por una sensaci\u00f3n de fruta muy duradera y por taninos redondos y maduros. Largo, concentrado y persistente en boca.<\/p>\n<!-- AddThis Advanced Settings generic via filter on the_content --><!-- AddThis Share Buttons generic via filter on the_content -->","protected":false},"excerpt":{"rendered":"<p>PRECIO SUGERIDO: $11.000 TERRAZAS DE LOS ANDES ORIGEN LAS COMPUERTAS MALBEC 2021.\u00a0 Distrito Las Compuertas, Luj\u00e1n de Cuyo Este vino proviene de sus vi\u00f1edos a 1070m y es un tributo a esta tierra excepcional que se extiende en las alturas del margen izquierdo del R\u00edo Mendoza en Luj\u00e1n de Cuyo. Es un terru\u00f1o de suelos [&hellip;]<!-- AddThis Advanced Settings generic via filter on get_the_excerpt --><!-- AddThis Share Buttons generic via filter on get_the_excerpt --><\/p>\n","protected":false},"author":6,"featured_media":77031,"comment_status":"closed","ping_status":"open","sticky":false,"template":"","format":"standard","meta":{"_acf_changed":false,"om_disable_all_campaigns":false,"_monsterinsights_skip_tracking":false,"_monsterinsights_sitenote_active":false,"_monsterinsights_sitenote_note":"","_monsterinsights_sitenote_category":0,"_uf_show_specific_survey":0,"_uf_disable_surveys":false,"footnotes":""},"categories":[100],"tags":[],"class_list":["post-77028","post","type-post","status-publish","format-standard","has-post-thumbnail","hentry","category-noticias"],"acf":[],"aioseo_notices":[],"_links":{"self":[{"href":"https:\/\/www.lasrosas.com.ar\/portal\/wp-json\/wp\/v2\/posts\/77028","targetHints":{"allow":["GET"]}}],"collection":[{"href":"https:\/\/www.lasrosas.com.ar\/portal\/wp-json\/wp\/v2\/posts"}],"about":[{"href":"https:\/\/www.lasrosas.com.ar\/portal\/wp-json\/wp\/v2\/types\/post"}],"author":[{"embeddable":true,"href":"https:\/\/www.lasrosas.com.ar\/portal\/wp-json\/wp\/v2\/users\/6"}],"replies":[{"embeddable":true,"href":"https:\/\/www.lasrosas.com.ar\/portal\/wp-json\/wp\/v2\/comments?post=77028"}],"version-history":[{"count":1,"href":"https:\/\/www.lasrosas.com.ar\/portal\/wp-json\/wp\/v2\/posts\/77028\/revisions"}],"predecessor-version":[{"id":77032,"href":"https:\/\/www.lasrosas.com.ar\/portal\/wp-json\/wp\/v2\/posts\/77028\/revisions\/77032"}],"wp:featuredmedia":[{"embeddable":true,"href":"https:\/\/www.lasrosas.com.ar\/portal\/wp-json\/wp\/v2\/media\/77031"}],"wp:attachment":[{"href":"https:\/\/www.lasrosas.com.ar\/portal\/wp-json\/wp\/v2\/media?parent=77028"}],"wp:term":[{"taxonomy":"category","embeddable":true,"href":"https:\/\/www.lasrosas.com.ar\/portal\/wp-json\/wp\/v2\/categories?post=77028"},{"taxonomy":"post_tag","embeddable":true,"href":"https:\/\/www.lasrosas.com.ar\/portal\/wp-json\/wp\/v2\/tags?post=77028"}],"curies":[{"name":"wp","href":"https:\/\/api.w.org\/{rel}","templated":true}]}}