{"id":76946,"date":"2024-04-11T13:52:32","date_gmt":"2024-04-11T16:52:32","guid":{"rendered":"https:\/\/www.lasrosas.com.ar\/portal\/?p=76946"},"modified":"2024-04-12T09:00:52","modified_gmt":"2024-04-12T12:00:52","slug":"aveno-refill-el-nuevo-repuesto-con-recarga-ecologica","status":"publish","type":"post","link":"https:\/\/www.lasrosas.com.ar\/portal\/aveno-refill-el-nuevo-repuesto-con-recarga-ecologica\/","title":{"rendered":"AVENO REFILL: EL NUEVO REPUESTO CON RECARGA ECOL\u00d3GICA"},"content":{"rendered":"\n<p>La marca especializada en el balance natural para pieles sensibles de Laboratorios Andr\u00f3maco, suma a su portfolio el nuevo Aveno Refill emulsi\u00f3n corporal.<\/p>\n\n\n\n<p><strong>Abril, 2024. <\/strong>Aveno, la marca n\u00famero uno recomendada por Dermat\u00f3logos para pieles sensibles* del Laboratorio Andr\u00f3maco, <strong>\u201cAveno Refill\u201d<\/strong>, para la Emulsi\u00f3n Corporal, con el fin de reutilizar el envase original, reduciendo el impacto medioambiental, un 67% la cantidad de pl\u00e1stico y un 59% la huella de carbono. *<em>Fuente: Close Up MAT DIC 2023 mercado acotado pieles sensibles.<\/em><\/p>\n\n\n\n<p>El nuevo repuesto permite reutilizar el envase original reduciendo el impacto medio ambiental, la cantidad de pl\u00e1stico y la huella de carbono. La emulsi\u00f3n de Aveno hidrata, protege, calma y alivia hasta a las pieles m\u00e1s sensibles. A su vez, restaura el ph normal de la piel.&nbsp;<\/p>\n\n\n\n<figure class=\"wp-block-image size-full\"><img decoding=\"async\" width=\"348\" height=\"610\" data-src=\"https:\/\/www.lasrosas.com.ar\/portal\/wp-content\/uploads\/image0-8.jpeg\" alt=\"\" class=\"wp-image-76952 lazyload\" src=\"data:image\/svg+xml;base64,PHN2ZyB3aWR0aD0iMSIgaGVpZ2h0PSIxIiB4bWxucz0iaHR0cDovL3d3dy53My5vcmcvMjAwMC9zdmciPjwvc3ZnPg==\" style=\"--smush-placeholder-width: 348px; --smush-placeholder-aspect-ratio: 348\/610;\" \/><\/figure>\n\n\n\n<p>&nbsp;La formulaci\u00f3n de la l\u00ednea Aveno, reconocida por sus propiedades a base de avena, ayuda a retener la humedad en la piel, previniendo as\u00ed la deshidrataci\u00f3n y protegi\u00e9ndola de agresiones externas. Es coadyuvante en casos de dermatitis, urticaria y erupci\u00f3n cut\u00e1nea. Puede utilizarse sola o en combinaci\u00f3n con otros tratamientos dermatol\u00f3gicos o cosm\u00e9ticos.<\/p>\n\n\n\n<p>A continuaci\u00f3n, sugerencias de c\u00f3mo reutilizar los envases Aveno de manera eficiente<\/p>\n\n\n\n<p><strong>En el caso de los FRASCOS:<\/strong><\/p>\n\n\n\n<p>1) Lavar con agua tibia asegurando que no queden restos del producto.<\/p>\n\n\n\n<p>2) Llenar el envase con agua hasta la mitad, tapar, agitar y vaciar. Repetir hasta que no salga m\u00e1s espuma.<\/p>\n\n\n\n<p>3) Colocar soluci\u00f3n de alcohol al 70%, cerrar, agitar y vaciar.<\/p>\n\n\n\n<p>4) Dejar secar boca abajo 24 hs.<\/p>\n\n\n\n<p>5) Rellenar.<\/p>\n\n\n\n<p>6) Anotar el lote y vencimiento de este envase en el frasco Aveno rellenado.<\/p>\n\n\n\n<p><strong>TAPA:<\/strong><\/p>\n\n\n\n<p>1) Lavar con agua tibia asegurando que no queden restos de producto.<\/p>\n\n\n\n<p>2) Llenar el envase con agua hasta la mitad, tapar.<\/p>\n\n\n\n<p>3) Enjuagar con soluci\u00f3n de alcohol al 70%.<\/p>\n\n\n\n<p>4) Dejar secar por 24 hs.<\/p>\n\n\n\n<p><strong>BOMBA:<\/strong><\/p>\n\n\n\n<p>1) Lavar con agua tibia.<\/p>\n\n\n\n<p>2) Llenar con agua, accionar bomba varias veces y vaciar.<\/p>\n\n\n\n<p>3) Llenar con alcohol al 70%, accionar bomba varias veces, hasta barrer el producto que queda adentro.<\/p>\n\n\n\n<p>4) Accionar hasta que salga todo el alcohol alojado y dejar secar por 24 hs.<\/p>\n\n\n\n<p>Beneficios de Emulsi\u00f3n Corporal para pieles sensibles:<\/p>\n\n\n\n<ul class=\"wp-block-list\">\n<li>Posee una f\u00f3rmula hipoalerg\u00e9nica y biocompatible que hidrata y alivia las pieles m\u00e1s sensibles, secas y\/o reactivas con irritaci\u00f3n y prurito.<\/li>\n\n\n\n<li>Est\u00e1 recomendada para pieles irritadas, secas, deshidratadas, y at\u00f3picas, favoreciendo la hidrataci\u00f3n diaria del cuerpo.<\/li>\n\n\n\n<li>Restaura el ph de la piel.<\/li>\n\n\n\n<li>Puede ser usada en forma \u00fanica o asociada con tratamientos dermatol\u00f3gicos y cosm\u00e9ticos.<\/li>\n<\/ul>\n\n\n\n<p>Aveno sostiene sus principios de sostenibilidad en todas las \u00e1reas con el objetivo de contribuir al bienestar de las familias proponiendo un cuidado sensible con la piel, la comunidad y con el medio ambiente. La estrategia de mitigaci\u00f3n de cambio clim\u00e1tico se basa en la medici\u00f3n del ciclo de vida completo de los productos, buscando reducir materiales, reutilizar y recuperar imitando el ciclo de vida de la naturaleza.&nbsp;<\/p>\n\n\n\n<p>Aveno cuenta con gel de limpieza, gel de ba\u00f1o infantil, jab\u00f3n emoliente, crema hidratante y gel hidratante facial, emulsi\u00f3n corporal, y cuenta con l\u00ednea capital para adultos e infantil.&nbsp;<\/p>\n<!-- AddThis Advanced Settings generic via filter on the_content --><!-- AddThis Share Buttons generic via filter on the_content -->","protected":false},"excerpt":{"rendered":"<p>La marca especializada en el balance natural para pieles sensibles de Laboratorios Andr\u00f3maco, suma a su portfolio el nuevo Aveno Refill emulsi\u00f3n corporal. Abril, 2024. Aveno, la marca n\u00famero uno recomendada por Dermat\u00f3logos para pieles sensibles* del Laboratorio Andr\u00f3maco, \u201cAveno Refill\u201d, para la Emulsi\u00f3n Corporal, con el fin de reutilizar el envase original, reduciendo el [&hellip;]<!-- AddThis Advanced Settings generic via filter on get_the_excerpt --><!-- AddThis Share Buttons generic via filter on get_the_excerpt --><\/p>\n","protected":false},"author":6,"featured_media":76970,"comment_status":"closed","ping_status":"open","sticky":false,"template":"","format":"standard","meta":{"_acf_changed":false,"om_disable_all_campaigns":false,"_monsterinsights_skip_tracking":false,"_monsterinsights_sitenote_active":false,"_monsterinsights_sitenote_note":"","_monsterinsights_sitenote_category":0,"_uf_show_specific_survey":0,"_uf_disable_surveys":false,"footnotes":""},"categories":[376,100],"tags":[],"class_list":["post-76946","post","type-post","status-publish","format-standard","has-post-thumbnail","hentry","category-lifestyle","category-noticias"],"acf":[],"aioseo_notices":[],"_links":{"self":[{"href":"https:\/\/www.lasrosas.com.ar\/portal\/wp-json\/wp\/v2\/posts\/76946","targetHints":{"allow":["GET"]}}],"collection":[{"href":"https:\/\/www.lasrosas.com.ar\/portal\/wp-json\/wp\/v2\/posts"}],"about":[{"href":"https:\/\/www.lasrosas.com.ar\/portal\/wp-json\/wp\/v2\/types\/post"}],"author":[{"embeddable":true,"href":"https:\/\/www.lasrosas.com.ar\/portal\/wp-json\/wp\/v2\/users\/6"}],"replies":[{"embeddable":true,"href":"https:\/\/www.lasrosas.com.ar\/portal\/wp-json\/wp\/v2\/comments?post=76946"}],"version-history":[{"count":3,"href":"https:\/\/www.lasrosas.com.ar\/portal\/wp-json\/wp\/v2\/posts\/76946\/revisions"}],"predecessor-version":[{"id":76967,"href":"https:\/\/www.lasrosas.com.ar\/portal\/wp-json\/wp\/v2\/posts\/76946\/revisions\/76967"}],"wp:featuredmedia":[{"embeddable":true,"href":"https:\/\/www.lasrosas.com.ar\/portal\/wp-json\/wp\/v2\/media\/76970"}],"wp:attachment":[{"href":"https:\/\/www.lasrosas.com.ar\/portal\/wp-json\/wp\/v2\/media?parent=76946"}],"wp:term":[{"taxonomy":"category","embeddable":true,"href":"https:\/\/www.lasrosas.com.ar\/portal\/wp-json\/wp\/v2\/categories?post=76946"},{"taxonomy":"post_tag","embeddable":true,"href":"https:\/\/www.lasrosas.com.ar\/portal\/wp-json\/wp\/v2\/tags?post=76946"}],"curies":[{"name":"wp","href":"https:\/\/api.w.org\/{rel}","templated":true}]}}