{"id":76909,"date":"2024-04-10T12:52:24","date_gmt":"2024-04-10T15:52:24","guid":{"rendered":"https:\/\/www.lasrosas.com.ar\/portal\/?p=76909"},"modified":"2024-04-10T12:52:27","modified_gmt":"2024-04-10T15:52:27","slug":"el-suceso-infantil-de-la-granja-de-zenon-regresa-a-calle-corrientes-con-nuevo-espectaculo","status":"publish","type":"post","link":"https:\/\/www.lasrosas.com.ar\/portal\/el-suceso-infantil-de-la-granja-de-zenon-regresa-a-calle-corrientes-con-nuevo-espectaculo\/","title":{"rendered":"EL SUCESO INFANTIL DE LA GRANJA DE ZEN\u00d3N REGRESA A CALLE CORRIENTES CON NUEVO ESPECT\u00c1CULO"},"content":{"rendered":"\n<p><em>Los personajes m\u00e1s queridos de la granja vuelven al escenario del Teatro Astral con un estreno.\u00a0<\/em><\/p>\n\n\n\n<figure class=\"wp-block-gallery has-nested-images columns-default is-cropped wp-block-gallery-1 is-layout-flex wp-block-gallery-is-layout-flex\">\n<figure class=\"wp-block-image size-large\"><img decoding=\"async\" width=\"1417\" height=\"946\" data-id=\"76910\" data-src=\"https:\/\/www.lasrosas.com.ar\/portal\/wp-content\/uploads\/unnamed-6-28.jpg\" alt=\"\" class=\"wp-image-76910 lazyload\" data-srcset=\"https:\/\/www.lasrosas.com.ar\/portal\/wp-content\/uploads\/\/unnamed-6-28.jpg 1417w, https:\/\/www.lasrosas.com.ar\/portal\/wp-content\/uploads\/\/unnamed-6-28-960x641.jpg 960w\" data-sizes=\"(max-width: 1417px) 100vw, 1417px\" src=\"data:image\/svg+xml;base64,PHN2ZyB3aWR0aD0iMSIgaGVpZ2h0PSIxIiB4bWxucz0iaHR0cDovL3d3dy53My5vcmcvMjAwMC9zdmciPjwvc3ZnPg==\" style=\"--smush-placeholder-width: 1417px; --smush-placeholder-aspect-ratio: 1417\/946;\" \/><\/figure>\n\n\n\n<figure class=\"wp-block-image size-large\"><img decoding=\"async\" width=\"1765\" height=\"874\" data-id=\"76912\" data-src=\"https:\/\/www.lasrosas.com.ar\/portal\/wp-content\/uploads\/unnamed-1-57.png\" alt=\"\" class=\"wp-image-76912 lazyload\" data-srcset=\"https:\/\/www.lasrosas.com.ar\/portal\/wp-content\/uploads\/\/unnamed-1-57.png 1765w, https:\/\/www.lasrosas.com.ar\/portal\/wp-content\/uploads\/\/unnamed-1-57-960x475.png 960w, https:\/\/www.lasrosas.com.ar\/portal\/wp-content\/uploads\/\/unnamed-1-57-1536x761.png 1536w\" data-sizes=\"(max-width: 1765px) 100vw, 1765px\" src=\"data:image\/svg+xml;base64,PHN2ZyB3aWR0aD0iMSIgaGVpZ2h0PSIxIiB4bWxucz0iaHR0cDovL3d3dy53My5vcmcvMjAwMC9zdmciPjwvc3ZnPg==\" style=\"--smush-placeholder-width: 1765px; --smush-placeholder-aspect-ratio: 1765\/874;\" \/><\/figure>\n\n\n\n<figure class=\"wp-block-image size-large\"><img decoding=\"async\" width=\"1417\" height=\"945\" data-id=\"76911\" data-src=\"https:\/\/www.lasrosas.com.ar\/portal\/wp-content\/uploads\/unnamed-5-35.jpg\" alt=\"\" class=\"wp-image-76911 lazyload\" data-srcset=\"https:\/\/www.lasrosas.com.ar\/portal\/wp-content\/uploads\/\/unnamed-5-35.jpg 1417w, https:\/\/www.lasrosas.com.ar\/portal\/wp-content\/uploads\/\/unnamed-5-35-960x640.jpg 960w\" data-sizes=\"(max-width: 1417px) 100vw, 1417px\" src=\"data:image\/svg+xml;base64,PHN2ZyB3aWR0aD0iMSIgaGVpZ2h0PSIxIiB4bWxucz0iaHR0cDovL3d3dy53My5vcmcvMjAwMC9zdmciPjwvc3ZnPg==\" style=\"--smush-placeholder-width: 1417px; --smush-placeholder-aspect-ratio: 1417\/945;\" \/><\/figure>\n<\/figure>\n\n\n\n<p>A partir del pr\u00f3ximo s\u00e1bado 4 de mayo, el fen\u00f3meno infantil&nbsp;<strong>\u00abLa Granja de Zen\u00f3n\u201d<\/strong>, vuelve al Teatro Astral con una nueva y emocionante aventura:&nbsp;<strong>\u201cLa b\u00fasqueda del Tesoro\u201d.<\/strong>&nbsp;Un espect\u00e1culo 100% nuevo y renovado, que promete llevar a grandes y chicos a lugares desconocidos y misteriosos. Esta propuesta, -que marca el inicio de la temporada teatral infantil en Buenos Aires- promete ser una experiencia inolvidable que te har\u00e1 re\u00edr, cantar y emocionarte en familia.&nbsp;<\/p>\n\n\n\n<p>Los personajes m\u00e1s queridos de la famosa serie de YouTube: Zen\u00f3n, Bartolito, La Vaca Lola y muchos m\u00e1s, cobran vida en el escenario del Astral, para deleitar a todos con sus canciones m\u00e1s divertidas .<\/p>\n\n\n\n<p>El tesoro de \u201cLa Granja de Zen\u00f3n\u201d, un gran huevo con tres deseos en su interior, es el centro de esta historia llena de intriga y emoci\u00f3n. Sin embargo, un giro inesperado hace que el tesoro desaparezca, poniendo en peligro el deseo de Tito. Bartolito y Yamila se lanzan a una carrera contra el tiempo para recuperarlo y restaurar el equilibrio en la granja.<\/p>\n\n\n\n<p>La b\u00fasqueda del tesoro estar\u00e1 llena de emocionantes desaf\u00edos y enigmas misteriosos que pondr\u00e1n a prueba la valent\u00eda y la inteligencia de los aventureros que se animen a vivir esta experiencia. Como siempre, Zen\u00f3n, Bartolito y toda la familia de la granja estar\u00e1n all\u00ed para cantar y bailar al ritmo de las canciones m\u00e1s divertidas, haciendo una aventura inolvidable.&nbsp;<\/p>\n\n\n\n<p>Con la cuidada producci\u00f3n a cargo de&nbsp;<strong>Maximiliano C\u00f3rdoba<\/strong>, con direcci\u00f3n de&nbsp;<strong>Sebasti\u00e1n Irigo<\/strong>, y coreograf\u00edas de&nbsp;<strong>Vanesa Garc\u00eda Mill\u00e1n<\/strong>, esta producci\u00f3n infantil viene, una vez m\u00e1s, a revolucionar la calle Corrientes ya que hace muchos a\u00f1os se encuentra en el podio de los espect\u00e1culos teatrales infantiles m\u00e1s vistos y elegidos por el p\u00fablico.&nbsp;<\/p>\n\n\n\n<p><strong>\u201cLa b\u00fasqueda del Tesoro\u201d es el plan perfecto para disfrutar en familia. Se presenta s\u00e1bados y domingos a las 14.00 y 16.00 horas en el teatro Astral (Avenida Corrientes 1639) y todos los d\u00edas durante las vacaciones de invierno. Las entradas se pueden adquirir en la boleter\u00eda del teatro o a trav\u00e9s de PlateaNet.\u00a0<\/strong><\/p>\n\n\n\n<figure class=\"wp-block-gallery has-nested-images columns-default is-cropped wp-block-gallery-2 is-layout-flex wp-block-gallery-is-layout-flex\">\n<figure class=\"wp-block-image size-large\"><img decoding=\"async\" width=\"1417\" height=\"946\" data-id=\"76913\" data-src=\"https:\/\/www.lasrosas.com.ar\/portal\/wp-content\/uploads\/unnamed-9-14.jpg\" alt=\"\" class=\"wp-image-76913 lazyload\" data-srcset=\"https:\/\/www.lasrosas.com.ar\/portal\/wp-content\/uploads\/\/unnamed-9-14.jpg 1417w, https:\/\/www.lasrosas.com.ar\/portal\/wp-content\/uploads\/\/unnamed-9-14-960x641.jpg 960w\" data-sizes=\"(max-width: 1417px) 100vw, 1417px\" src=\"data:image\/svg+xml;base64,PHN2ZyB3aWR0aD0iMSIgaGVpZ2h0PSIxIiB4bWxucz0iaHR0cDovL3d3dy53My5vcmcvMjAwMC9zdmciPjwvc3ZnPg==\" style=\"--smush-placeholder-width: 1417px; --smush-placeholder-aspect-ratio: 1417\/946;\" \/><\/figure>\n\n\n\n<figure class=\"wp-block-image size-large\"><img decoding=\"async\" width=\"1417\" height=\"946\" data-id=\"76914\" data-src=\"https:\/\/www.lasrosas.com.ar\/portal\/wp-content\/uploads\/unnamed-8-15.jpg\" alt=\"\" class=\"wp-image-76914 lazyload\" data-srcset=\"https:\/\/www.lasrosas.com.ar\/portal\/wp-content\/uploads\/\/unnamed-8-15.jpg 1417w, https:\/\/www.lasrosas.com.ar\/portal\/wp-content\/uploads\/\/unnamed-8-15-960x641.jpg 960w\" data-sizes=\"(max-width: 1417px) 100vw, 1417px\" src=\"data:image\/svg+xml;base64,PHN2ZyB3aWR0aD0iMSIgaGVpZ2h0PSIxIiB4bWxucz0iaHR0cDovL3d3dy53My5vcmcvMjAwMC9zdmciPjwvc3ZnPg==\" style=\"--smush-placeholder-width: 1417px; --smush-placeholder-aspect-ratio: 1417\/946;\" \/><\/figure>\n\n\n\n<figure class=\"wp-block-image size-large\"><img decoding=\"async\" width=\"1417\" height=\"946\" data-id=\"76915\" data-src=\"https:\/\/www.lasrosas.com.ar\/portal\/wp-content\/uploads\/unnamed-7-19.jpg\" alt=\"\" class=\"wp-image-76915 lazyload\" data-srcset=\"https:\/\/www.lasrosas.com.ar\/portal\/wp-content\/uploads\/\/unnamed-7-19.jpg 1417w, https:\/\/www.lasrosas.com.ar\/portal\/wp-content\/uploads\/\/unnamed-7-19-960x641.jpg 960w\" data-sizes=\"(max-width: 1417px) 100vw, 1417px\" src=\"data:image\/svg+xml;base64,PHN2ZyB3aWR0aD0iMSIgaGVpZ2h0PSIxIiB4bWxucz0iaHR0cDovL3d3dy53My5vcmcvMjAwMC9zdmciPjwvc3ZnPg==\" style=\"--smush-placeholder-width: 1417px; --smush-placeholder-aspect-ratio: 1417\/946;\" \/><\/figure>\n<\/figure>\n<!-- AddThis Advanced Settings generic via filter on the_content --><!-- AddThis Share Buttons generic via filter on the_content -->","protected":false},"excerpt":{"rendered":"<p>Los personajes m\u00e1s queridos de la granja vuelven al escenario del Teatro Astral con un estreno.\u00a0 A partir del pr\u00f3ximo s\u00e1bado 4 de mayo, el fen\u00f3meno infantil&nbsp;\u00abLa Granja de Zen\u00f3n\u201d, vuelve al Teatro Astral con una nueva y emocionante aventura:&nbsp;\u201cLa b\u00fasqueda del Tesoro\u201d.&nbsp;Un espect\u00e1culo 100% nuevo y renovado, que promete llevar a grandes y chicos [&hellip;]<!-- AddThis Advanced Settings generic via filter on get_the_excerpt --><!-- AddThis Share Buttons generic via filter on get_the_excerpt --><\/p>\n","protected":false},"author":6,"featured_media":76910,"comment_status":"closed","ping_status":"open","sticky":false,"template":"","format":"standard","meta":{"_acf_changed":false,"om_disable_all_campaigns":false,"_monsterinsights_skip_tracking":false,"_monsterinsights_sitenote_active":false,"_monsterinsights_sitenote_note":"","_monsterinsights_sitenote_category":0,"_uf_show_specific_survey":0,"_uf_disable_surveys":false,"footnotes":""},"categories":[100],"tags":[],"class_list":["post-76909","post","type-post","status-publish","format-standard","has-post-thumbnail","hentry","category-noticias"],"acf":[],"aioseo_notices":[],"_links":{"self":[{"href":"https:\/\/www.lasrosas.com.ar\/portal\/wp-json\/wp\/v2\/posts\/76909","targetHints":{"allow":["GET"]}}],"collection":[{"href":"https:\/\/www.lasrosas.com.ar\/portal\/wp-json\/wp\/v2\/posts"}],"about":[{"href":"https:\/\/www.lasrosas.com.ar\/portal\/wp-json\/wp\/v2\/types\/post"}],"author":[{"embeddable":true,"href":"https:\/\/www.lasrosas.com.ar\/portal\/wp-json\/wp\/v2\/users\/6"}],"replies":[{"embeddable":true,"href":"https:\/\/www.lasrosas.com.ar\/portal\/wp-json\/wp\/v2\/comments?post=76909"}],"version-history":[{"count":1,"href":"https:\/\/www.lasrosas.com.ar\/portal\/wp-json\/wp\/v2\/posts\/76909\/revisions"}],"predecessor-version":[{"id":76916,"href":"https:\/\/www.lasrosas.com.ar\/portal\/wp-json\/wp\/v2\/posts\/76909\/revisions\/76916"}],"wp:featuredmedia":[{"embeddable":true,"href":"https:\/\/www.lasrosas.com.ar\/portal\/wp-json\/wp\/v2\/media\/76910"}],"wp:attachment":[{"href":"https:\/\/www.lasrosas.com.ar\/portal\/wp-json\/wp\/v2\/media?parent=76909"}],"wp:term":[{"taxonomy":"category","embeddable":true,"href":"https:\/\/www.lasrosas.com.ar\/portal\/wp-json\/wp\/v2\/categories?post=76909"},{"taxonomy":"post_tag","embeddable":true,"href":"https:\/\/www.lasrosas.com.ar\/portal\/wp-json\/wp\/v2\/tags?post=76909"}],"curies":[{"name":"wp","href":"https:\/\/api.w.org\/{rel}","templated":true}]}}