{"id":76873,"date":"2024-04-09T15:33:53","date_gmt":"2024-04-09T18:33:53","guid":{"rendered":"https:\/\/www.lasrosas.com.ar\/portal\/?p=76873"},"modified":"2024-04-09T15:33:56","modified_gmt":"2024-04-09T18:33:56","slug":"dia-mundial-del-malbec-pasado-presente-y-futuro-de-la-cepa-insignia-argentina","status":"publish","type":"post","link":"https:\/\/www.lasrosas.com.ar\/portal\/dia-mundial-del-malbec-pasado-presente-y-futuro-de-la-cepa-insignia-argentina\/","title":{"rendered":"D\u00cdA MUNDIAL DEL MALBEC: PASADO, PRESENTE Y FUTURO DE LA CEPA INSIGNIA ARGENTINA"},"content":{"rendered":"\n<p><em>\u201cEl Malbec es el ejemplo m\u00e1s claro de una variedad que tiene historia, que se mantiene vigente y que todav\u00eda tiene mucho para mostrarle al mundo\u201d<\/em>. Con esta frase resume\u00a0<strong>Alberto Arizu (h), CEO de Luigi Bosca<\/strong>, una de sus tantas apreciaciones sobre el Malbec, cepa emblema argentina que guarda una profunda relaci\u00f3n con la bodega: m\u00e1s de 100 a\u00f1os cultiv\u00e1ndola en los mejores terroirs de Mendoza, con una mirada siempre innovadora y de b\u00fasqueda incansable de la precisi\u00f3n para lograr ejemplares elegantes, que sean fieles representantes de su terru\u00f1o de origen.<\/p>\n\n\n\n<p>Tal es la importancia que tiene el Malbec para Luigi Bosca que, a fines de los 80, cuando la tendencia mundial marcaba el camino hacia el vino varietal, la bodega fue protagonista en la creaci\u00f3n de la primera y m\u00e1s importante Denominaci\u00f3n de Origen Controlada de Latinoam\u00e9rica, Luj\u00e1n de Cuyo, con el prop\u00f3sito de establecer los par\u00e1metros de elaboraci\u00f3n de la variedad Malbec, proteger el terru\u00f1o de Luj\u00e1n de Cuyo e instaurar un est\u00e1ndar de calidad. De esta manera, y gracias al trabajo impulsado por el Consejo de Denominaci\u00f3n, se logr\u00f3 hacer visibles el car\u00e1cter y la personalidad del Malbec de esta regi\u00f3n y as\u00ed mostrarle al mundo que no todos los Malbec son iguales y que cada uno es un fiel representante de su terru\u00f1o de origen.<\/p>\n\n\n\n<p><em>\u201cLa creaci\u00f3n de la DOC fue sin dudas uno de los hitos m\u00e1s significativos en la historia de la vitivinicultura nacional. Pero desde Luigi Bosca nunca nos detuvimos en la b\u00fasqueda y exploraci\u00f3n de nuevos terroirs, por ejemplo, en el Valle de Uco\u201d,&nbsp;<\/em>asegura&nbsp;<strong>Arizu<\/strong><em>. \u201cEl Malbec es una variedad que no tiene techo, que, por su plasticidad y buena adaptaci\u00f3n a las condiciones de nuestro pa\u00eds, tiene la capacidad de mostrar una enorme diversidad de estilos y responder de manera positiva a las demandas de consumo actuales\u201d<\/em>, agrega.<\/p>\n\n\n\n<p>En el D\u00eda Mundial del Malbec, que desde 2011 se celebra cada 17 de abril, queremos invitarte a redescubrir el&nbsp;<strong>Luigi Bosca De Sangre Malbec D.O.C<\/strong>, un vino con historia que refleja la determinaci\u00f3n, la persistencia y la perseverancia propias del ADN de la bodega, y que sigue conquistando los paladares m\u00e1s exigentes del mundo.<\/p>\n\n\n\n<p><strong><u>Descripci\u00f3n del vino:<\/u><\/strong><strong><\/strong><\/p>\n\n\n\n<p><strong>Luigi Bosca De Sangre Malbec D.O.C 2021<\/strong>&nbsp;es un Malbec elaborado bajo las pautas de la Denominaci\u00f3n de Origen Controlada Luj\u00e1n de Cuyo, fruto de parcelas especialmente elegidas de fincas situadas en Las Compuertas, Vistalba y Agrelo. Se destaca por su color rojo viol\u00e1ceo profundo y brillante, sus aromas son equilibrados, con notas de frutas rojas y negras, y especias dulces. En boca es refrescante y voluptuoso, con taninos finos y delicados. De paladar franco y expresivo, con car\u00e1cter y tipicidad, y un final profundo con suaves tonos ahumados de la crianza en barricas de roble.<\/p>\n\n\n\n<p>El precio sugerido al p\u00fablico es $31.200 (IVA incluido)<\/p>\n\n\n\n<p>Disponible en nuestra tienda online:&nbsp;<a href=\"https:\/\/tienda.luigibosca.com\/\" target=\"_blank\" rel=\"noreferrer noopener\">https:\/\/tienda.luigibosca.com\/<\/a><\/p>\n\n\n\n<p>Para m\u00e1s informaci\u00f3n e im\u00e1genes del vino, hace click&nbsp;<a href=\"https:\/\/1drv.ms\/f\/s!Ap55VT73bfrB6G-Q2iu0ga6MkBQM?e=gABVpY\" target=\"_blank\" rel=\"noreferrer noopener\"><strong>aqu\u00ed.<\/strong><\/a><\/p>\n\n\n\n<p><\/p>\n<!-- AddThis Advanced Settings generic via filter on the_content --><!-- AddThis Share Buttons generic via filter on the_content -->","protected":false},"excerpt":{"rendered":"<p>\u201cEl Malbec es el ejemplo m\u00e1s claro de una variedad que tiene historia, que se mantiene vigente y que todav\u00eda tiene mucho para mostrarle al mundo\u201d. Con esta frase resume\u00a0Alberto Arizu (h), CEO de Luigi Bosca, una de sus tantas apreciaciones sobre el Malbec, cepa emblema argentina que guarda una profunda relaci\u00f3n con la bodega: [&hellip;]<!-- AddThis Advanced Settings generic via filter on get_the_excerpt --><!-- AddThis Share Buttons generic via filter on get_the_excerpt --><\/p>\n","protected":false},"author":6,"featured_media":76874,"comment_status":"closed","ping_status":"open","sticky":false,"template":"","format":"standard","meta":{"_acf_changed":false,"om_disable_all_campaigns":false,"_monsterinsights_skip_tracking":false,"_monsterinsights_sitenote_active":false,"_monsterinsights_sitenote_note":"","_monsterinsights_sitenote_category":0,"_uf_show_specific_survey":0,"_uf_disable_surveys":false,"footnotes":""},"categories":[100],"tags":[],"class_list":["post-76873","post","type-post","status-publish","format-standard","has-post-thumbnail","hentry","category-noticias"],"acf":[],"aioseo_notices":[],"_links":{"self":[{"href":"https:\/\/www.lasrosas.com.ar\/portal\/wp-json\/wp\/v2\/posts\/76873","targetHints":{"allow":["GET"]}}],"collection":[{"href":"https:\/\/www.lasrosas.com.ar\/portal\/wp-json\/wp\/v2\/posts"}],"about":[{"href":"https:\/\/www.lasrosas.com.ar\/portal\/wp-json\/wp\/v2\/types\/post"}],"author":[{"embeddable":true,"href":"https:\/\/www.lasrosas.com.ar\/portal\/wp-json\/wp\/v2\/users\/6"}],"replies":[{"embeddable":true,"href":"https:\/\/www.lasrosas.com.ar\/portal\/wp-json\/wp\/v2\/comments?post=76873"}],"version-history":[{"count":1,"href":"https:\/\/www.lasrosas.com.ar\/portal\/wp-json\/wp\/v2\/posts\/76873\/revisions"}],"predecessor-version":[{"id":76875,"href":"https:\/\/www.lasrosas.com.ar\/portal\/wp-json\/wp\/v2\/posts\/76873\/revisions\/76875"}],"wp:featuredmedia":[{"embeddable":true,"href":"https:\/\/www.lasrosas.com.ar\/portal\/wp-json\/wp\/v2\/media\/76874"}],"wp:attachment":[{"href":"https:\/\/www.lasrosas.com.ar\/portal\/wp-json\/wp\/v2\/media?parent=76873"}],"wp:term":[{"taxonomy":"category","embeddable":true,"href":"https:\/\/www.lasrosas.com.ar\/portal\/wp-json\/wp\/v2\/categories?post=76873"},{"taxonomy":"post_tag","embeddable":true,"href":"https:\/\/www.lasrosas.com.ar\/portal\/wp-json\/wp\/v2\/tags?post=76873"}],"curies":[{"name":"wp","href":"https:\/\/api.w.org\/{rel}","templated":true}]}}