{"id":76853,"date":"2024-04-09T13:53:22","date_gmt":"2024-04-09T16:53:22","guid":{"rendered":"https:\/\/www.lasrosas.com.ar\/portal\/?p=76853"},"modified":"2024-04-09T13:53:25","modified_gmt":"2024-04-09T16:53:25","slug":"the-calling-el-drama-policial-religioso-llega-a-universal","status":"publish","type":"post","link":"https:\/\/www.lasrosas.com.ar\/portal\/the-calling-el-drama-policial-religioso-llega-a-universal\/","title":{"rendered":"THE CALLING EL DRAMA POLICIAL RELIGIOSO LLEGA A UNIVERSAL+"},"content":{"rendered":"\n<p><em>La nueva miniserie de Universal+, basada en los libros del escritor israel\u00ed de novelas polic\u00edacas Dror Mishaniun, acompa\u00f1a a un detective jud\u00edo de la polic\u00eda de Nueva York a luchar contra el crimen y resolver misterios dejando que su espiritualidad lo gu\u00ede por el camino de la verdad.<\/em><\/p>\n\n\n\n<figure class=\"wp-block-image size-full\"><img decoding=\"async\" width=\"800\" height=\"450\" data-src=\"https:\/\/www.lasrosas.com.ar\/portal\/wp-content\/uploads\/TC_1-1.jpg\" alt=\"\" class=\"wp-image-76858 lazyload\" src=\"data:image\/svg+xml;base64,PHN2ZyB3aWR0aD0iMSIgaGVpZ2h0PSIxIiB4bWxucz0iaHR0cDovL3d3dy53My5vcmcvMjAwMC9zdmciPjwvc3ZnPg==\" style=\"--smush-placeholder-width: 800px; --smush-placeholder-aspect-ratio: 800\/450;\" \/><\/figure>\n\n\n\n<p><strong>Universal+<\/strong>, el paquete de canales <em>premium<\/em> con miles de horas de contenido <em>on-demand<\/em> de NBCUniversal, estrenar\u00e1 el pr\u00f3ximo 12 de abril <strong><em>The Calling<\/em><\/strong>,<strong> <\/strong>un nuevo drama policial que propone una particular fusi\u00f3n entre el credo hebreo y lo mejor del g\u00e9nero polic\u00edaco. Una particular combinaci\u00f3n encarnada en la figura del detective de la polic\u00eda de Nueva York Avraham Avraham que, guiado por un profundo sentido de espiritualidad y sus principios religiosos, comenzar\u00e1 a cuestionar su propia humanidad en su rutinaria labor como miembro de las fuerzas de seguridad local.<\/p>\n\n\n\n<p>El detective Avraham Avraham (Jeff Wilbusch) es una figura inusual en el Departamento de Polic\u00eda de Nueva York; un agudo observador del comportamiento humano gracias a sus estudios de filosof\u00eda y a su fe jud\u00eda ortodoxa. \u201cAvi\u201d, apodado as\u00ed por sus colegas, es un brillante lobo solitario de la investigaci\u00f3n, con la asombrosa habilidad de leer una habitaci\u00f3n, y a un sospechoso, como ning\u00fan otro profesional de similares caracter\u00edsticas.<\/p>\n\n\n\n<figure class=\"wp-block-gallery has-nested-images columns-default is-cropped wp-block-gallery-1 is-layout-flex wp-block-gallery-is-layout-flex\">\n<figure class=\"wp-block-image size-large\"><img decoding=\"async\" width=\"800\" height=\"533\" data-id=\"76855\" data-src=\"https:\/\/www.lasrosas.com.ar\/portal\/wp-content\/uploads\/TC_6.jpg\" alt=\"\" class=\"wp-image-76855 lazyload\" src=\"data:image\/svg+xml;base64,PHN2ZyB3aWR0aD0iMSIgaGVpZ2h0PSIxIiB4bWxucz0iaHR0cDovL3d3dy53My5vcmcvMjAwMC9zdmciPjwvc3ZnPg==\" style=\"--smush-placeholder-width: 800px; --smush-placeholder-aspect-ratio: 800\/533;\" \/><\/figure>\n\n\n\n<figure class=\"wp-block-image size-large\"><img decoding=\"async\" width=\"800\" height=\"533\" data-id=\"76854\" data-src=\"https:\/\/www.lasrosas.com.ar\/portal\/wp-content\/uploads\/TC_5.jpg\" alt=\"\" class=\"wp-image-76854 lazyload\" src=\"data:image\/svg+xml;base64,PHN2ZyB3aWR0aD0iMSIgaGVpZ2h0PSIxIiB4bWxucz0iaHR0cDovL3d3dy53My5vcmcvMjAwMC9zdmciPjwvc3ZnPg==\" style=\"--smush-placeholder-width: 800px; --smush-placeholder-aspect-ratio: 800\/533;\" \/><\/figure>\n\n\n\n<figure class=\"wp-block-image size-large\"><img decoding=\"async\" width=\"800\" height=\"533\" data-id=\"76857\" data-src=\"https:\/\/www.lasrosas.com.ar\/portal\/wp-content\/uploads\/TC_4.jpg\" alt=\"\" class=\"wp-image-76857 lazyload\" src=\"data:image\/svg+xml;base64,PHN2ZyB3aWR0aD0iMSIgaGVpZ2h0PSIxIiB4bWxucz0iaHR0cDovL3d3dy53My5vcmcvMjAwMC9zdmciPjwvc3ZnPg==\" style=\"--smush-placeholder-width: 800px; --smush-placeholder-aspect-ratio: 800\/533;\" \/><\/figure>\n\n\n\n<figure class=\"wp-block-image size-large\"><img decoding=\"async\" width=\"800\" height=\"533\" data-id=\"76856\" data-src=\"https:\/\/www.lasrosas.com.ar\/portal\/wp-content\/uploads\/TC_2-1.jpg\" alt=\"\" class=\"wp-image-76856 lazyload\" src=\"data:image\/svg+xml;base64,PHN2ZyB3aWR0aD0iMSIgaGVpZ2h0PSIxIiB4bWxucz0iaHR0cDovL3d3dy53My5vcmcvMjAwMC9zdmciPjwvc3ZnPg==\" style=\"--smush-placeholder-width: 800px; --smush-placeholder-aspect-ratio: 800\/533;\" \/><\/figure>\n<\/figure>\n\n\n\n<p><strong><em>The Calling<\/em><\/strong> se basa en una serie de novelas policiales del autor israel\u00ed Dror Mishani. Aunque los libros de Mishani tienen lugar en Israel, el programa producido por David Kelley (creador de <em>\u201cAlly McBeal\u201d<\/em>, <em>\u201cBig Little Lies\u201d<\/em> y m\u00e1s) y dirigido por el ganador del Oscar Barry Levinson (<em>\u201cDiner\u201d, \u201cGood Morning, Vietnam\u201d<\/em>), transporta al protagonista de estos escritos a la ciudad de Nueva York. Con una ligera reminiscencia a \u201cLa Ley y El Orden\u201d, aunque con menos inclinaci\u00f3n hacia lo procesal, la ficci\u00f3n presentar\u00e1 casos que se extender\u00e1n a lo largo de los episodios, haciendo especial \u00e9nfasis en el desarrollo de los personajes que ser\u00e1n parte de ellos.<\/p>\n\n\n\n<p><strong><em>The Calling<\/em><\/strong> cuenta con 8 episodios en el que la audiencia asistir\u00e1 a la resoluci\u00f3n de dos casos que Jeff Wilbusch (<em>Poco Ortodoxa<\/em>), en su rol protag\u00f3nico, deber\u00e1 develar, junto a su fiel compa\u00f1era Janine Harris interpretada por la actriz Juliana Canfield (<em>Succession<\/em>).<\/p>\n\n\n\n<p><strong><em>\u00a1No te pierdas el estreno de The Calling este 12 de abril<\/em><\/strong> <strong><em>s\u00f3lo y en exclusivo por Universal+!<\/em><\/strong><\/p>\n<!-- AddThis Advanced Settings generic via filter on the_content --><!-- AddThis Share Buttons generic via filter on the_content -->","protected":false},"excerpt":{"rendered":"<p>La nueva miniserie de Universal+, basada en los libros del escritor israel\u00ed de novelas polic\u00edacas Dror Mishaniun, acompa\u00f1a a un detective jud\u00edo de la polic\u00eda de Nueva York a luchar contra el crimen y resolver misterios dejando que su espiritualidad lo gu\u00ede por el camino de la verdad. Universal+, el paquete de canales premium con [&hellip;]<!-- AddThis Advanced Settings generic via filter on get_the_excerpt --><!-- AddThis Share Buttons generic via filter on get_the_excerpt --><\/p>\n","protected":false},"author":6,"featured_media":76857,"comment_status":"closed","ping_status":"open","sticky":false,"template":"","format":"standard","meta":{"_acf_changed":false,"om_disable_all_campaigns":false,"_monsterinsights_skip_tracking":false,"_monsterinsights_sitenote_active":false,"_monsterinsights_sitenote_note":"","_monsterinsights_sitenote_category":0,"_uf_show_specific_survey":0,"_uf_disable_surveys":false,"footnotes":""},"categories":[100],"tags":[],"class_list":["post-76853","post","type-post","status-publish","format-standard","has-post-thumbnail","hentry","category-noticias"],"acf":[],"aioseo_notices":[],"_links":{"self":[{"href":"https:\/\/www.lasrosas.com.ar\/portal\/wp-json\/wp\/v2\/posts\/76853","targetHints":{"allow":["GET"]}}],"collection":[{"href":"https:\/\/www.lasrosas.com.ar\/portal\/wp-json\/wp\/v2\/posts"}],"about":[{"href":"https:\/\/www.lasrosas.com.ar\/portal\/wp-json\/wp\/v2\/types\/post"}],"author":[{"embeddable":true,"href":"https:\/\/www.lasrosas.com.ar\/portal\/wp-json\/wp\/v2\/users\/6"}],"replies":[{"embeddable":true,"href":"https:\/\/www.lasrosas.com.ar\/portal\/wp-json\/wp\/v2\/comments?post=76853"}],"version-history":[{"count":1,"href":"https:\/\/www.lasrosas.com.ar\/portal\/wp-json\/wp\/v2\/posts\/76853\/revisions"}],"predecessor-version":[{"id":76859,"href":"https:\/\/www.lasrosas.com.ar\/portal\/wp-json\/wp\/v2\/posts\/76853\/revisions\/76859"}],"wp:featuredmedia":[{"embeddable":true,"href":"https:\/\/www.lasrosas.com.ar\/portal\/wp-json\/wp\/v2\/media\/76857"}],"wp:attachment":[{"href":"https:\/\/www.lasrosas.com.ar\/portal\/wp-json\/wp\/v2\/media?parent=76853"}],"wp:term":[{"taxonomy":"category","embeddable":true,"href":"https:\/\/www.lasrosas.com.ar\/portal\/wp-json\/wp\/v2\/categories?post=76853"},{"taxonomy":"post_tag","embeddable":true,"href":"https:\/\/www.lasrosas.com.ar\/portal\/wp-json\/wp\/v2\/tags?post=76853"}],"curies":[{"name":"wp","href":"https:\/\/api.w.org\/{rel}","templated":true}]}}