{"id":76776,"date":"2024-04-05T12:36:53","date_gmt":"2024-04-05T15:36:53","guid":{"rendered":"https:\/\/www.lasrosas.com.ar\/portal\/?p=76776"},"modified":"2024-04-05T12:36:56","modified_gmt":"2024-04-05T15:36:56","slug":"la-banda-mexicana-icono-vuelve-a-los-escenarios-y-confirma-su-show-en-buenos-aires","status":"publish","type":"post","link":"https:\/\/www.lasrosas.com.ar\/portal\/la-banda-mexicana-icono-vuelve-a-los-escenarios-y-confirma-su-show-en-buenos-aires\/","title":{"rendered":"LA BANDA MEXICANA \u00cdCONO VUELVE A LOS ESCENARIOS Y CONFIRMA SU SHOW EN BUENOS AIRES"},"content":{"rendered":"\n<p><strong>8 DE JUNIO | MOVISTAR ARENA<\/strong> <strong>TICKETS A LA VENTA EL LUNES 8 DE ABRIL 10 AM A TRAV\u00c9S DE <\/strong><a href=\"http:\/\/www.movistararena.com.ar\">http:\/\/www.movistararena.com.ar<\/a><\/p>\n\n\n\n<p><strong>LA SO\u00d1ADA FORMACI\u00d3N ORIGINAL DE LA MANO DE MARIO, SAMO Y PABLO VUELVE AL PA\u00cdS QUE LOS VIO TRIUNFAR<\/strong><\/p>\n\n\n\n<p>Tras 10 a\u00f1os de espera, CAMILA llenar\u00e1 de nostalgia a sus fans de Buenos Aires con las canciones cl\u00e1sicas que enamoraron a una generaci\u00f3n, como <strong>\u201c<\/strong><a href=\"https:\/\/youtu.be\/xftFxCYQTdk?feature=shared\"><strong>Mientes<\/strong><\/a><strong>\u201d, \u201c<\/strong><a href=\"https:\/\/youtu.be\/gO8-9OWzPOQ?feature=shared\"><strong>Todo Cambi\u00f3<\/strong><\/a><strong>\u201d, \u201c<\/strong><a href=\"https:\/\/youtu.be\/KstbkZwnTv0?feature=shared\"><strong>Al\u00e9jate de M\u00ed<\/strong><\/a><strong>\u201d, \u201c<\/strong><a href=\"https:\/\/youtu.be\/jlySoaI0DGI?feature=shared\"><strong>Coleccionista de Canciones<\/strong><\/a><strong>\u201d<\/strong>, y compartir\u00e1n adem\u00e1s nuevas canciones de esta etapa de regreso.<\/p>\n\n\n\n<p><strong>CAMILA<\/strong>, la exitosa banda mexicana que supo enamorar en los 2000 a miles de fans alrededor del mundo, <strong>anunci\u00f3 su regreso a los escenarios<\/strong> y eligi\u00f3 a Argentina como una de las paradas especiales. Tras haber pasado una d\u00e9cada desde su \u00faltimo concierto, regres\u00f3 con su formaci\u00f3n original conformada por <a href=\"https:\/\/www.instagram.com\/theofficialmariodomm\/?hl=es\">Mario Domm<\/a>, <a href=\"https:\/\/www.instagram.com\/samooficial\/?hl=es\">Samo<\/a> y <a href=\"https:\/\/www.instagram.com\/pablocamila\/?hl=es\">Pablo Hurtado<\/a> anunciando un nuevo disco y una gira por Latinoam\u00e9rica.&nbsp;<\/p>\n\n\n\n<figure class=\"wp-block-image size-full\"><img decoding=\"async\" width=\"1080\" height=\"1350\" data-src=\"https:\/\/www.lasrosas.com.ar\/portal\/wp-content\/uploads\/Copia-de-CAMILA-4_5baires.jpg\" alt=\"\" class=\"wp-image-76777 lazyload\" data-srcset=\"https:\/\/www.lasrosas.com.ar\/portal\/wp-content\/uploads\/\/Copia-de-CAMILA-4_5baires.jpg 1080w, https:\/\/www.lasrosas.com.ar\/portal\/wp-content\/uploads\/\/Copia-de-CAMILA-4_5baires-768x960.jpg 768w\" data-sizes=\"(max-width: 1080px) 100vw, 1080px\" src=\"data:image\/svg+xml;base64,PHN2ZyB3aWR0aD0iMSIgaGVpZ2h0PSIxIiB4bWxucz0iaHR0cDovL3d3dy53My5vcmcvMjAwMC9zdmciPjwvc3ZnPg==\" style=\"--smush-placeholder-width: 1080px; --smush-placeholder-aspect-ratio: 1080\/1350;\" \/><\/figure>\n\n\n\n<p>Este<strong> 8 de junio<\/strong>, el p\u00fablico argentino ser\u00e1 testigo de un regreso \u00fanico, en el que las baladas m\u00e1s recordadas sonar\u00e1n en el <strong>Movistar Arena de Buenos Aires<\/strong>. Las entradas ya se encuentran a la venta a trav\u00e9s de <a href=\"http:\/\/www.movistararena.com.ar\">www.movistararena.com.ar<\/a><\/p>\n\n\n\n<p><strong>CAMILA <\/strong>es considerada la esencia y fuerza creativa m\u00e1s importante de la balada pop latinoamericana de las \u00faltimas d\u00e9cadas. Fundado en 2005, el grupo compuesto por Mario, Pablo y Samo sigue haciendo historia volviendo a la formaci\u00f3n inicial que les hizo conectar con millones de seguidores en todo el mundo.<\/p>\n\n\n\n<p>La banda original y completa de <strong>Camila<\/strong>, se reencontr\u00f3 en 2023 para seguir haciendo historia. Sus recientes lanzamientos comenzaron a echarle le\u00f1a al fuego y proyectar el \u00e9xito de esta nueva etapa que muestra al grupo m\u00e1s pleno y consolidado que nunca.<\/p>\n<!-- AddThis Advanced Settings generic via filter on the_content --><!-- AddThis Share Buttons generic via filter on the_content -->","protected":false},"excerpt":{"rendered":"<p>8 DE JUNIO | MOVISTAR ARENA TICKETS A LA VENTA EL LUNES 8 DE ABRIL 10 AM A TRAV\u00c9S DE http:\/\/www.movistararena.com.ar LA SO\u00d1ADA FORMACI\u00d3N ORIGINAL DE LA MANO DE MARIO, SAMO Y PABLO VUELVE AL PA\u00cdS QUE LOS VIO TRIUNFAR Tras 10 a\u00f1os de espera, CAMILA llenar\u00e1 de nostalgia a sus fans de Buenos Aires [&hellip;]<!-- AddThis Advanced Settings generic via filter on get_the_excerpt --><!-- AddThis Share Buttons generic via filter on get_the_excerpt --><\/p>\n","protected":false},"author":6,"featured_media":76778,"comment_status":"closed","ping_status":"open","sticky":false,"template":"","format":"standard","meta":{"_acf_changed":false,"om_disable_all_campaigns":false,"_monsterinsights_skip_tracking":false,"_monsterinsights_sitenote_active":false,"_monsterinsights_sitenote_note":"","_monsterinsights_sitenote_category":0,"_uf_show_specific_survey":0,"_uf_disable_surveys":false,"footnotes":""},"categories":[100,25],"tags":[],"class_list":["post-76776","post","type-post","status-publish","format-standard","has-post-thumbnail","hentry","category-noticias","category-radio"],"acf":[],"aioseo_notices":[],"_links":{"self":[{"href":"https:\/\/www.lasrosas.com.ar\/portal\/wp-json\/wp\/v2\/posts\/76776","targetHints":{"allow":["GET"]}}],"collection":[{"href":"https:\/\/www.lasrosas.com.ar\/portal\/wp-json\/wp\/v2\/posts"}],"about":[{"href":"https:\/\/www.lasrosas.com.ar\/portal\/wp-json\/wp\/v2\/types\/post"}],"author":[{"embeddable":true,"href":"https:\/\/www.lasrosas.com.ar\/portal\/wp-json\/wp\/v2\/users\/6"}],"replies":[{"embeddable":true,"href":"https:\/\/www.lasrosas.com.ar\/portal\/wp-json\/wp\/v2\/comments?post=76776"}],"version-history":[{"count":1,"href":"https:\/\/www.lasrosas.com.ar\/portal\/wp-json\/wp\/v2\/posts\/76776\/revisions"}],"predecessor-version":[{"id":76779,"href":"https:\/\/www.lasrosas.com.ar\/portal\/wp-json\/wp\/v2\/posts\/76776\/revisions\/76779"}],"wp:featuredmedia":[{"embeddable":true,"href":"https:\/\/www.lasrosas.com.ar\/portal\/wp-json\/wp\/v2\/media\/76778"}],"wp:attachment":[{"href":"https:\/\/www.lasrosas.com.ar\/portal\/wp-json\/wp\/v2\/media?parent=76776"}],"wp:term":[{"taxonomy":"category","embeddable":true,"href":"https:\/\/www.lasrosas.com.ar\/portal\/wp-json\/wp\/v2\/categories?post=76776"},{"taxonomy":"post_tag","embeddable":true,"href":"https:\/\/www.lasrosas.com.ar\/portal\/wp-json\/wp\/v2\/tags?post=76776"}],"curies":[{"name":"wp","href":"https:\/\/api.w.org\/{rel}","templated":true}]}}