{"id":76712,"date":"2024-03-28T14:01:52","date_gmt":"2024-03-28T17:01:52","guid":{"rendered":"https:\/\/www.lasrosas.com.ar\/portal\/?p=76712"},"modified":"2024-03-28T14:01:55","modified_gmt":"2024-03-28T17:01:55","slug":"5-items-rojos-para-sumar-el-color-de-moda-a-tus-looks","status":"publish","type":"post","link":"https:\/\/www.lasrosas.com.ar\/portal\/5-items-rojos-para-sumar-el-color-de-moda-a-tus-looks\/","title":{"rendered":"5 \u00cdTEMS ROJOS PARA SUMAR EL COLOR DE MODA A TUS LOOKS"},"content":{"rendered":"\n<p>Lo vimos en los desfiles de la semana de la moda, lo vimos en las calles de las principales ciudades del mundo y lo vimos en las redes sociales, el rojo es el color de este oto\u00f1o\/invierno. Un color vers\u00e1til y alegre que levanta cualquier outfit y favorece a todos los tipos de pieles.\u00a0<\/p>\n\n\n\n<p>Combinalo con la gama de los marrones como beige \u00fa ocre, con negro, lila, fuscia opaco y celeste. En un detalle o un total look, este color siempre suma!&nbsp; Hay \u00edtems claves, que son aquellos que al sumarlos a tu outfit logran cancherisarlo al m\u00e1ximo.<\/p>\n\n\n\n<p>Te mostramos los\u00a0<strong>5 \u00edtems rojos que ten\u00e9s que tener este invierno:<\/strong><\/p>\n\n\n\n<h3 class=\"wp-block-heading\">1. Abrigo rojo<\/h3>\n\n\n\n<figure class=\"wp-block-image size-full\"><img decoding=\"async\" width=\"1200\" height=\"1203\" data-src=\"https:\/\/www.lasrosas.com.ar\/portal\/wp-content\/uploads\/rocio-osorno-1672225109.jpg\" alt=\"\" class=\"wp-image-76713 lazyload\" data-srcset=\"https:\/\/www.lasrosas.com.ar\/portal\/wp-content\/uploads\/\/rocio-osorno-1672225109.jpg 1200w, https:\/\/www.lasrosas.com.ar\/portal\/wp-content\/uploads\/\/rocio-osorno-1672225109-958x960.jpg 958w\" data-sizes=\"(max-width: 1200px) 100vw, 1200px\" src=\"data:image\/svg+xml;base64,PHN2ZyB3aWR0aD0iMSIgaGVpZ2h0PSIxIiB4bWxucz0iaHR0cDovL3d3dy53My5vcmcvMjAwMC9zdmciPjwvc3ZnPg==\" style=\"--smush-placeholder-width: 1200px; --smush-placeholder-aspect-ratio: 1200\/1203;\" \/><\/figure>\n\n\n\n<p><\/p>\n\n\n\n<h3 class=\"wp-block-heading\">2. Medias rojas<\/h3>\n\n\n\n<figure class=\"wp-block-image size-full\"><img decoding=\"async\" width=\"460\" height=\"690\" data-src=\"https:\/\/www.lasrosas.com.ar\/portal\/wp-content\/uploads\/looks-con-medias-otono-2023-opacas.png.webp\" alt=\"\" class=\"wp-image-76714 lazyload\" src=\"data:image\/svg+xml;base64,PHN2ZyB3aWR0aD0iMSIgaGVpZ2h0PSIxIiB4bWxucz0iaHR0cDovL3d3dy53My5vcmcvMjAwMC9zdmciPjwvc3ZnPg==\" style=\"--smush-placeholder-width: 460px; --smush-placeholder-aspect-ratio: 460\/690;\" \/><\/figure>\n\n\n\n<h3 class=\"wp-block-heading\">3. Pantal\u00f3n rojo<\/h3>\n\n\n\n<figure class=\"wp-block-image size-full\"><img decoding=\"async\" width=\"382\" height=\"640\" data-src=\"https:\/\/www.lasrosas.com.ar\/portal\/wp-content\/uploads\/ffded8fa16a52939c6f7e697a8d72909.jpg\" alt=\"\" class=\"wp-image-76715 lazyload\" src=\"data:image\/svg+xml;base64,PHN2ZyB3aWR0aD0iMSIgaGVpZ2h0PSIxIiB4bWxucz0iaHR0cDovL3d3dy53My5vcmcvMjAwMC9zdmciPjwvc3ZnPg==\" style=\"--smush-placeholder-width: 382px; --smush-placeholder-aspect-ratio: 382\/640;\" \/><\/figure>\n\n\n\n<h3 class=\"wp-block-heading\">4. Ballerinas rojas<\/h3>\n\n\n\n<figure class=\"wp-block-image size-full\"><img decoding=\"async\" width=\"1920\" height=\"1080\" data-src=\"https:\/\/www.lasrosas.com.ar\/portal\/wp-content\/uploads\/IMG_8803.webp\" alt=\"\" class=\"wp-image-76716 lazyload\" data-srcset=\"https:\/\/www.lasrosas.com.ar\/portal\/wp-content\/uploads\/IMG_8803.webp 1920w, https:\/\/www.lasrosas.com.ar\/portal\/wp-content\/uploads\/IMG_8803-960x540.webp 960w, https:\/\/www.lasrosas.com.ar\/portal\/wp-content\/uploads\/IMG_8803-1536x864.webp 1536w\" data-sizes=\"(max-width: 1920px) 100vw, 1920px\" src=\"data:image\/svg+xml;base64,PHN2ZyB3aWR0aD0iMSIgaGVpZ2h0PSIxIiB4bWxucz0iaHR0cDovL3d3dy53My5vcmcvMjAwMC9zdmciPjwvc3ZnPg==\" style=\"--smush-placeholder-width: 1920px; --smush-placeholder-aspect-ratio: 1920\/1080;\" \/><\/figure>\n\n\n\n<h3 class=\"wp-block-heading\">5. Sweater rojo<\/h3>\n\n\n\n<figure class=\"wp-block-image size-full\"><img decoding=\"async\" width=\"640\" height=\"853\" data-src=\"https:\/\/www.lasrosas.com.ar\/portal\/wp-content\/uploads\/whatsapp-image-2023-06-26-at-5-36-30-pm-11-6925f454d4844d1a8916878748304490-640-0.jpeg\" alt=\"\" class=\"wp-image-76717 lazyload\" src=\"data:image\/svg+xml;base64,PHN2ZyB3aWR0aD0iMSIgaGVpZ2h0PSIxIiB4bWxucz0iaHR0cDovL3d3dy53My5vcmcvMjAwMC9zdmciPjwvc3ZnPg==\" style=\"--smush-placeholder-width: 640px; --smush-placeholder-aspect-ratio: 640\/853;\" \/><\/figure>\n\n\n\n<p><\/p>\n<!-- AddThis Advanced Settings generic via filter on the_content --><!-- AddThis Share Buttons generic via filter on the_content -->","protected":false},"excerpt":{"rendered":"<p>Lo vimos en los desfiles de la semana de la moda, lo vimos en las calles de las principales ciudades del mundo y lo vimos en las redes sociales, el rojo es el color de este oto\u00f1o\/invierno. Un color vers\u00e1til y alegre que levanta cualquier outfit y favorece a todos los tipos de pieles.\u00a0 Combinalo [&hellip;]<!-- AddThis Advanced Settings generic via filter on get_the_excerpt --><!-- AddThis Share Buttons generic via filter on get_the_excerpt --><\/p>\n","protected":false},"author":6,"featured_media":76713,"comment_status":"closed","ping_status":"open","sticky":false,"template":"","format":"standard","meta":{"_acf_changed":false,"om_disable_all_campaigns":false,"_monsterinsights_skip_tracking":false,"_monsterinsights_sitenote_active":false,"_monsterinsights_sitenote_note":"","_monsterinsights_sitenote_category":0,"_uf_show_specific_survey":0,"_uf_disable_surveys":false,"footnotes":""},"categories":[234,100],"tags":[],"class_list":["post-76712","post","type-post","status-publish","format-standard","has-post-thumbnail","hentry","category-trend","category-noticias"],"acf":[],"aioseo_notices":[],"_links":{"self":[{"href":"https:\/\/www.lasrosas.com.ar\/portal\/wp-json\/wp\/v2\/posts\/76712","targetHints":{"allow":["GET"]}}],"collection":[{"href":"https:\/\/www.lasrosas.com.ar\/portal\/wp-json\/wp\/v2\/posts"}],"about":[{"href":"https:\/\/www.lasrosas.com.ar\/portal\/wp-json\/wp\/v2\/types\/post"}],"author":[{"embeddable":true,"href":"https:\/\/www.lasrosas.com.ar\/portal\/wp-json\/wp\/v2\/users\/6"}],"replies":[{"embeddable":true,"href":"https:\/\/www.lasrosas.com.ar\/portal\/wp-json\/wp\/v2\/comments?post=76712"}],"version-history":[{"count":1,"href":"https:\/\/www.lasrosas.com.ar\/portal\/wp-json\/wp\/v2\/posts\/76712\/revisions"}],"predecessor-version":[{"id":76718,"href":"https:\/\/www.lasrosas.com.ar\/portal\/wp-json\/wp\/v2\/posts\/76712\/revisions\/76718"}],"wp:featuredmedia":[{"embeddable":true,"href":"https:\/\/www.lasrosas.com.ar\/portal\/wp-json\/wp\/v2\/media\/76713"}],"wp:attachment":[{"href":"https:\/\/www.lasrosas.com.ar\/portal\/wp-json\/wp\/v2\/media?parent=76712"}],"wp:term":[{"taxonomy":"category","embeddable":true,"href":"https:\/\/www.lasrosas.com.ar\/portal\/wp-json\/wp\/v2\/categories?post=76712"},{"taxonomy":"post_tag","embeddable":true,"href":"https:\/\/www.lasrosas.com.ar\/portal\/wp-json\/wp\/v2\/tags?post=76712"}],"curies":[{"name":"wp","href":"https:\/\/api.w.org\/{rel}","templated":true}]}}