{"id":76650,"date":"2024-03-27T12:47:12","date_gmt":"2024-03-27T15:47:12","guid":{"rendered":"https:\/\/www.lasrosas.com.ar\/portal\/?p=76650"},"modified":"2024-03-27T12:47:15","modified_gmt":"2024-03-27T15:47:15","slug":"finca-el-paraiso-fue-escenario-de-una-nueva-edicion-del-rally-de-las-bodegas","status":"publish","type":"post","link":"https:\/\/www.lasrosas.com.ar\/portal\/finca-el-paraiso-fue-escenario-de-una-nueva-edicion-del-rally-de-las-bodegas\/","title":{"rendered":"FINCA EL PARA\u00cdSO FUE ESCENARIO DE UNA NUEVA EDICI\u00d3N DEL RALLY DE LAS BODEGAS"},"content":{"rendered":"\n<p>El lujo, la tradici\u00f3n y la historia se unieron el pasado s\u00e1bado 16 de marzo en el marco de\u00a0<strong>21\u00b0 edici\u00f3n del<\/strong>\u00a0<strong>Rally de las Bodegas (RDLB),<\/strong>\u00a0que tuvo a Finca El Para\u00edso, la hist\u00f3rica finca de la familia Arizu de bodega Luigi Bosca, como anfitriona de la cl\u00e1sica competencia organizada por el Club Mendoza Cl\u00e1sicos y Sport.<\/p>\n\n\n\n<p>En un entorno que impacta por su belleza y elegancia, 80 autos cl\u00e1sicos tripulados por automovilistas nacionales y extranjeros se dieron cita en Finca El Para\u00edso, lugar donde finaliz\u00f3 el segundo trayecto del recorrido, que en total abarc\u00f3 700 kil\u00f3metros. As\u00ed, un a\u00f1o m\u00e1s, el rally fusion\u00f3 la pasi\u00f3n por los autos cl\u00e1sicos y las atractivas propuestas de la ruta del vino, en compa\u00f1\u00eda constante de los imponentes paisajes mendocinos.<\/p>\n\n\n\n<figure class=\"wp-block-gallery has-nested-images columns-default is-cropped wp-block-gallery-1 is-layout-flex wp-block-gallery-is-layout-flex\">\n<figure class=\"wp-block-image size-large\"><img decoding=\"async\" width=\"1080\" height=\"1080\" data-id=\"76651\" data-src=\"https:\/\/www.lasrosas.com.ar\/portal\/wp-content\/uploads\/Luigi-Bosca-Rally-de-las-Bodegas-5.jpg\" alt=\"\" class=\"wp-image-76651 lazyload\" data-srcset=\"https:\/\/www.lasrosas.com.ar\/portal\/wp-content\/uploads\/\/Luigi-Bosca-Rally-de-las-Bodegas-5.jpg 1080w, https:\/\/www.lasrosas.com.ar\/portal\/wp-content\/uploads\/\/Luigi-Bosca-Rally-de-las-Bodegas-5-960x960.jpg 960w\" data-sizes=\"(max-width: 1080px) 100vw, 1080px\" src=\"data:image\/svg+xml;base64,PHN2ZyB3aWR0aD0iMSIgaGVpZ2h0PSIxIiB4bWxucz0iaHR0cDovL3d3dy53My5vcmcvMjAwMC9zdmciPjwvc3ZnPg==\" style=\"--smush-placeholder-width: 1080px; --smush-placeholder-aspect-ratio: 1080\/1080;\" \/><\/figure>\n\n\n\n<figure class=\"wp-block-image size-large\"><img decoding=\"async\" width=\"1080\" height=\"1080\" data-id=\"76655\" data-src=\"https:\/\/www.lasrosas.com.ar\/portal\/wp-content\/uploads\/Luigi-Bosca-Rally-de-las-Bodegas-4.jpg\" alt=\"\" class=\"wp-image-76655 lazyload\" data-srcset=\"https:\/\/www.lasrosas.com.ar\/portal\/wp-content\/uploads\/\/Luigi-Bosca-Rally-de-las-Bodegas-4.jpg 1080w, https:\/\/www.lasrosas.com.ar\/portal\/wp-content\/uploads\/\/Luigi-Bosca-Rally-de-las-Bodegas-4-960x960.jpg 960w\" data-sizes=\"(max-width: 1080px) 100vw, 1080px\" src=\"data:image\/svg+xml;base64,PHN2ZyB3aWR0aD0iMSIgaGVpZ2h0PSIxIiB4bWxucz0iaHR0cDovL3d3dy53My5vcmcvMjAwMC9zdmciPjwvc3ZnPg==\" style=\"--smush-placeholder-width: 1080px; --smush-placeholder-aspect-ratio: 1080\/1080;\" \/><\/figure>\n\n\n\n<figure class=\"wp-block-image size-large\"><img decoding=\"async\" width=\"1080\" height=\"1080\" data-id=\"76652\" data-src=\"https:\/\/www.lasrosas.com.ar\/portal\/wp-content\/uploads\/Luigi-Bosca-Rally-de-las-Bodegas-3.jpg\" alt=\"\" class=\"wp-image-76652 lazyload\" data-srcset=\"https:\/\/www.lasrosas.com.ar\/portal\/wp-content\/uploads\/\/Luigi-Bosca-Rally-de-las-Bodegas-3.jpg 1080w, https:\/\/www.lasrosas.com.ar\/portal\/wp-content\/uploads\/\/Luigi-Bosca-Rally-de-las-Bodegas-3-960x960.jpg 960w\" data-sizes=\"(max-width: 1080px) 100vw, 1080px\" src=\"data:image\/svg+xml;base64,PHN2ZyB3aWR0aD0iMSIgaGVpZ2h0PSIxIiB4bWxucz0iaHR0cDovL3d3dy53My5vcmcvMjAwMC9zdmciPjwvc3ZnPg==\" style=\"--smush-placeholder-width: 1080px; --smush-placeholder-aspect-ratio: 1080\/1080;\" \/><\/figure>\n\n\n\n<figure class=\"wp-block-image size-large\"><img decoding=\"async\" width=\"1080\" height=\"1080\" data-id=\"76654\" data-src=\"https:\/\/www.lasrosas.com.ar\/portal\/wp-content\/uploads\/Luigi-Bosca-Rally-de-las-Bodegas-2.jpg\" alt=\"\" class=\"wp-image-76654 lazyload\" data-srcset=\"https:\/\/www.lasrosas.com.ar\/portal\/wp-content\/uploads\/\/Luigi-Bosca-Rally-de-las-Bodegas-2.jpg 1080w, https:\/\/www.lasrosas.com.ar\/portal\/wp-content\/uploads\/\/Luigi-Bosca-Rally-de-las-Bodegas-2-960x960.jpg 960w\" data-sizes=\"(max-width: 1080px) 100vw, 1080px\" src=\"data:image\/svg+xml;base64,PHN2ZyB3aWR0aD0iMSIgaGVpZ2h0PSIxIiB4bWxucz0iaHR0cDovL3d3dy53My5vcmcvMjAwMC9zdmciPjwvc3ZnPg==\" style=\"--smush-placeholder-width: 1080px; --smush-placeholder-aspect-ratio: 1080\/1080;\" \/><\/figure>\n\n\n\n<figure class=\"wp-block-image size-large\"><img decoding=\"async\" width=\"1080\" height=\"1080\" data-id=\"76653\" data-src=\"https:\/\/www.lasrosas.com.ar\/portal\/wp-content\/uploads\/Luigi-Bosca-Rally-de-las-Bodegas-1.jpg\" alt=\"\" class=\"wp-image-76653 lazyload\" data-srcset=\"https:\/\/www.lasrosas.com.ar\/portal\/wp-content\/uploads\/\/Luigi-Bosca-Rally-de-las-Bodegas-1.jpg 1080w, https:\/\/www.lasrosas.com.ar\/portal\/wp-content\/uploads\/\/Luigi-Bosca-Rally-de-las-Bodegas-1-960x960.jpg 960w\" data-sizes=\"(max-width: 1080px) 100vw, 1080px\" src=\"data:image\/svg+xml;base64,PHN2ZyB3aWR0aD0iMSIgaGVpZ2h0PSIxIiB4bWxucz0iaHR0cDovL3d3dy53My5vcmcvMjAwMC9zdmciPjwvc3ZnPg==\" style=\"--smush-placeholder-width: 1080px; --smush-placeholder-aspect-ratio: 1080\/1080;\" \/><\/figure>\n<\/figure>\n\n\n\n<p>El hist\u00f3rico RDLB fue declarado de Inter\u00e9s Tur\u00edstico Nacional por el Ministerio de Turismo de la Naci\u00f3n y de Inter\u00e9s Provincial por el Gobierno de la Provincia de Mendoza. A su vez, forma parte del calendario nacional del Autom\u00f3vil Club Argentino (ACA) y fue incluido por La F\u00e9d\u00e9ration Internationale des V\u00e9hicules Anciens (FIVA) a su calendario internacional.<\/p>\n<!-- AddThis Advanced Settings generic via filter on the_content --><!-- AddThis Share Buttons generic via filter on the_content -->","protected":false},"excerpt":{"rendered":"<p>El lujo, la tradici\u00f3n y la historia se unieron el pasado s\u00e1bado 16 de marzo en el marco de\u00a021\u00b0 edici\u00f3n del\u00a0Rally de las Bodegas (RDLB),\u00a0que tuvo a Finca El Para\u00edso, la hist\u00f3rica finca de la familia Arizu de bodega Luigi Bosca, como anfitriona de la cl\u00e1sica competencia organizada por el Club Mendoza Cl\u00e1sicos y Sport. [&hellip;]<!-- AddThis Advanced Settings generic via filter on get_the_excerpt --><!-- AddThis Share Buttons generic via filter on get_the_excerpt --><\/p>\n","protected":false},"author":6,"featured_media":76653,"comment_status":"closed","ping_status":"open","sticky":false,"template":"","format":"standard","meta":{"_acf_changed":false,"om_disable_all_campaigns":false,"_monsterinsights_skip_tracking":false,"_monsterinsights_sitenote_active":false,"_monsterinsights_sitenote_note":"","_monsterinsights_sitenote_category":0,"_uf_show_specific_survey":0,"_uf_disable_surveys":false,"footnotes":""},"categories":[100],"tags":[],"class_list":["post-76650","post","type-post","status-publish","format-standard","has-post-thumbnail","hentry","category-noticias"],"acf":[],"aioseo_notices":[],"_links":{"self":[{"href":"https:\/\/www.lasrosas.com.ar\/portal\/wp-json\/wp\/v2\/posts\/76650","targetHints":{"allow":["GET"]}}],"collection":[{"href":"https:\/\/www.lasrosas.com.ar\/portal\/wp-json\/wp\/v2\/posts"}],"about":[{"href":"https:\/\/www.lasrosas.com.ar\/portal\/wp-json\/wp\/v2\/types\/post"}],"author":[{"embeddable":true,"href":"https:\/\/www.lasrosas.com.ar\/portal\/wp-json\/wp\/v2\/users\/6"}],"replies":[{"embeddable":true,"href":"https:\/\/www.lasrosas.com.ar\/portal\/wp-json\/wp\/v2\/comments?post=76650"}],"version-history":[{"count":1,"href":"https:\/\/www.lasrosas.com.ar\/portal\/wp-json\/wp\/v2\/posts\/76650\/revisions"}],"predecessor-version":[{"id":76656,"href":"https:\/\/www.lasrosas.com.ar\/portal\/wp-json\/wp\/v2\/posts\/76650\/revisions\/76656"}],"wp:featuredmedia":[{"embeddable":true,"href":"https:\/\/www.lasrosas.com.ar\/portal\/wp-json\/wp\/v2\/media\/76653"}],"wp:attachment":[{"href":"https:\/\/www.lasrosas.com.ar\/portal\/wp-json\/wp\/v2\/media?parent=76650"}],"wp:term":[{"taxonomy":"category","embeddable":true,"href":"https:\/\/www.lasrosas.com.ar\/portal\/wp-json\/wp\/v2\/categories?post=76650"},{"taxonomy":"post_tag","embeddable":true,"href":"https:\/\/www.lasrosas.com.ar\/portal\/wp-json\/wp\/v2\/tags?post=76650"}],"curies":[{"name":"wp","href":"https:\/\/api.w.org\/{rel}","templated":true}]}}