{"id":76463,"date":"2024-03-21T14:01:40","date_gmt":"2024-03-21T17:01:40","guid":{"rendered":"https:\/\/www.lasrosas.com.ar\/portal\/?p=76463"},"modified":"2024-03-21T14:01:43","modified_gmt":"2024-03-21T17:01:43","slug":"edition-privee-desembarca-en-buenos-aires-con-un-evento-sin-precedentes-sobre-la-avenida-alvear","status":"publish","type":"post","link":"https:\/\/www.lasrosas.com.ar\/portal\/edition-privee-desembarca-en-buenos-aires-con-un-evento-sin-precedentes-sobre-la-avenida-alvear\/","title":{"rendered":"\u00e9dition priv\u00e9e desembarca en Buenos Aires con un evento sin precedentes sobre la Avenida Alvear\u00a0"},"content":{"rendered":"\n<p>El primer y \u00fanico espacio exclusivo de fragancias de autor y alta perfumer\u00eda abre sus puertas en la ex Residencia Lloubet con una aut\u00e9ntica inauguraci\u00f3n.\u00a0<\/p>\n\n\n\n<p>Desde la llegada de <strong>\u00e9dition priv\u00e9e, <\/strong>la Avenida Alvear ha potenciado su esplendor y su evento inaugural ha sido un vivo reflejo de ello.\u00a0<\/p>\n\n\n\n<p>Durante las primeras horas de la noche, la prestigiosa avenida se vio intervenida por una serie de abanderados quienes recibieron a m\u00e1s de 200 invitados. Celebridades, personalidades de la elite porte\u00f1a, empresarios y referentes de la perfumer\u00eda internacional se congregaron para ser testigos de este acontecimiento.&nbsp;<\/p>\n\n\n\n<p>Durante el evento de apertura, los asistentes tuvieron la oportunidad de conocer la mansi\u00f3n restaurada, mientras disfrutaban de un espect\u00e1culo art\u00edstico de primer nivel.&nbsp;<\/p>\n\n\n\n<p>La fachada de la ex Residencia Lloubet se convirti\u00f3 en escenario para la Orquesta Sinf\u00f3nica del Teatro Col\u00f3n, que con m\u00e1s de 30 m\u00fasicos en escena, dio inicio al evento y ofreci\u00f3 un concierto especialmente dedicado a los vecinos de avenida Alvear y a los invitados.\u00a0<\/p>\n\n\n\n<figure class=\"wp-block-gallery has-nested-images columns-default is-cropped wp-block-gallery-1 is-layout-flex wp-block-gallery-is-layout-flex\">\n<figure class=\"wp-block-image size-large\"><img decoding=\"async\" width=\"1280\" height=\"1920\" data-id=\"76466\" data-src=\"https:\/\/www.lasrosas.com.ar\/portal\/wp-content\/uploads\/edition-privee-Calu-Rivero-y-Emanuel-Horvilleur.-PH-Santiago-Sedlacek-1280x1920.jpg\" alt=\"\" class=\"wp-image-76466 lazyload\" data-srcset=\"https:\/\/www.lasrosas.com.ar\/portal\/wp-content\/uploads\/\/edition-privee-Calu-Rivero-y-Emanuel-Horvilleur.-PH-Santiago-Sedlacek-1280x1920.jpg 1280w, https:\/\/www.lasrosas.com.ar\/portal\/wp-content\/uploads\/\/edition-privee-Calu-Rivero-y-Emanuel-Horvilleur.-PH-Santiago-Sedlacek-640x960.jpg 640w, https:\/\/www.lasrosas.com.ar\/portal\/wp-content\/uploads\/\/edition-privee-Calu-Rivero-y-Emanuel-Horvilleur.-PH-Santiago-Sedlacek-1024x1536.jpg 1024w, https:\/\/www.lasrosas.com.ar\/portal\/wp-content\/uploads\/\/edition-privee-Calu-Rivero-y-Emanuel-Horvilleur.-PH-Santiago-Sedlacek-scaled.jpg 1365w\" data-sizes=\"(max-width: 1280px) 100vw, 1280px\" src=\"data:image\/svg+xml;base64,PHN2ZyB3aWR0aD0iMSIgaGVpZ2h0PSIxIiB4bWxucz0iaHR0cDovL3d3dy53My5vcmcvMjAwMC9zdmciPjwvc3ZnPg==\" style=\"--smush-placeholder-width: 1280px; --smush-placeholder-aspect-ratio: 1280\/1920;\" \/><\/figure>\n\n\n\n<figure class=\"wp-block-image size-large\"><img decoding=\"async\" width=\"1920\" height=\"1280\" data-id=\"76465\" data-src=\"https:\/\/www.lasrosas.com.ar\/portal\/wp-content\/uploads\/edition-privee-Amelia-Saban-Patricia-d\u00b4Arenberg-Eduardo-Wolff-y-Priscilla-Dzcigciot.-PH-Jero-Pokle-1920x1280.jpg\" alt=\"\" class=\"wp-image-76465 lazyload\" data-srcset=\"https:\/\/www.lasrosas.com.ar\/portal\/wp-content\/uploads\/\/edition-privee-Amelia-Saban-Patricia-d\u00b4Arenberg-Eduardo-Wolff-y-Priscilla-Dzcigciot.-PH-Jero-Pokle-1920x1280.jpg 1920w, https:\/\/www.lasrosas.com.ar\/portal\/wp-content\/uploads\/\/edition-privee-Amelia-Saban-Patricia-d\u00b4Arenberg-Eduardo-Wolff-y-Priscilla-Dzcigciot.-PH-Jero-Pokle-960x640.jpg 960w, https:\/\/www.lasrosas.com.ar\/portal\/wp-content\/uploads\/\/edition-privee-Amelia-Saban-Patricia-d\u00b4Arenberg-Eduardo-Wolff-y-Priscilla-Dzcigciot.-PH-Jero-Pokle-1536x1024.jpg 1536w, https:\/\/www.lasrosas.com.ar\/portal\/wp-content\/uploads\/\/edition-privee-Amelia-Saban-Patricia-d\u00b4Arenberg-Eduardo-Wolff-y-Priscilla-Dzcigciot.-PH-Jero-Pokle-scaled.jpg 2048w\" data-sizes=\"(max-width: 1920px) 100vw, 1920px\" src=\"data:image\/svg+xml;base64,PHN2ZyB3aWR0aD0iMSIgaGVpZ2h0PSIxIiB4bWxucz0iaHR0cDovL3d3dy53My5vcmcvMjAwMC9zdmciPjwvc3ZnPg==\" style=\"--smush-placeholder-width: 1920px; --smush-placeholder-aspect-ratio: 1920\/1280;\" \/><figcaption class=\"wp-element-caption\">Processed with VSCO with c9 preset<\/figcaption><\/figure>\n\n\n\n<figure class=\"wp-block-image size-large\"><img decoding=\"async\" width=\"1280\" height=\"1920\" data-id=\"76469\" data-src=\"https:\/\/www.lasrosas.com.ar\/portal\/wp-content\/uploads\/edition-privee-Amelia-Saban.-PH-PH-Santiago-Sedlacek-1280x1920.jpg\" alt=\"\" class=\"wp-image-76469 lazyload\" data-srcset=\"https:\/\/www.lasrosas.com.ar\/portal\/wp-content\/uploads\/\/edition-privee-Amelia-Saban.-PH-PH-Santiago-Sedlacek-1280x1920.jpg 1280w, https:\/\/www.lasrosas.com.ar\/portal\/wp-content\/uploads\/\/edition-privee-Amelia-Saban.-PH-PH-Santiago-Sedlacek-640x960.jpg 640w, https:\/\/www.lasrosas.com.ar\/portal\/wp-content\/uploads\/\/edition-privee-Amelia-Saban.-PH-PH-Santiago-Sedlacek-1024x1536.jpg 1024w, https:\/\/www.lasrosas.com.ar\/portal\/wp-content\/uploads\/\/edition-privee-Amelia-Saban.-PH-PH-Santiago-Sedlacek-scaled.jpg 1365w\" data-sizes=\"(max-width: 1280px) 100vw, 1280px\" src=\"data:image\/svg+xml;base64,PHN2ZyB3aWR0aD0iMSIgaGVpZ2h0PSIxIiB4bWxucz0iaHR0cDovL3d3dy53My5vcmcvMjAwMC9zdmciPjwvc3ZnPg==\" style=\"--smush-placeholder-width: 1280px; --smush-placeholder-aspect-ratio: 1280\/1920;\" \/><\/figure>\n\n\n\n<figure class=\"wp-block-image size-large\"><img decoding=\"async\" width=\"1280\" height=\"1920\" data-id=\"76468\" data-src=\"https:\/\/www.lasrosas.com.ar\/portal\/wp-content\/uploads\/edition-privee-Chita.-PH-Santiago-Sedlacek-1-1280x1920.jpg\" alt=\"\" class=\"wp-image-76468 lazyload\" data-srcset=\"https:\/\/www.lasrosas.com.ar\/portal\/wp-content\/uploads\/\/edition-privee-Chita.-PH-Santiago-Sedlacek-1-1280x1920.jpg 1280w, https:\/\/www.lasrosas.com.ar\/portal\/wp-content\/uploads\/\/edition-privee-Chita.-PH-Santiago-Sedlacek-1-640x960.jpg 640w, https:\/\/www.lasrosas.com.ar\/portal\/wp-content\/uploads\/\/edition-privee-Chita.-PH-Santiago-Sedlacek-1-1024x1536.jpg 1024w, https:\/\/www.lasrosas.com.ar\/portal\/wp-content\/uploads\/\/edition-privee-Chita.-PH-Santiago-Sedlacek-1-scaled.jpg 1365w\" data-sizes=\"(max-width: 1280px) 100vw, 1280px\" src=\"data:image\/svg+xml;base64,PHN2ZyB3aWR0aD0iMSIgaGVpZ2h0PSIxIiB4bWxucz0iaHR0cDovL3d3dy53My5vcmcvMjAwMC9zdmciPjwvc3ZnPg==\" style=\"--smush-placeholder-width: 1280px; --smush-placeholder-aspect-ratio: 1280\/1920;\" \/><\/figure>\n\n\n\n<figure class=\"wp-block-image size-large\"><img decoding=\"async\" width=\"1280\" height=\"1920\" data-id=\"76464\" data-src=\"https:\/\/www.lasrosas.com.ar\/portal\/wp-content\/uploads\/edition-privee-Evento-Apertura.-PH-Jero-Pokle-3-1280x1920.jpg\" alt=\"\" class=\"wp-image-76464 lazyload\" data-srcset=\"https:\/\/www.lasrosas.com.ar\/portal\/wp-content\/uploads\/\/edition-privee-Evento-Apertura.-PH-Jero-Pokle-3-1280x1920.jpg 1280w, https:\/\/www.lasrosas.com.ar\/portal\/wp-content\/uploads\/\/edition-privee-Evento-Apertura.-PH-Jero-Pokle-3-640x960.jpg 640w, https:\/\/www.lasrosas.com.ar\/portal\/wp-content\/uploads\/\/edition-privee-Evento-Apertura.-PH-Jero-Pokle-3-1024x1536.jpg 1024w, https:\/\/www.lasrosas.com.ar\/portal\/wp-content\/uploads\/\/edition-privee-Evento-Apertura.-PH-Jero-Pokle-3-scaled.jpg 1365w\" data-sizes=\"(max-width: 1280px) 100vw, 1280px\" src=\"data:image\/svg+xml;base64,PHN2ZyB3aWR0aD0iMSIgaGVpZ2h0PSIxIiB4bWxucz0iaHR0cDovL3d3dy53My5vcmcvMjAwMC9zdmciPjwvc3ZnPg==\" style=\"--smush-placeholder-width: 1280px; --smush-placeholder-aspect-ratio: 1280\/1920;\" \/><figcaption class=\"wp-element-caption\">Processed with VSCO with c9 preset<\/figcaption><\/figure>\n\n\n\n<figure class=\"wp-block-image size-large\"><img decoding=\"async\" width=\"1280\" height=\"1920\" data-id=\"76467\" data-src=\"https:\/\/www.lasrosas.com.ar\/portal\/wp-content\/uploads\/edition-privee-Wally-Diamante.-PH-Santiago-Sedlacek-1280x1920.jpg\" alt=\"\" class=\"wp-image-76467 lazyload\" data-srcset=\"https:\/\/www.lasrosas.com.ar\/portal\/wp-content\/uploads\/\/edition-privee-Wally-Diamante.-PH-Santiago-Sedlacek-1280x1920.jpg 1280w, https:\/\/www.lasrosas.com.ar\/portal\/wp-content\/uploads\/\/edition-privee-Wally-Diamante.-PH-Santiago-Sedlacek-640x960.jpg 640w, https:\/\/www.lasrosas.com.ar\/portal\/wp-content\/uploads\/\/edition-privee-Wally-Diamante.-PH-Santiago-Sedlacek-1024x1536.jpg 1024w, https:\/\/www.lasrosas.com.ar\/portal\/wp-content\/uploads\/\/edition-privee-Wally-Diamante.-PH-Santiago-Sedlacek-scaled.jpg 1365w\" data-sizes=\"(max-width: 1280px) 100vw, 1280px\" src=\"data:image\/svg+xml;base64,PHN2ZyB3aWR0aD0iMSIgaGVpZ2h0PSIxIiB4bWxucz0iaHR0cDovL3d3dy53My5vcmcvMjAwMC9zdmciPjwvc3ZnPg==\" style=\"--smush-placeholder-width: 1280px; --smush-placeholder-aspect-ratio: 1280\/1920;\" \/><\/figure>\n\n\n\n<figure class=\"wp-block-image size-large\"><img decoding=\"async\" width=\"1920\" height=\"1280\" data-id=\"76470\" data-src=\"https:\/\/www.lasrosas.com.ar\/portal\/wp-content\/uploads\/edition-privee-Sofia-Maiorani-Delfina-Muniz-Barreto-y-Maria-Calcaterra.-PH-Santi-Sedlacekjpg-1920x1280.jpg\" alt=\"\" class=\"wp-image-76470 lazyload\" data-srcset=\"https:\/\/www.lasrosas.com.ar\/portal\/wp-content\/uploads\/\/edition-privee-Sofia-Maiorani-Delfina-Muniz-Barreto-y-Maria-Calcaterra.-PH-Santi-Sedlacekjpg-1920x1280.jpg 1920w, https:\/\/www.lasrosas.com.ar\/portal\/wp-content\/uploads\/\/edition-privee-Sofia-Maiorani-Delfina-Muniz-Barreto-y-Maria-Calcaterra.-PH-Santi-Sedlacekjpg-960x640.jpg 960w, https:\/\/www.lasrosas.com.ar\/portal\/wp-content\/uploads\/\/edition-privee-Sofia-Maiorani-Delfina-Muniz-Barreto-y-Maria-Calcaterra.-PH-Santi-Sedlacekjpg-1536x1024.jpg 1536w, https:\/\/www.lasrosas.com.ar\/portal\/wp-content\/uploads\/\/edition-privee-Sofia-Maiorani-Delfina-Muniz-Barreto-y-Maria-Calcaterra.-PH-Santi-Sedlacekjpg-scaled.jpg 2048w\" data-sizes=\"(max-width: 1920px) 100vw, 1920px\" src=\"data:image\/svg+xml;base64,PHN2ZyB3aWR0aD0iMSIgaGVpZ2h0PSIxIiB4bWxucz0iaHR0cDovL3d3dy53My5vcmcvMjAwMC9zdmciPjwvc3ZnPg==\" style=\"--smush-placeholder-width: 1920px; --smush-placeholder-aspect-ratio: 1920\/1280;\" \/><\/figure>\n\n\n\n<figure class=\"wp-block-image size-large\"><img decoding=\"async\" width=\"1280\" height=\"1920\" data-id=\"76471\" data-src=\"https:\/\/www.lasrosas.com.ar\/portal\/wp-content\/uploads\/edition-privee-Sandra-Hillar-y-Facundo-Garayalde.-PH-Santi-Sedlacek-1280x1920.jpg\" alt=\"\" class=\"wp-image-76471 lazyload\" data-srcset=\"https:\/\/www.lasrosas.com.ar\/portal\/wp-content\/uploads\/\/edition-privee-Sandra-Hillar-y-Facundo-Garayalde.-PH-Santi-Sedlacek-1280x1920.jpg 1280w, https:\/\/www.lasrosas.com.ar\/portal\/wp-content\/uploads\/\/edition-privee-Sandra-Hillar-y-Facundo-Garayalde.-PH-Santi-Sedlacek-640x960.jpg 640w, https:\/\/www.lasrosas.com.ar\/portal\/wp-content\/uploads\/\/edition-privee-Sandra-Hillar-y-Facundo-Garayalde.-PH-Santi-Sedlacek-1024x1536.jpg 1024w, https:\/\/www.lasrosas.com.ar\/portal\/wp-content\/uploads\/\/edition-privee-Sandra-Hillar-y-Facundo-Garayalde.-PH-Santi-Sedlacek-scaled.jpg 1365w\" data-sizes=\"(max-width: 1280px) 100vw, 1280px\" src=\"data:image\/svg+xml;base64,PHN2ZyB3aWR0aD0iMSIgaGVpZ2h0PSIxIiB4bWxucz0iaHR0cDovL3d3dy53My5vcmcvMjAwMC9zdmciPjwvc3ZnPg==\" style=\"--smush-placeholder-width: 1280px; --smush-placeholder-aspect-ratio: 1280\/1920;\" \/><\/figure>\n\n\n\n<figure class=\"wp-block-image size-large\"><img decoding=\"async\" width=\"1280\" height=\"1920\" data-id=\"76472\" data-src=\"https:\/\/www.lasrosas.com.ar\/portal\/wp-content\/uploads\/edition-privee-Patricia-d\u00b4Arenberg.-PH-Santiago-Sedlacek-1280x1920.jpg\" alt=\"\" class=\"wp-image-76472 lazyload\" data-srcset=\"https:\/\/www.lasrosas.com.ar\/portal\/wp-content\/uploads\/\/edition-privee-Patricia-d\u00b4Arenberg.-PH-Santiago-Sedlacek-1280x1920.jpg 1280w, https:\/\/www.lasrosas.com.ar\/portal\/wp-content\/uploads\/\/edition-privee-Patricia-d\u00b4Arenberg.-PH-Santiago-Sedlacek-640x960.jpg 640w, https:\/\/www.lasrosas.com.ar\/portal\/wp-content\/uploads\/\/edition-privee-Patricia-d\u00b4Arenberg.-PH-Santiago-Sedlacek-1024x1536.jpg 1024w, https:\/\/www.lasrosas.com.ar\/portal\/wp-content\/uploads\/\/edition-privee-Patricia-d\u00b4Arenberg.-PH-Santiago-Sedlacek-scaled.jpg 1365w\" data-sizes=\"(max-width: 1280px) 100vw, 1280px\" src=\"data:image\/svg+xml;base64,PHN2ZyB3aWR0aD0iMSIgaGVpZ2h0PSIxIiB4bWxucz0iaHR0cDovL3d3dy53My5vcmcvMjAwMC9zdmciPjwvc3ZnPg==\" style=\"--smush-placeholder-width: 1280px; --smush-placeholder-aspect-ratio: 1280\/1920;\" \/><\/figure>\n\n\n\n<figure class=\"wp-block-image size-large\"><img decoding=\"async\" width=\"1280\" height=\"1920\" data-id=\"76473\" data-src=\"https:\/\/www.lasrosas.com.ar\/portal\/wp-content\/uploads\/edition-privee-Lucia-Celasco.-PH-Santiago-Sedlacek-1280x1920.jpg\" alt=\"\" class=\"wp-image-76473 lazyload\" data-srcset=\"https:\/\/www.lasrosas.com.ar\/portal\/wp-content\/uploads\/\/edition-privee-Lucia-Celasco.-PH-Santiago-Sedlacek-1280x1920.jpg 1280w, https:\/\/www.lasrosas.com.ar\/portal\/wp-content\/uploads\/\/edition-privee-Lucia-Celasco.-PH-Santiago-Sedlacek-640x960.jpg 640w, https:\/\/www.lasrosas.com.ar\/portal\/wp-content\/uploads\/\/edition-privee-Lucia-Celasco.-PH-Santiago-Sedlacek-1024x1536.jpg 1024w, https:\/\/www.lasrosas.com.ar\/portal\/wp-content\/uploads\/\/edition-privee-Lucia-Celasco.-PH-Santiago-Sedlacek-scaled.jpg 1365w\" data-sizes=\"(max-width: 1280px) 100vw, 1280px\" src=\"data:image\/svg+xml;base64,PHN2ZyB3aWR0aD0iMSIgaGVpZ2h0PSIxIiB4bWxucz0iaHR0cDovL3d3dy53My5vcmcvMjAwMC9zdmciPjwvc3ZnPg==\" style=\"--smush-placeholder-width: 1280px; --smush-placeholder-aspect-ratio: 1280\/1920;\" \/><\/figure>\n\n\n\n<figure class=\"wp-block-image size-large\"><img decoding=\"async\" width=\"1280\" height=\"1920\" data-id=\"76474\" data-src=\"https:\/\/www.lasrosas.com.ar\/portal\/wp-content\/uploads\/edition-privee-Maria-Campos-y-Lucia-Celasco.-PH-Santiago-Sedlacek-1280x1920.jpg\" alt=\"\" class=\"wp-image-76474 lazyload\" data-srcset=\"https:\/\/www.lasrosas.com.ar\/portal\/wp-content\/uploads\/\/edition-privee-Maria-Campos-y-Lucia-Celasco.-PH-Santiago-Sedlacek-1280x1920.jpg 1280w, https:\/\/www.lasrosas.com.ar\/portal\/wp-content\/uploads\/\/edition-privee-Maria-Campos-y-Lucia-Celasco.-PH-Santiago-Sedlacek-640x960.jpg 640w, https:\/\/www.lasrosas.com.ar\/portal\/wp-content\/uploads\/\/edition-privee-Maria-Campos-y-Lucia-Celasco.-PH-Santiago-Sedlacek-1024x1536.jpg 1024w, https:\/\/www.lasrosas.com.ar\/portal\/wp-content\/uploads\/\/edition-privee-Maria-Campos-y-Lucia-Celasco.-PH-Santiago-Sedlacek-scaled.jpg 1365w\" data-sizes=\"(max-width: 1280px) 100vw, 1280px\" src=\"data:image\/svg+xml;base64,PHN2ZyB3aWR0aD0iMSIgaGVpZ2h0PSIxIiB4bWxucz0iaHR0cDovL3d3dy53My5vcmcvMjAwMC9zdmciPjwvc3ZnPg==\" style=\"--smush-placeholder-width: 1280px; --smush-placeholder-aspect-ratio: 1280\/1920;\" \/><\/figure>\n\n\n\n<figure class=\"wp-block-image size-large\"><img decoding=\"async\" width=\"1280\" height=\"1920\" data-id=\"76475\" data-src=\"https:\/\/www.lasrosas.com.ar\/portal\/wp-content\/uploads\/edition-privee-Lucas-Tornquist-y-Florencia-Arriola.-PH-Santiago-Sedlacek-1280x1920.jpg\" alt=\"\" class=\"wp-image-76475 lazyload\" data-srcset=\"https:\/\/www.lasrosas.com.ar\/portal\/wp-content\/uploads\/\/edition-privee-Lucas-Tornquist-y-Florencia-Arriola.-PH-Santiago-Sedlacek-1280x1920.jpg 1280w, https:\/\/www.lasrosas.com.ar\/portal\/wp-content\/uploads\/\/edition-privee-Lucas-Tornquist-y-Florencia-Arriola.-PH-Santiago-Sedlacek-640x960.jpg 640w, https:\/\/www.lasrosas.com.ar\/portal\/wp-content\/uploads\/\/edition-privee-Lucas-Tornquist-y-Florencia-Arriola.-PH-Santiago-Sedlacek-1024x1536.jpg 1024w, https:\/\/www.lasrosas.com.ar\/portal\/wp-content\/uploads\/\/edition-privee-Lucas-Tornquist-y-Florencia-Arriola.-PH-Santiago-Sedlacek-scaled.jpg 1365w\" data-sizes=\"(max-width: 1280px) 100vw, 1280px\" src=\"data:image\/svg+xml;base64,PHN2ZyB3aWR0aD0iMSIgaGVpZ2h0PSIxIiB4bWxucz0iaHR0cDovL3d3dy53My5vcmcvMjAwMC9zdmciPjwvc3ZnPg==\" style=\"--smush-placeholder-width: 1280px; --smush-placeholder-aspect-ratio: 1280\/1920;\" \/><\/figure>\n\n\n\n<figure class=\"wp-block-image size-large\"><img decoding=\"async\" width=\"1280\" height=\"1920\" data-id=\"76476\" data-src=\"https:\/\/www.lasrosas.com.ar\/portal\/wp-content\/uploads\/edition-privee-Franco-Masini.-PH-Santiago-Sedlacek-1280x1920.jpg\" alt=\"\" class=\"wp-image-76476 lazyload\" data-srcset=\"https:\/\/www.lasrosas.com.ar\/portal\/wp-content\/uploads\/\/edition-privee-Franco-Masini.-PH-Santiago-Sedlacek-1280x1920.jpg 1280w, https:\/\/www.lasrosas.com.ar\/portal\/wp-content\/uploads\/\/edition-privee-Franco-Masini.-PH-Santiago-Sedlacek-640x960.jpg 640w, https:\/\/www.lasrosas.com.ar\/portal\/wp-content\/uploads\/\/edition-privee-Franco-Masini.-PH-Santiago-Sedlacek-1024x1536.jpg 1024w, https:\/\/www.lasrosas.com.ar\/portal\/wp-content\/uploads\/\/edition-privee-Franco-Masini.-PH-Santiago-Sedlacek-scaled.jpg 1365w\" data-sizes=\"(max-width: 1280px) 100vw, 1280px\" src=\"data:image\/svg+xml;base64,PHN2ZyB3aWR0aD0iMSIgaGVpZ2h0PSIxIiB4bWxucz0iaHR0cDovL3d3dy53My5vcmcvMjAwMC9zdmciPjwvc3ZnPg==\" style=\"--smush-placeholder-width: 1280px; --smush-placeholder-aspect-ratio: 1280\/1920;\" \/><\/figure>\n\n\n\n<figure class=\"wp-block-image size-large\"><img decoding=\"async\" width=\"1280\" height=\"1920\" data-id=\"76477\" data-src=\"https:\/\/www.lasrosas.com.ar\/portal\/wp-content\/uploads\/edition-privee-Evento-Apertura.-PH-Santiago-Sedlacek-2-1280x1920.jpg\" alt=\"\" class=\"wp-image-76477 lazyload\" data-srcset=\"https:\/\/www.lasrosas.com.ar\/portal\/wp-content\/uploads\/\/edition-privee-Evento-Apertura.-PH-Santiago-Sedlacek-2-1280x1920.jpg 1280w, https:\/\/www.lasrosas.com.ar\/portal\/wp-content\/uploads\/\/edition-privee-Evento-Apertura.-PH-Santiago-Sedlacek-2-640x960.jpg 640w, https:\/\/www.lasrosas.com.ar\/portal\/wp-content\/uploads\/\/edition-privee-Evento-Apertura.-PH-Santiago-Sedlacek-2-1024x1536.jpg 1024w, https:\/\/www.lasrosas.com.ar\/portal\/wp-content\/uploads\/\/edition-privee-Evento-Apertura.-PH-Santiago-Sedlacek-2-scaled.jpg 1365w\" data-sizes=\"(max-width: 1280px) 100vw, 1280px\" src=\"data:image\/svg+xml;base64,PHN2ZyB3aWR0aD0iMSIgaGVpZ2h0PSIxIiB4bWxucz0iaHR0cDovL3d3dy53My5vcmcvMjAwMC9zdmciPjwvc3ZnPg==\" style=\"--smush-placeholder-width: 1280px; --smush-placeholder-aspect-ratio: 1280\/1920;\" \/><\/figure>\n\n\n\n<figure class=\"wp-block-image size-large\"><img decoding=\"async\" width=\"1280\" height=\"1920\" data-id=\"76478\" data-src=\"https:\/\/www.lasrosas.com.ar\/portal\/wp-content\/uploads\/edition-privee-Evento-Apertura.-PH-Santiago-Sedlacek-1-1280x1920.jpg\" alt=\"\" class=\"wp-image-76478 lazyload\" data-srcset=\"https:\/\/www.lasrosas.com.ar\/portal\/wp-content\/uploads\/\/edition-privee-Evento-Apertura.-PH-Santiago-Sedlacek-1-1280x1920.jpg 1280w, https:\/\/www.lasrosas.com.ar\/portal\/wp-content\/uploads\/\/edition-privee-Evento-Apertura.-PH-Santiago-Sedlacek-1-640x960.jpg 640w, https:\/\/www.lasrosas.com.ar\/portal\/wp-content\/uploads\/\/edition-privee-Evento-Apertura.-PH-Santiago-Sedlacek-1-1024x1536.jpg 1024w, https:\/\/www.lasrosas.com.ar\/portal\/wp-content\/uploads\/\/edition-privee-Evento-Apertura.-PH-Santiago-Sedlacek-1-scaled.jpg 1365w\" data-sizes=\"(max-width: 1280px) 100vw, 1280px\" src=\"data:image\/svg+xml;base64,PHN2ZyB3aWR0aD0iMSIgaGVpZ2h0PSIxIiB4bWxucz0iaHR0cDovL3d3dy53My5vcmcvMjAwMC9zdmciPjwvc3ZnPg==\" style=\"--smush-placeholder-width: 1280px; --smush-placeholder-aspect-ratio: 1280\/1920;\" \/><\/figure>\n\n\n\n<figure class=\"wp-block-image size-large\"><img decoding=\"async\" width=\"1280\" height=\"1920\" data-id=\"76479\" data-src=\"https:\/\/www.lasrosas.com.ar\/portal\/wp-content\/uploads\/edition-privee-Evento-Apertura.-PH-Santiago-Sedlacek-1280x1920.jpg\" alt=\"\" class=\"wp-image-76479 lazyload\" data-srcset=\"https:\/\/www.lasrosas.com.ar\/portal\/wp-content\/uploads\/\/edition-privee-Evento-Apertura.-PH-Santiago-Sedlacek-1280x1920.jpg 1280w, https:\/\/www.lasrosas.com.ar\/portal\/wp-content\/uploads\/\/edition-privee-Evento-Apertura.-PH-Santiago-Sedlacek-640x960.jpg 640w, https:\/\/www.lasrosas.com.ar\/portal\/wp-content\/uploads\/\/edition-privee-Evento-Apertura.-PH-Santiago-Sedlacek-1024x1536.jpg 1024w, https:\/\/www.lasrosas.com.ar\/portal\/wp-content\/uploads\/\/edition-privee-Evento-Apertura.-PH-Santiago-Sedlacek-scaled.jpg 1365w\" data-sizes=\"(max-width: 1280px) 100vw, 1280px\" src=\"data:image\/svg+xml;base64,PHN2ZyB3aWR0aD0iMSIgaGVpZ2h0PSIxIiB4bWxucz0iaHR0cDovL3d3dy53My5vcmcvMjAwMC9zdmciPjwvc3ZnPg==\" style=\"--smush-placeholder-width: 1280px; --smush-placeholder-aspect-ratio: 1280\/1920;\" \/><\/figure>\n\n\n\n<figure class=\"wp-block-image size-large\"><img decoding=\"async\" width=\"1280\" height=\"1920\" data-id=\"76480\" data-src=\"https:\/\/www.lasrosas.com.ar\/portal\/wp-content\/uploads\/edition-privee-Evento-Apertura.-PH-Jero-Pokle-2-1280x1920.jpg\" alt=\"\" class=\"wp-image-76480 lazyload\" data-srcset=\"https:\/\/www.lasrosas.com.ar\/portal\/wp-content\/uploads\/\/edition-privee-Evento-Apertura.-PH-Jero-Pokle-2-1280x1920.jpg 1280w, https:\/\/www.lasrosas.com.ar\/portal\/wp-content\/uploads\/\/edition-privee-Evento-Apertura.-PH-Jero-Pokle-2-640x960.jpg 640w, https:\/\/www.lasrosas.com.ar\/portal\/wp-content\/uploads\/\/edition-privee-Evento-Apertura.-PH-Jero-Pokle-2-1024x1536.jpg 1024w, https:\/\/www.lasrosas.com.ar\/portal\/wp-content\/uploads\/\/edition-privee-Evento-Apertura.-PH-Jero-Pokle-2-scaled.jpg 1365w\" data-sizes=\"(max-width: 1280px) 100vw, 1280px\" src=\"data:image\/svg+xml;base64,PHN2ZyB3aWR0aD0iMSIgaGVpZ2h0PSIxIiB4bWxucz0iaHR0cDovL3d3dy53My5vcmcvMjAwMC9zdmciPjwvc3ZnPg==\" style=\"--smush-placeholder-width: 1280px; --smush-placeholder-aspect-ratio: 1280\/1920;\" \/><figcaption class=\"wp-element-caption\">Processed with VSCO with c9 preset<\/figcaption><\/figure>\n\n\n\n<figure class=\"wp-block-image size-large\"><img decoding=\"async\" width=\"1280\" height=\"1920\" data-id=\"76481\" data-src=\"https:\/\/www.lasrosas.com.ar\/portal\/wp-content\/uploads\/edition-privee-Evento-Apertura.-PH-Jero-Pokle-1-1280x1920.jpg\" alt=\"\" class=\"wp-image-76481 lazyload\" data-srcset=\"https:\/\/www.lasrosas.com.ar\/portal\/wp-content\/uploads\/\/edition-privee-Evento-Apertura.-PH-Jero-Pokle-1-1280x1920.jpg 1280w, https:\/\/www.lasrosas.com.ar\/portal\/wp-content\/uploads\/\/edition-privee-Evento-Apertura.-PH-Jero-Pokle-1-640x960.jpg 640w, https:\/\/www.lasrosas.com.ar\/portal\/wp-content\/uploads\/\/edition-privee-Evento-Apertura.-PH-Jero-Pokle-1-1024x1536.jpg 1024w, https:\/\/www.lasrosas.com.ar\/portal\/wp-content\/uploads\/\/edition-privee-Evento-Apertura.-PH-Jero-Pokle-1-scaled.jpg 1365w\" data-sizes=\"(max-width: 1280px) 100vw, 1280px\" src=\"data:image\/svg+xml;base64,PHN2ZyB3aWR0aD0iMSIgaGVpZ2h0PSIxIiB4bWxucz0iaHR0cDovL3d3dy53My5vcmcvMjAwMC9zdmciPjwvc3ZnPg==\" style=\"--smush-placeholder-width: 1280px; --smush-placeholder-aspect-ratio: 1280\/1920;\" \/><figcaption class=\"wp-element-caption\">Processed with VSCO with c9 preset<\/figcaption><\/figure>\n\n\n\n<figure class=\"wp-block-image size-large\"><img decoding=\"async\" width=\"1280\" height=\"1920\" data-id=\"76482\" data-src=\"https:\/\/www.lasrosas.com.ar\/portal\/wp-content\/uploads\/edition-privee-Evento-Apertura.-PH-Jero-Pokle-1280x1920.jpg\" alt=\"\" class=\"wp-image-76482 lazyload\" data-srcset=\"https:\/\/www.lasrosas.com.ar\/portal\/wp-content\/uploads\/\/edition-privee-Evento-Apertura.-PH-Jero-Pokle-1280x1920.jpg 1280w, https:\/\/www.lasrosas.com.ar\/portal\/wp-content\/uploads\/\/edition-privee-Evento-Apertura.-PH-Jero-Pokle-640x960.jpg 640w, https:\/\/www.lasrosas.com.ar\/portal\/wp-content\/uploads\/\/edition-privee-Evento-Apertura.-PH-Jero-Pokle-1024x1536.jpg 1024w, https:\/\/www.lasrosas.com.ar\/portal\/wp-content\/uploads\/\/edition-privee-Evento-Apertura.-PH-Jero-Pokle-scaled.jpg 1365w\" data-sizes=\"(max-width: 1280px) 100vw, 1280px\" src=\"data:image\/svg+xml;base64,PHN2ZyB3aWR0aD0iMSIgaGVpZ2h0PSIxIiB4bWxucz0iaHR0cDovL3d3dy53My5vcmcvMjAwMC9zdmciPjwvc3ZnPg==\" style=\"--smush-placeholder-width: 1280px; --smush-placeholder-aspect-ratio: 1280\/1920;\" \/><figcaption class=\"wp-element-caption\">Processed with VSCO with c9 preset<\/figcaption><\/figure>\n\n\n\n<figure class=\"wp-block-image size-large\"><img decoding=\"async\" width=\"1280\" height=\"1920\" data-id=\"76483\" data-src=\"https:\/\/www.lasrosas.com.ar\/portal\/wp-content\/uploads\/edition-privee-Emanuel-Horvilleur.-PH-Jero-Pokle-1280x1920.jpg\" alt=\"\" class=\"wp-image-76483 lazyload\" data-srcset=\"https:\/\/www.lasrosas.com.ar\/portal\/wp-content\/uploads\/\/edition-privee-Emanuel-Horvilleur.-PH-Jero-Pokle-1280x1920.jpg 1280w, https:\/\/www.lasrosas.com.ar\/portal\/wp-content\/uploads\/\/edition-privee-Emanuel-Horvilleur.-PH-Jero-Pokle-640x960.jpg 640w, https:\/\/www.lasrosas.com.ar\/portal\/wp-content\/uploads\/\/edition-privee-Emanuel-Horvilleur.-PH-Jero-Pokle-1024x1536.jpg 1024w, https:\/\/www.lasrosas.com.ar\/portal\/wp-content\/uploads\/\/edition-privee-Emanuel-Horvilleur.-PH-Jero-Pokle-scaled.jpg 1365w\" data-sizes=\"(max-width: 1280px) 100vw, 1280px\" src=\"data:image\/svg+xml;base64,PHN2ZyB3aWR0aD0iMSIgaGVpZ2h0PSIxIiB4bWxucz0iaHR0cDovL3d3dy53My5vcmcvMjAwMC9zdmciPjwvc3ZnPg==\" style=\"--smush-placeholder-width: 1280px; --smush-placeholder-aspect-ratio: 1280\/1920;\" \/><\/figure>\n\n\n\n<figure class=\"wp-block-image size-large\"><img decoding=\"async\" width=\"1280\" height=\"1920\" data-id=\"76484\" data-src=\"https:\/\/www.lasrosas.com.ar\/portal\/wp-content\/uploads\/edition-privee-Chita.-PH-Santiago-Sedlacek-1280x1920.jpg\" alt=\"\" class=\"wp-image-76484 lazyload\" data-srcset=\"https:\/\/www.lasrosas.com.ar\/portal\/wp-content\/uploads\/\/edition-privee-Chita.-PH-Santiago-Sedlacek-1280x1920.jpg 1280w, https:\/\/www.lasrosas.com.ar\/portal\/wp-content\/uploads\/\/edition-privee-Chita.-PH-Santiago-Sedlacek-640x960.jpg 640w, https:\/\/www.lasrosas.com.ar\/portal\/wp-content\/uploads\/\/edition-privee-Chita.-PH-Santiago-Sedlacek-1024x1536.jpg 1024w, https:\/\/www.lasrosas.com.ar\/portal\/wp-content\/uploads\/\/edition-privee-Chita.-PH-Santiago-Sedlacek-scaled.jpg 1365w\" data-sizes=\"(max-width: 1280px) 100vw, 1280px\" src=\"data:image\/svg+xml;base64,PHN2ZyB3aWR0aD0iMSIgaGVpZ2h0PSIxIiB4bWxucz0iaHR0cDovL3d3dy53My5vcmcvMjAwMC9zdmciPjwvc3ZnPg==\" style=\"--smush-placeholder-width: 1280px; --smush-placeholder-aspect-ratio: 1280\/1920;\" \/><\/figure>\n\n\n\n<figure class=\"wp-block-image size-large\"><img decoding=\"async\" width=\"1280\" height=\"1920\" data-id=\"76485\" data-src=\"https:\/\/www.lasrosas.com.ar\/portal\/wp-content\/uploads\/edition-privee-Clara-Tonconogy.-PH-Jero-Pokle-1280x1920.jpg\" alt=\"\" class=\"wp-image-76485 lazyload\" data-srcset=\"https:\/\/www.lasrosas.com.ar\/portal\/wp-content\/uploads\/\/edition-privee-Clara-Tonconogy.-PH-Jero-Pokle-1280x1920.jpg 1280w, https:\/\/www.lasrosas.com.ar\/portal\/wp-content\/uploads\/\/edition-privee-Clara-Tonconogy.-PH-Jero-Pokle-640x960.jpg 640w, https:\/\/www.lasrosas.com.ar\/portal\/wp-content\/uploads\/\/edition-privee-Clara-Tonconogy.-PH-Jero-Pokle-1024x1536.jpg 1024w, https:\/\/www.lasrosas.com.ar\/portal\/wp-content\/uploads\/\/edition-privee-Clara-Tonconogy.-PH-Jero-Pokle-scaled.jpg 1365w\" data-sizes=\"(max-width: 1280px) 100vw, 1280px\" src=\"data:image\/svg+xml;base64,PHN2ZyB3aWR0aD0iMSIgaGVpZ2h0PSIxIiB4bWxucz0iaHR0cDovL3d3dy53My5vcmcvMjAwMC9zdmciPjwvc3ZnPg==\" style=\"--smush-placeholder-width: 1280px; --smush-placeholder-aspect-ratio: 1280\/1920;\" \/><figcaption class=\"wp-element-caption\">Processed with VSCO with c9 preset<\/figcaption><\/figure>\n<\/figure>\n\n\n\n<p>Al ingreso Julian Camps, aclamado concertista y pianista, recibi\u00f3 a los invitados en el sal\u00f3n principal con una actuaci\u00f3n en un piano de cola. Transcurridas las horas la danza tambi\u00e9n tuvo su lugar en la velada. Doce bailarines contempor\u00e1neos, del elenco exclusivo del Teatro Col\u00f3n, deslumbraron descendiendo por la escalera central con una performance de <em>voguing <\/em>a cargo de Rob Debar.&nbsp;<\/p>\n\n\n\n<p>Los invitados fueron agasajados con un cocktail exclusivo acompa\u00f1ado de espumante y cocteler\u00eda de autor especialmente pensada para la ocasi\u00f3n.&nbsp;<\/p>\n\n\n\n<p>Adem\u00e1s, el evento cont\u00f3 con <em>fragrance experts<\/em>, quienes estuvieron presentes para orientar a los invitados en la variedad de las colecciones.&nbsp;<\/p>\n\n\n\n<p>\u00e9dition priv\u00e9e agasaj\u00f3 a los invitados con una serigraf\u00eda de Vicente Grondona, artista de la obra protagonista ubicada en el sal\u00f3n principal de la casa.&nbsp;<\/p>\n\n\n\n<p>El evento inaugural de \u00e9dition priv\u00e9e marc\u00f3 el comienzo de una nueva era en la perfumer\u00eda de lujo en Argentina, estableciendo un nuevo est\u00e1ndar en eventos. Con una combinaci\u00f3n perfecta de arte, m\u00fasica y fragancias exquisitas, \u00e9dition priv\u00e9e ya se ha transformado en un destino imprescindible para aquellos que buscan una experiencia \u00fanica y sensorial en el coraz\u00f3n de Buenos Aires.<\/p>\n<!-- AddThis Advanced Settings generic via filter on the_content --><!-- AddThis Share Buttons generic via filter on the_content -->","protected":false},"excerpt":{"rendered":"<p>El primer y \u00fanico espacio exclusivo de fragancias de autor y alta perfumer\u00eda abre sus puertas en la ex Residencia Lloubet con una aut\u00e9ntica inauguraci\u00f3n.\u00a0 Desde la llegada de \u00e9dition priv\u00e9e, la Avenida Alvear ha potenciado su esplendor y su evento inaugural ha sido un vivo reflejo de ello.\u00a0 Durante las primeras horas de la [&hellip;]<!-- AddThis Advanced Settings generic via filter on get_the_excerpt --><!-- AddThis Share Buttons generic via filter on get_the_excerpt --><\/p>\n","protected":false},"author":6,"featured_media":76486,"comment_status":"closed","ping_status":"open","sticky":false,"template":"","format":"standard","meta":{"_acf_changed":false,"om_disable_all_campaigns":false,"_monsterinsights_skip_tracking":false,"_monsterinsights_sitenote_active":false,"_monsterinsights_sitenote_note":"","_monsterinsights_sitenote_category":0,"_uf_show_specific_survey":0,"_uf_disable_surveys":false,"footnotes":""},"categories":[100,19],"tags":[],"class_list":["post-76463","post","type-post","status-publish","format-standard","has-post-thumbnail","hentry","category-noticias","category-eventos-sociales"],"acf":[],"aioseo_notices":[],"_links":{"self":[{"href":"https:\/\/www.lasrosas.com.ar\/portal\/wp-json\/wp\/v2\/posts\/76463","targetHints":{"allow":["GET"]}}],"collection":[{"href":"https:\/\/www.lasrosas.com.ar\/portal\/wp-json\/wp\/v2\/posts"}],"about":[{"href":"https:\/\/www.lasrosas.com.ar\/portal\/wp-json\/wp\/v2\/types\/post"}],"author":[{"embeddable":true,"href":"https:\/\/www.lasrosas.com.ar\/portal\/wp-json\/wp\/v2\/users\/6"}],"replies":[{"embeddable":true,"href":"https:\/\/www.lasrosas.com.ar\/portal\/wp-json\/wp\/v2\/comments?post=76463"}],"version-history":[{"count":1,"href":"https:\/\/www.lasrosas.com.ar\/portal\/wp-json\/wp\/v2\/posts\/76463\/revisions"}],"predecessor-version":[{"id":76487,"href":"https:\/\/www.lasrosas.com.ar\/portal\/wp-json\/wp\/v2\/posts\/76463\/revisions\/76487"}],"wp:featuredmedia":[{"embeddable":true,"href":"https:\/\/www.lasrosas.com.ar\/portal\/wp-json\/wp\/v2\/media\/76486"}],"wp:attachment":[{"href":"https:\/\/www.lasrosas.com.ar\/portal\/wp-json\/wp\/v2\/media?parent=76463"}],"wp:term":[{"taxonomy":"category","embeddable":true,"href":"https:\/\/www.lasrosas.com.ar\/portal\/wp-json\/wp\/v2\/categories?post=76463"},{"taxonomy":"post_tag","embeddable":true,"href":"https:\/\/www.lasrosas.com.ar\/portal\/wp-json\/wp\/v2\/tags?post=76463"}],"curies":[{"name":"wp","href":"https:\/\/api.w.org\/{rel}","templated":true}]}}