{"id":76430,"date":"2024-03-21T13:02:34","date_gmt":"2024-03-21T16:02:34","guid":{"rendered":"https:\/\/www.lasrosas.com.ar\/portal\/?p=76430"},"modified":"2024-03-21T13:02:37","modified_gmt":"2024-03-21T16:02:37","slug":"juan-minujin-ariel-winograd-y-el-propio-guillermo-coppola-brindan-detalles-sobre-la-nueva-serie-exclusiva-coppola-el-representante","status":"publish","type":"post","link":"https:\/\/www.lasrosas.com.ar\/portal\/juan-minujin-ariel-winograd-y-el-propio-guillermo-coppola-brindan-detalles-sobre-la-nueva-serie-exclusiva-coppola-el-representante\/","title":{"rendered":"JUAN MINUJ\u00cdN, ARIEL WINOGRAD Y EL PROPIO GUILLERMO COPPOLA, BRINDAN DETALLES SOBRE LA NUEVA SERIE EXCLUSIVA \u201cCOPPOLA, EL REPRESENTANTE\u201d"},"content":{"rendered":"\n<p><strong>LA COMEDIA DRAM\u00c1TICA QUE OFRECE UN VIAJE A UNA \u00c9POCA A TRAV\u00c9S DE LA VIDA DEL FAMOSO REPRESENTANTE, ESTRENA MA\u00d1ANA CON TODOS SUS EPISODIOS EN EL SERVICIO DE\u00a0<em>STREAMING<\/em><\/strong><\/p>\n\n\n\n<p>A un d\u00eda de su estreno, Star+ presenta un contenido exclusivo de&nbsp;<strong>\u201cCoppola, el representante\u201d<\/strong>, la nueva serie&nbsp;del sello Star&nbsp;Original Productions&nbsp;que estrena el 15 de marzo con todos sus episodios en el servicio de&nbsp;<em>streaming<\/em>. Con los testimonios de&nbsp;<strong>Guillermo Coppola&nbsp;<\/strong>y de&nbsp;<strong>Juan Minuj\u00edn<\/strong>, quien interpreta al reconocido&nbsp;<em>manager<\/em>&nbsp;en la ficci\u00f3n,&nbsp;y palabras del director y&nbsp;<em>showrunner<\/em>de la serie&nbsp;<strong>Ariel Winograd&nbsp;<\/strong>,el material&nbsp;invita a las audiencias a conocer nuevos detalles&nbsp;de esta comedia dram\u00e1tica que capta&nbsp;el esp\u00edritu de la d\u00e9cada de los 90, de la cual&nbsp;<strong>Coppola<\/strong>&nbsp;fue uno de sus m\u00e1s emblem\u00e1ticos protagonistas, apelando a la nostalgia de quienes lo vivieron e invitando a las nuevas generaciones a descubrir aquellos a\u00f1os y personajes ic\u00f3nicos de una era.&nbsp;Realizada por Pampa Films\/Gloriamundi Producciones,&nbsp;<strong>\u201cCoppola, el representante\u201d<\/strong>&nbsp;est\u00e1 compuesta por seis episodios de 45 minutos.<\/p>\n\n\n\n<p>En\u00a0<a href=\"https:\/\/youtu.be\/V9rD1DkeqRg\" target=\"_blank\" rel=\"noreferrer noopener\">el nuevo video<\/a>,<strong>\u00a0Coppola<\/strong>\u00a0describe la serie como su vida retratada en seis pel\u00edculas, mientras que\u00a0<strong>Winograd<\/strong>\u00a0ofrece una mirada sobre los esfuerzos en la recreaci\u00f3n de una \u00e9poca y el trabajo junto a\u00a0<strong>Minuj\u00edn<\/strong>\u00a0para lograr la interpretaci\u00f3n del ic\u00f3nico representante.<\/p>\n\n\n\n<figure class=\"wp-block-image size-full\"><img decoding=\"async\" width=\"1459\" height=\"357\" data-src=\"https:\/\/www.lasrosas.com.ar\/portal\/wp-content\/uploads\/image006-2.png\" alt=\"\" class=\"wp-image-76431 lazyload\" data-srcset=\"https:\/\/www.lasrosas.com.ar\/portal\/wp-content\/uploads\/\/image006-2.png 1459w, https:\/\/www.lasrosas.com.ar\/portal\/wp-content\/uploads\/\/image006-2-960x235.png 960w\" data-sizes=\"(max-width: 1459px) 100vw, 1459px\" src=\"data:image\/svg+xml;base64,PHN2ZyB3aWR0aD0iMSIgaGVpZ2h0PSIxIiB4bWxucz0iaHR0cDovL3d3dy53My5vcmcvMjAwMC9zdmciPjwvc3ZnPg==\" style=\"--smush-placeholder-width: 1459px; --smush-placeholder-aspect-ratio: 1459\/357;\" \/><\/figure>\n\n\n\n<p>En clave de humor, la serie de ficci\u00f3n gira en torno a&nbsp;Guillermo Coppola (<strong>Minuj\u00edn<\/strong>), quien intenta conciliar su agitada vida privada con un trabajo de tiempo completo que lo lleva a lidiar con las ins\u00f3litas consecuencias de las acciones de su representado, cuyo c\u00e9nit deportivo es seguido r\u00e1pidamente por una etapa de franca decadencia. La producci\u00f3n&nbsp;abarca dos d\u00e9cadas en su vida, explorando los altibajos en&nbsp;su agitada vida como&nbsp;<em>manager<\/em>&nbsp;de unos de los jugadores de f\u00fatbol m\u00e1s famosos del mundo.<\/p>\n\n\n\n<p>Completan el elenco&nbsp;<strong>M\u00f3nica Anton\u00f3pulos<\/strong>&nbsp;(Amalia \u201cYuyito\u201d Gonz\u00e1lez),<strong>&nbsp;Mayte Rodr\u00edguez<\/strong>&nbsp;(Sophie),&nbsp;<strong>Joaqu\u00edn Ferreira<\/strong>&nbsp;(Poli Armentano),&nbsp;<strong>Santiago Bande<\/strong>&nbsp;(Guillermo Coppola joven),&nbsp;<strong>Alan Sabbagh<\/strong>&nbsp;(Mariano),&nbsp;<strong>Yayo Guridi<\/strong>&nbsp;(Flaco Manguera),&nbsp;<strong>Anna Favella<\/strong>&nbsp;(Dom\u00e9nica),<strong>&nbsp;Tet\u00e9 Coustarot<\/strong>&nbsp;(Tet\u00e9 Coustarot),<strong>&nbsp;Mar\u00eda del Cerro<\/strong>&nbsp;(Karina&nbsp;Rabolini),<strong>&nbsp;Federico Bar\u00f3n&nbsp;<\/strong>(Daniel Scioli),&nbsp;<strong>Mar\u00eda Campos&nbsp;<\/strong>(Susana),&nbsp;<strong>Agust\u00edn Sullivan<\/strong>&nbsp;(Carlitos Menem Jr.),&nbsp;<strong>Adabel Guerrero<\/strong>&nbsp;(Alejandra Prad\u00f3n),&nbsp;<strong>Diego P\u00e9rez<\/strong>&nbsp;(Actor),&nbsp;<strong>Nicol\u00e1s Mateo<\/strong>&nbsp;(Mariano C\u00faneo Libarona),&nbsp;<strong>Mar\u00eda Marull<\/strong>&nbsp;(Silvia),&nbsp;<strong>Fabi\u00e1n Arenillas<\/strong>&nbsp;(N\u00e9stor Ibarra),&nbsp;<strong>Roxana Rand\u00f3n<\/strong>&nbsp;(Madre Guillermo Coppola),&nbsp;<strong>Azul Fern\u00e1ndez<\/strong>&nbsp;(Amalia \u201cYuyito\u201d Gonz\u00e1lez joven) y&nbsp;<strong>Gerardo Romano<\/strong>&nbsp;(Monaldi), entre&nbsp;otras figuras.<\/p>\n<!-- AddThis Advanced Settings generic via filter on the_content --><!-- AddThis Share Buttons generic via filter on the_content -->","protected":false},"excerpt":{"rendered":"<p>LA COMEDIA DRAM\u00c1TICA QUE OFRECE UN VIAJE A UNA \u00c9POCA A TRAV\u00c9S DE LA VIDA DEL FAMOSO REPRESENTANTE, ESTRENA MA\u00d1ANA CON TODOS SUS EPISODIOS EN EL SERVICIO DE\u00a0STREAMING A un d\u00eda de su estreno, Star+ presenta un contenido exclusivo de&nbsp;\u201cCoppola, el representante\u201d, la nueva serie&nbsp;del sello Star&nbsp;Original Productions&nbsp;que estrena el 15 de marzo con todos [&hellip;]<!-- AddThis Advanced Settings generic via filter on get_the_excerpt --><!-- AddThis Share Buttons generic via filter on get_the_excerpt --><\/p>\n","protected":false},"author":6,"featured_media":76432,"comment_status":"closed","ping_status":"open","sticky":false,"template":"","format":"standard","meta":{"_acf_changed":false,"om_disable_all_campaigns":false,"_monsterinsights_skip_tracking":false,"_monsterinsights_sitenote_active":false,"_monsterinsights_sitenote_note":"","_monsterinsights_sitenote_category":0,"_uf_show_specific_survey":0,"_uf_disable_surveys":false,"footnotes":""},"categories":[100],"tags":[],"class_list":["post-76430","post","type-post","status-publish","format-standard","has-post-thumbnail","hentry","category-noticias"],"acf":[],"aioseo_notices":[],"_links":{"self":[{"href":"https:\/\/www.lasrosas.com.ar\/portal\/wp-json\/wp\/v2\/posts\/76430","targetHints":{"allow":["GET"]}}],"collection":[{"href":"https:\/\/www.lasrosas.com.ar\/portal\/wp-json\/wp\/v2\/posts"}],"about":[{"href":"https:\/\/www.lasrosas.com.ar\/portal\/wp-json\/wp\/v2\/types\/post"}],"author":[{"embeddable":true,"href":"https:\/\/www.lasrosas.com.ar\/portal\/wp-json\/wp\/v2\/users\/6"}],"replies":[{"embeddable":true,"href":"https:\/\/www.lasrosas.com.ar\/portal\/wp-json\/wp\/v2\/comments?post=76430"}],"version-history":[{"count":1,"href":"https:\/\/www.lasrosas.com.ar\/portal\/wp-json\/wp\/v2\/posts\/76430\/revisions"}],"predecessor-version":[{"id":76433,"href":"https:\/\/www.lasrosas.com.ar\/portal\/wp-json\/wp\/v2\/posts\/76430\/revisions\/76433"}],"wp:featuredmedia":[{"embeddable":true,"href":"https:\/\/www.lasrosas.com.ar\/portal\/wp-json\/wp\/v2\/media\/76432"}],"wp:attachment":[{"href":"https:\/\/www.lasrosas.com.ar\/portal\/wp-json\/wp\/v2\/media?parent=76430"}],"wp:term":[{"taxonomy":"category","embeddable":true,"href":"https:\/\/www.lasrosas.com.ar\/portal\/wp-json\/wp\/v2\/categories?post=76430"},{"taxonomy":"post_tag","embeddable":true,"href":"https:\/\/www.lasrosas.com.ar\/portal\/wp-json\/wp\/v2\/tags?post=76430"}],"curies":[{"name":"wp","href":"https:\/\/api.w.org\/{rel}","templated":true}]}}