{"id":76359,"date":"2024-03-18T18:14:16","date_gmt":"2024-03-18T21:14:16","guid":{"rendered":"https:\/\/www.lasrosas.com.ar\/portal\/?p=76359"},"modified":"2024-03-18T18:14:19","modified_gmt":"2024-03-18T21:14:19","slug":"la-municipalidad-y-la-secretaria-de-turismo-de-serrezuela-invitan","status":"publish","type":"post","link":"https:\/\/www.lasrosas.com.ar\/portal\/la-municipalidad-y-la-secretaria-de-turismo-de-serrezuela-invitan\/","title":{"rendered":"La Municipalidad y la Secretar\u00eda de Turismo de Serrezuela invitan:"},"content":{"rendered":"\n<p>Anunciamos con gran entusiasmo la apertura de la temporada tur\u00edstica 2024 en Serrezuela. El pr\u00f3ximo 22 de marzo de 2024 daremos inicio a una temporada llena de aventuras, sabores y cultura. La ceremonia de apertura contar\u00e1 con un acto protocolar, degustaciones gastron\u00f3micas y grupos musicales en vivo.&nbsp;<\/p>\n\n\n\n<p>Situada a 220 km de la capital cordobesa, Serrezuela se prepara para recibir a visitantes con los brazos abiertos.<\/p>\n\n\n\n<p><strong>Descubre Serrezuela:<\/strong><\/p>\n\n\n\n<p>A 26 km de Serrezuela, las <strong>Termas de El Quicho<\/strong> ofrecen un refugio termal accesible por un camino de tierra en excelente estado. A solo 5 km, las <strong>Salinas Grandes<\/strong> deslumbran con su vasto paisaje blanco, mientras que las <strong>Sierras de Serrezuela<\/strong>, a 25 km, invitan a explorar sus senderos con caminatas guiadas. Dentro de la localidad, la<strong> gastronom\u00eda <\/strong>es protagonista, destacando los productos derivados del cabrito, una verdadera delicia.&nbsp;<\/p>\n\n\n\n<p>Las <strong>Termas de El Quicho <\/strong>se ubican a 25 kil\u00f3metros de la localidad por camino de tierra en excelentes condiciones desde Serrezuela es uno de los desconocidos y m\u00e1s prometedores destinos tur\u00edsticos provinciales fuera de los circuitos tradicionales y que obsequi\u00f3 al aventurero su principal atracci\u00f3n: una catarata de aguas termales. El surgente fue descubierto en 1987, cuando se buscaba agua potable para la escuelita Rub\u00e9n Dar\u00edo. El agua jam\u00e1s dej\u00f3 de brotar y el \u00fanico uso fue el disfrute de los viajeros que deciden visitar el Primer Centro Termal Rural de la provincia de C\u00f3rdoba.<\/p>\n\n\n\n<figure class=\"wp-block-gallery has-nested-images columns-default is-cropped wp-block-gallery-1 is-layout-flex wp-block-gallery-is-layout-flex\">\n<figure class=\"wp-block-image size-large\"><img decoding=\"async\" width=\"1280\" height=\"720\" data-id=\"76361\" data-src=\"https:\/\/www.lasrosas.com.ar\/portal\/wp-content\/uploads\/SALINAS-3.jpg\" alt=\"\" class=\"wp-image-76361 lazyload\" data-srcset=\"https:\/\/www.lasrosas.com.ar\/portal\/wp-content\/uploads\/\/SALINAS-3.jpg 1280w, https:\/\/www.lasrosas.com.ar\/portal\/wp-content\/uploads\/\/SALINAS-3-960x540.jpg 960w\" data-sizes=\"(max-width: 1280px) 100vw, 1280px\" src=\"data:image\/svg+xml;base64,PHN2ZyB3aWR0aD0iMSIgaGVpZ2h0PSIxIiB4bWxucz0iaHR0cDovL3d3dy53My5vcmcvMjAwMC9zdmciPjwvc3ZnPg==\" style=\"--smush-placeholder-width: 1280px; --smush-placeholder-aspect-ratio: 1280\/720;\" \/><\/figure>\n\n\n\n<figure class=\"wp-block-image size-large\"><img decoding=\"async\" width=\"1920\" height=\"1280\" data-id=\"76360\" data-src=\"https:\/\/www.lasrosas.com.ar\/portal\/wp-content\/uploads\/Termas-de-Quicho-1-1920x1280.jpg\" alt=\"\" class=\"wp-image-76360 lazyload\" data-srcset=\"https:\/\/www.lasrosas.com.ar\/portal\/wp-content\/uploads\/\/Termas-de-Quicho-1-1920x1280.jpg 1920w, https:\/\/www.lasrosas.com.ar\/portal\/wp-content\/uploads\/\/Termas-de-Quicho-1-960x640.jpg 960w, https:\/\/www.lasrosas.com.ar\/portal\/wp-content\/uploads\/\/Termas-de-Quicho-1-1536x1024.jpg 1536w, https:\/\/www.lasrosas.com.ar\/portal\/wp-content\/uploads\/\/Termas-de-Quicho-1.jpg 2048w\" data-sizes=\"(max-width: 1920px) 100vw, 1920px\" src=\"data:image\/svg+xml;base64,PHN2ZyB3aWR0aD0iMSIgaGVpZ2h0PSIxIiB4bWxucz0iaHR0cDovL3d3dy53My5vcmcvMjAwMC9zdmciPjwvc3ZnPg==\" style=\"--smush-placeholder-width: 1920px; --smush-placeholder-aspect-ratio: 1920\/1280;\" \/><\/figure>\n<\/figure>\n\n\n\n<p>La <strong>Reserva de Usos M\u00faltiples Salinas Grandes<\/strong>, un vasto territorio de 200.000 hect\u00e1reas, que en su totalidad ocupa cuatro provincias, C\u00f3rdoba, La Rioja, Catamarca y Santiago del Estero. Es uno de los pocos paisajes en el mundo causan tanto asombro y esplendor al ojo humano, como esta gran porci\u00f3n de tierra blanca. Los atardeceres impresionan, el sol destella una bruma de colores que garantiza un momento m\u00e1gico. Y si las nubes se ausentan, las noches est\u00e1n pintadas de un sinf\u00edn de estrellas, mientras que la luna llena, puede regalarte la mejor noche de tu vida.<\/p>\n\n\n\n<p>Como parte de la temporada 2024, en Serrezuela se realizar\u00e1 la novena edici\u00f3n del <strong>Festival Carpino y de las Artesan\u00edas, <\/strong>que se celebrar\u00e1 el s\u00e1bado 30 de marzo de 2024, coincidiendo con el fin de semana de Semana Santa. Este gran evento contar\u00e1 con un patio gastron\u00f3mico con especialidad en sabores caprinos, artesan\u00edas locales y artistas invitados como <strong>Canto Chuncano, Los Trajinantes y La Monada<\/strong>.<\/p>\n\n\n\n<p><strong>Te esperamos para vivir una temporada inolvidable. \u00a1Ven\u00ed a descubrirla!<\/strong><\/p>\n\n\n\n<p><strong><em>Te invitamos a conocer m\u00e1s info en:<\/em><\/strong><em><\/em><\/p>\n\n\n\n<p>P\u00e1gina web: <a href=\"http:\/\/serrezuelaesturismo.com\/\">http:\/\/serrezuelaesturismo.com\/<\/a><\/p>\n\n\n\n<p>Instagram: <a href=\"https:\/\/www.instagram.com\/municipalidadserrezuela\/\">https:\/\/www.instagram.com\/municipalidadserrezuela\/<\/a><\/p>\n<!-- AddThis Advanced Settings generic via filter on the_content --><!-- AddThis Share Buttons generic via filter on the_content -->","protected":false},"excerpt":{"rendered":"<p>Anunciamos con gran entusiasmo la apertura de la temporada tur\u00edstica 2024 en Serrezuela. El pr\u00f3ximo 22 de marzo de 2024 daremos inicio a una temporada llena de aventuras, sabores y cultura. La ceremonia de apertura contar\u00e1 con un acto protocolar, degustaciones gastron\u00f3micas y grupos musicales en vivo.&nbsp; Situada a 220 km de la capital cordobesa, [&hellip;]<!-- AddThis Advanced Settings generic via filter on get_the_excerpt --><!-- AddThis Share Buttons generic via filter on get_the_excerpt --><\/p>\n","protected":false},"author":6,"featured_media":76362,"comment_status":"closed","ping_status":"open","sticky":false,"template":"","format":"standard","meta":{"_acf_changed":false,"om_disable_all_campaigns":false,"_monsterinsights_skip_tracking":false,"_monsterinsights_sitenote_active":false,"_monsterinsights_sitenote_note":"","_monsterinsights_sitenote_category":0,"_uf_show_specific_survey":0,"_uf_disable_surveys":false,"footnotes":""},"categories":[35],"tags":[],"class_list":["post-76359","post","type-post","status-publish","format-standard","has-post-thumbnail","hentry","category-especiales"],"acf":[],"aioseo_notices":[],"_links":{"self":[{"href":"https:\/\/www.lasrosas.com.ar\/portal\/wp-json\/wp\/v2\/posts\/76359","targetHints":{"allow":["GET"]}}],"collection":[{"href":"https:\/\/www.lasrosas.com.ar\/portal\/wp-json\/wp\/v2\/posts"}],"about":[{"href":"https:\/\/www.lasrosas.com.ar\/portal\/wp-json\/wp\/v2\/types\/post"}],"author":[{"embeddable":true,"href":"https:\/\/www.lasrosas.com.ar\/portal\/wp-json\/wp\/v2\/users\/6"}],"replies":[{"embeddable":true,"href":"https:\/\/www.lasrosas.com.ar\/portal\/wp-json\/wp\/v2\/comments?post=76359"}],"version-history":[{"count":1,"href":"https:\/\/www.lasrosas.com.ar\/portal\/wp-json\/wp\/v2\/posts\/76359\/revisions"}],"predecessor-version":[{"id":76363,"href":"https:\/\/www.lasrosas.com.ar\/portal\/wp-json\/wp\/v2\/posts\/76359\/revisions\/76363"}],"wp:featuredmedia":[{"embeddable":true,"href":"https:\/\/www.lasrosas.com.ar\/portal\/wp-json\/wp\/v2\/media\/76362"}],"wp:attachment":[{"href":"https:\/\/www.lasrosas.com.ar\/portal\/wp-json\/wp\/v2\/media?parent=76359"}],"wp:term":[{"taxonomy":"category","embeddable":true,"href":"https:\/\/www.lasrosas.com.ar\/portal\/wp-json\/wp\/v2\/categories?post=76359"},{"taxonomy":"post_tag","embeddable":true,"href":"https:\/\/www.lasrosas.com.ar\/portal\/wp-json\/wp\/v2\/tags?post=76359"}],"curies":[{"name":"wp","href":"https:\/\/api.w.org\/{rel}","templated":true}]}}