{"id":76306,"date":"2024-03-14T12:21:43","date_gmt":"2024-03-14T15:21:43","guid":{"rendered":"https:\/\/www.lasrosas.com.ar\/portal\/?p=76306"},"modified":"2024-03-14T13:15:53","modified_gmt":"2024-03-14T16:15:53","slug":"endometriosis-si-duele-no-es-normal","status":"publish","type":"post","link":"https:\/\/www.lasrosas.com.ar\/portal\/endometriosis-si-duele-no-es-normal\/","title":{"rendered":"Endometriosis: Si duele, no es normal"},"content":{"rendered":"\n<p>Cada 14 de marzo se conmemora el <em>D\u00eda Mundial de la Endometriosis<\/em>. Por eso, desde Hospital Privado Universitario de C\u00f3rdoba<sup>1<\/sup> y el Programa de Tratamiento Integral en Endometriosis<sup>2<\/sup> compartimos informaci\u00f3n importante sobre esta patolog\u00eda con el objetivo de contribuir a la toma de conciencia y a la desnaturalizaci\u00f3n del dolor.&nbsp;<\/p>\n\n\n\n<p><em>\u201cSi duele, no es normal\u201d<\/em> es un lema que acompa\u00f1a la lucha de todos los grupos de pacientes de endometriosis y gracias a los cuales esta enfermedad est\u00e1 siendo m\u00e1s visibilizada y estudiada.&nbsp;<\/p>\n\n\n\n<p><strong>\u00bfQu\u00e9 es la Endometriosis?<\/strong><\/p>\n\n\n\n<p>La endometriosis es una enfermedad cada vez m\u00e1s prevalente en las mujeres, que produce dolor durante el ciclo menstrual, a veces sangrado menstrual abundante, hemorragia y otros s\u00edntomas pelvianos relacionados con el crecimiento de tejido endometrial fuera de la cavidad uterina.<br>Un alto porcentaje de pacientes tienen lesiones por endometriosis en sus intestinos y esto les genera constipaci\u00f3n severa o c\u00f3licos intestinales intensos durante la menstruaci\u00f3n. En otras ocasiones presentan dolor en las relaciones sexuales, especialmente caracterizado por producirse en el fondo de la vagina.&nbsp;<\/p>\n\n\n\n<p><strong>El origen de la endometriosis<\/strong><\/p>\n\n\n\n<p>El surgimiento de esta enfermedad tiene que ver con una gen\u00e9tica predisponente, un medioambiente f\u00edsico, inmunol\u00f3gico y hormonal alterado, y un estado proinflamatorio. Pero, sin dudas, la caracter\u00edstica m\u00e1s importante es que es una enfermedad dependiente del estr\u00f3geno, por lo que puede afectar a la persona desde sus primeros ciclos menstruales hasta la menopausia.<\/p>\n\n\n\n<p>Casualmente esta y muchas otras patolog\u00edas de la mujer que tienen que ver con el estr\u00f3geno est\u00e1n en ascenso en estos \u00faltimos 10 a\u00f1os, afectando la salud femenina en diversas etapas de la vida.&nbsp; El estilo de vida y h\u00e1bitos nutricionales de las ni\u00f1as, adolescentes y mujeres es sin duda una pieza clave como causa de esta problem\u00e1tica, pero mucho mejor a\u00fan: tambi\u00e9n como tratamiento.<\/p>\n\n\n\n<p><strong>La normalizaci\u00f3n del dolor: un gran problema en la endometriosis<\/strong><\/p>\n\n\n\n<p>Si bien no todos los casos son sintom\u00e1ticos, la gran problem\u00e1tica vinculada a esta afecci\u00f3n es la normalizaci\u00f3n del dolor en el ciclo menstrual y en la vida sexual de las mujeres. Esto dificulta el diagnostico oportuno adem\u00e1s de genera grandes limitaciones para detectar la enfermedad en los estudios ginecol\u00f3gicos habituales.&nbsp;&nbsp;<\/p>\n\n\n\n<p>Los s\u00edntomas m\u00e1s frecuentes son:&nbsp;<\/p>\n\n\n\n<ul class=\"wp-block-list\">\n<li>Intenso dolor menstrual, muchas mujeres est\u00e1n acostumbradas a los c\u00f3licos que acompa\u00f1an a la menstruaci\u00f3n, pero esto no quiere decir que deban pasarse por alto. Es importante recordar que un dolor que impide realizar las actividades diarias nunca es normal.<\/li>\n\n\n\n<li>Per\u00edodos menstruales abundantes espor\u00e1dicos o sangrado entre per\u00edodos (sangrado intermenstrual).<\/li>\n\n\n\n<li>Dolores lumbares, intensos y continuos en la zona de la pelvis. Hasta un 45% de las adolescentes con dolor cr\u00f3nico pelviano pueden tener endometriosis.&nbsp;<\/li>\n\n\n\n<li>Malestares intestinales, dolor al evacuar, constipaci\u00f3n severa al menstruar, c\u00f3licos y presencia de sangre en las heces.&nbsp;&nbsp;&nbsp;<\/li>\n\n\n\n<li>Dolor y sangrado al mantener relaciones sexuales, se calcula que 2 de cada 3 mujeres con endometriosis pueden ver afectada su vida sexual. Este dolor tambi\u00e9n puede persistir posterior al momento.&nbsp;<\/li>\n\n\n\n<li>Fatiga cr\u00f3nica y fibromialgia son dos entidades que nunca asociar\u00edamos con endometriosis y tienen mucho que ver. Estos son s\u00edndromes de cansancio cotidiano, inmovilidad, dificultad para realizar tareas habituales, conciliar el sue\u00f1o y rendir intelectualmente.&nbsp;<\/li>\n\n\n\n<li>Distenci\u00f3n abdominal severa durante el ciclo menstrual, las personas con endometriosis tienen una alteraci\u00f3n importante del peristaltismo intestinal que se asemeja a \u00abconvulsiones intestinales\u00bb. Esto genera un movimiento intestinal desorganizado y doloroso.&nbsp;&nbsp;<\/li>\n<\/ul>\n\n\n\n<p>Es importante recordar que esta es una enfermedad que puede afectar la vida f\u00e9rtil de la mujer. Aproximadamente un 50% de las pacientes con endometriosis tendr\u00e1n dificultades para embarazarse, siendo muchas veces la infertilidad la primera pero tard\u00eda oportunidad diagnostica.<\/p>\n\n\n\n<p><strong>Programa de Tratamiento Integral de la Endometriosis&nbsp;&nbsp;<\/strong><\/p>\n\n\n\n<p>El <strong><em>Programa de Tratamiento Integral de la Endometriosis<\/em><\/strong> del Hospital cuenta con un grupo de profesionales conformado por expertas en mapeo ecogr\u00e1fico para endometriosis y especialistas en Fertilidad, Piso pelviano, Salud mental, Sexolog\u00eda y Nutrici\u00f3n. Adem\u00e1s, est\u00e1 integrado por un equipo quir\u00fargico de cirujanos ginecol\u00f3gicos, colorrectales y urol\u00f3gicos, pertenecientes al Mapa Federal de Endometriosis de Argentina y al grupo de Cirujanos Id\u00f3neos de Am\u00e9rica Latina (ENDOLATAM), quienes realizan en promedio 200 cirug\u00edas anuales de endometriosis profunda, bajo una mirada multidisciplinaria y hol\u00edstica.<\/p>\n\n\n\n<p>Este programa tambi\u00e9n cuenta con el <strong>\u201cCircuito de Endometriosis\u201d, <\/strong>caracterizado por la realizaci\u00f3n de estudio por im\u00e1genes, consulta nutricional y consulta ginecol\u00f3gica en una misma jornada.<br>De esta manera, nuestras pacientes pueden acceder a un diagn\u00f3stico claro y a un plan de tratamiento m\u00e9dico, alimenticio, y eventualmente quir\u00fargico si fuera necesario, ideal para quienes residen en el interior de la provincia y del pa\u00eds.&nbsp;<\/p>\n\n\n\n<p><br>Debido a que estamos abocados a ofrecer al mundo una medicina de excelencia, brindamos abordaje de esta patolog\u00eda a las pacientes que se encuentran fuera del pa\u00eds mediante el <a href=\"https:\/\/hospitalprivado.com.ar\/pacientes-internacionales.html\">Programa de Pacientes Internacionales<sup>3<\/sup>.<\/a>\u00a0<br><\/p>\n\n\n\n<p>La Dra. M\u00f3nica Bonin, jefa del Programa de Tratamiento Integral de Endometriosis, destaca que si bien a\u00fan queda un largo camino por recorrer, desde el Hospital Privado Universitario de C\u00f3rdoba estamos acompa\u00f1ando esa lucha y brind\u00e1ndoles recursos m\u00e9dicos y quir\u00fargicos de calidad, tratando de hacer un poco m\u00e1s liviano el recorrido. <br><br>Conoc\u00e9 m\u00e1s en el siguiente video:<\/p>\n\n\n\n<figure class=\"wp-block-embed is-type-video is-provider-youtube wp-block-embed-youtube wp-embed-aspect-16-9 wp-has-aspect-ratio\"><div class=\"wp-block-embed__wrapper\">\n<iframe title=\"D\u00eda Mundial de la Endometriosis\" width=\"500\" height=\"281\" data-src=\"https:\/\/www.youtube.com\/embed\/N218wHuIUao?feature=oembed\" frameborder=\"0\" allow=\"accelerometer; autoplay; clipboard-write; encrypted-media; gyroscope; picture-in-picture; web-share\" referrerpolicy=\"strict-origin-when-cross-origin\" allowfullscreen src=\"data:image\/svg+xml;base64,PHN2ZyB3aWR0aD0iMSIgaGVpZ2h0PSIxIiB4bWxucz0iaHR0cDovL3d3dy53My5vcmcvMjAwMC9zdmciPjwvc3ZnPg==\" class=\"lazyload\" data-load-mode=\"1\"><\/iframe>\n<\/div><\/figure>\n\n\n\n<p> <a href=\"https:\/\/hospitalprivado.com.ar\/\">https:\/\/hospitalprivado.com.ar\/<\/a>\u00a0<\/p>\n\n\n\n<p><\/p>\n<!-- AddThis Advanced Settings generic via filter on the_content --><!-- AddThis Share Buttons generic via filter on the_content -->","protected":false},"excerpt":{"rendered":"<p>Cada 14 de marzo se conmemora el D\u00eda Mundial de la Endometriosis. Por eso, desde Hospital Privado Universitario de C\u00f3rdoba1 y el Programa de Tratamiento Integral en Endometriosis2 compartimos informaci\u00f3n importante sobre esta patolog\u00eda con el objetivo de contribuir a la toma de conciencia y a la desnaturalizaci\u00f3n del dolor.&nbsp; \u201cSi duele, no es normal\u201d [&hellip;]<!-- AddThis Advanced Settings generic via filter on get_the_excerpt --><!-- AddThis Share Buttons generic via filter on get_the_excerpt --><\/p>\n","protected":false},"author":6,"featured_media":76307,"comment_status":"closed","ping_status":"open","sticky":false,"template":"","format":"standard","meta":{"_acf_changed":false,"om_disable_all_campaigns":false,"_monsterinsights_skip_tracking":false,"_monsterinsights_sitenote_active":false,"_monsterinsights_sitenote_note":"","_monsterinsights_sitenote_category":0,"_uf_show_specific_survey":0,"_uf_disable_surveys":false,"footnotes":""},"categories":[100],"tags":[],"class_list":["post-76306","post","type-post","status-publish","format-standard","has-post-thumbnail","hentry","category-noticias"],"acf":[],"aioseo_notices":[],"_links":{"self":[{"href":"https:\/\/www.lasrosas.com.ar\/portal\/wp-json\/wp\/v2\/posts\/76306","targetHints":{"allow":["GET"]}}],"collection":[{"href":"https:\/\/www.lasrosas.com.ar\/portal\/wp-json\/wp\/v2\/posts"}],"about":[{"href":"https:\/\/www.lasrosas.com.ar\/portal\/wp-json\/wp\/v2\/types\/post"}],"author":[{"embeddable":true,"href":"https:\/\/www.lasrosas.com.ar\/portal\/wp-json\/wp\/v2\/users\/6"}],"replies":[{"embeddable":true,"href":"https:\/\/www.lasrosas.com.ar\/portal\/wp-json\/wp\/v2\/comments?post=76306"}],"version-history":[{"count":2,"href":"https:\/\/www.lasrosas.com.ar\/portal\/wp-json\/wp\/v2\/posts\/76306\/revisions"}],"predecessor-version":[{"id":76309,"href":"https:\/\/www.lasrosas.com.ar\/portal\/wp-json\/wp\/v2\/posts\/76306\/revisions\/76309"}],"wp:featuredmedia":[{"embeddable":true,"href":"https:\/\/www.lasrosas.com.ar\/portal\/wp-json\/wp\/v2\/media\/76307"}],"wp:attachment":[{"href":"https:\/\/www.lasrosas.com.ar\/portal\/wp-json\/wp\/v2\/media?parent=76306"}],"wp:term":[{"taxonomy":"category","embeddable":true,"href":"https:\/\/www.lasrosas.com.ar\/portal\/wp-json\/wp\/v2\/categories?post=76306"},{"taxonomy":"post_tag","embeddable":true,"href":"https:\/\/www.lasrosas.com.ar\/portal\/wp-json\/wp\/v2\/tags?post=76306"}],"curies":[{"name":"wp","href":"https:\/\/api.w.org\/{rel}","templated":true}]}}