{"id":76290,"date":"2024-03-13T15:35:18","date_gmt":"2024-03-13T18:35:18","guid":{"rendered":"https:\/\/www.lasrosas.com.ar\/portal\/?p=76290"},"modified":"2024-03-13T15:35:21","modified_gmt":"2024-03-13T18:35:21","slug":"women-by-citroen-en-avec","status":"publish","type":"post","link":"https:\/\/www.lasrosas.com.ar\/portal\/women-by-citroen-en-avec\/","title":{"rendered":"WOMEN BY CITRO\u00cbN EN AVEC"},"content":{"rendered":"\n<p>En el marco del mes de la mujer, en Avec Citro\u00ebn C\u00f3rdoba se llev\u00f3 a cabo \u00abWomen By Citro\u00ebn\u00bb, un workshop pr\u00e1ctico, interactivo y personalizado dise\u00f1ado para empoderar a las mujeres en el mundo automotriz.&nbsp;<\/p>\n\n\n\n<p>Dirigido por Soledad Bereciartua, Gerente de Prensa y Relaciones P\u00fablicas de Citro\u00ebn Argentina, este taller se centr\u00f3 en brindar conocimientos fundamentales sobre el correcto uso y mantenimiento del autom\u00f3vil.<\/p>\n\n\n\n<figure class=\"wp-block-gallery has-nested-images columns-default is-cropped wp-block-gallery-1 is-layout-flex wp-block-gallery-is-layout-flex\">\n<figure class=\"wp-block-image size-large\"><img decoding=\"async\" width=\"1440\" height=\"1920\" data-id=\"76291\" data-src=\"https:\/\/www.lasrosas.com.ar\/portal\/wp-content\/uploads\/Women-By-Citroen-primeras-7-1440x1920.jpg\" alt=\"\" class=\"wp-image-76291 lazyload\" data-srcset=\"https:\/\/www.lasrosas.com.ar\/portal\/wp-content\/uploads\/Women-By-Citroen-primeras-7-1440x1920.jpg 1440w, https:\/\/www.lasrosas.com.ar\/portal\/wp-content\/uploads\/Women-By-Citroen-primeras-7-720x960.jpg 720w, https:\/\/www.lasrosas.com.ar\/portal\/wp-content\/uploads\/Women-By-Citroen-primeras-7-1152x1536.jpg 1152w, https:\/\/www.lasrosas.com.ar\/portal\/wp-content\/uploads\/Women-By-Citroen-primeras-7-scaled.jpg 1536w\" data-sizes=\"(max-width: 1440px) 100vw, 1440px\" src=\"data:image\/svg+xml;base64,PHN2ZyB3aWR0aD0iMSIgaGVpZ2h0PSIxIiB4bWxucz0iaHR0cDovL3d3dy53My5vcmcvMjAwMC9zdmciPjwvc3ZnPg==\" style=\"--smush-placeholder-width: 1440px; --smush-placeholder-aspect-ratio: 1440\/1920;\" \/><\/figure>\n\n\n\n<figure class=\"wp-block-image size-large\"><img decoding=\"async\" width=\"1440\" height=\"1920\" data-id=\"76293\" data-src=\"https:\/\/www.lasrosas.com.ar\/portal\/wp-content\/uploads\/Women-By-Citroen-primeras-8-1440x1920.jpg\" alt=\"\" class=\"wp-image-76293 lazyload\" data-srcset=\"https:\/\/www.lasrosas.com.ar\/portal\/wp-content\/uploads\/Women-By-Citroen-primeras-8-1440x1920.jpg 1440w, https:\/\/www.lasrosas.com.ar\/portal\/wp-content\/uploads\/Women-By-Citroen-primeras-8-720x960.jpg 720w, https:\/\/www.lasrosas.com.ar\/portal\/wp-content\/uploads\/Women-By-Citroen-primeras-8-1152x1536.jpg 1152w, https:\/\/www.lasrosas.com.ar\/portal\/wp-content\/uploads\/Women-By-Citroen-primeras-8-scaled.jpg 1536w\" data-sizes=\"(max-width: 1440px) 100vw, 1440px\" src=\"data:image\/svg+xml;base64,PHN2ZyB3aWR0aD0iMSIgaGVpZ2h0PSIxIiB4bWxucz0iaHR0cDovL3d3dy53My5vcmcvMjAwMC9zdmciPjwvc3ZnPg==\" style=\"--smush-placeholder-width: 1440px; --smush-placeholder-aspect-ratio: 1440\/1920;\" \/><\/figure>\n\n\n\n<figure class=\"wp-block-image size-large\"><img decoding=\"async\" width=\"1920\" height=\"1440\" data-id=\"76294\" data-src=\"https:\/\/www.lasrosas.com.ar\/portal\/wp-content\/uploads\/Women-By-Citroen-primeras-9-1920x1440.jpg\" alt=\"\" class=\"wp-image-76294 lazyload\" data-srcset=\"https:\/\/www.lasrosas.com.ar\/portal\/wp-content\/uploads\/Women-By-Citroen-primeras-9-1920x1440.jpg 1920w, https:\/\/www.lasrosas.com.ar\/portal\/wp-content\/uploads\/Women-By-Citroen-primeras-9-960x720.jpg 960w, https:\/\/www.lasrosas.com.ar\/portal\/wp-content\/uploads\/Women-By-Citroen-primeras-9-640x480.jpg 640w, https:\/\/www.lasrosas.com.ar\/portal\/wp-content\/uploads\/Women-By-Citroen-primeras-9-1536x1152.jpg 1536w, https:\/\/www.lasrosas.com.ar\/portal\/wp-content\/uploads\/Women-By-Citroen-primeras-9-scaled.jpg 2048w\" data-sizes=\"(max-width: 1920px) 100vw, 1920px\" src=\"data:image\/svg+xml;base64,PHN2ZyB3aWR0aD0iMSIgaGVpZ2h0PSIxIiB4bWxucz0iaHR0cDovL3d3dy53My5vcmcvMjAwMC9zdmciPjwvc3ZnPg==\" style=\"--smush-placeholder-width: 1920px; --smush-placeholder-aspect-ratio: 1920\/1440;\" \/><\/figure>\n\n\n\n<figure class=\"wp-block-image size-large\"><img decoding=\"async\" width=\"1920\" height=\"1440\" data-id=\"76292\" data-src=\"https:\/\/www.lasrosas.com.ar\/portal\/wp-content\/uploads\/Women-By-Citroen-primeras-5-1920x1440.jpg\" alt=\"\" class=\"wp-image-76292 lazyload\" data-srcset=\"https:\/\/www.lasrosas.com.ar\/portal\/wp-content\/uploads\/Women-By-Citroen-primeras-5-1920x1440.jpg 1920w, https:\/\/www.lasrosas.com.ar\/portal\/wp-content\/uploads\/Women-By-Citroen-primeras-5-960x720.jpg 960w, https:\/\/www.lasrosas.com.ar\/portal\/wp-content\/uploads\/Women-By-Citroen-primeras-5-640x480.jpg 640w, https:\/\/www.lasrosas.com.ar\/portal\/wp-content\/uploads\/Women-By-Citroen-primeras-5-1536x1152.jpg 1536w, https:\/\/www.lasrosas.com.ar\/portal\/wp-content\/uploads\/Women-By-Citroen-primeras-5-scaled.jpg 2048w\" data-sizes=\"(max-width: 1920px) 100vw, 1920px\" src=\"data:image\/svg+xml;base64,PHN2ZyB3aWR0aD0iMSIgaGVpZ2h0PSIxIiB4bWxucz0iaHR0cDovL3d3dy53My5vcmcvMjAwMC9zdmciPjwvc3ZnPg==\" style=\"--smush-placeholder-width: 1920px; --smush-placeholder-aspect-ratio: 1920\/1440;\" \/><\/figure>\n\n\n\n<figure class=\"wp-block-image size-large\"><img decoding=\"async\" width=\"1920\" height=\"1440\" data-id=\"76296\" data-src=\"https:\/\/www.lasrosas.com.ar\/portal\/wp-content\/uploads\/Women-By-Citroen-primeras-4-1920x1440.jpg\" alt=\"\" class=\"wp-image-76296 lazyload\" data-srcset=\"https:\/\/www.lasrosas.com.ar\/portal\/wp-content\/uploads\/Women-By-Citroen-primeras-4-1920x1440.jpg 1920w, https:\/\/www.lasrosas.com.ar\/portal\/wp-content\/uploads\/Women-By-Citroen-primeras-4-960x720.jpg 960w, https:\/\/www.lasrosas.com.ar\/portal\/wp-content\/uploads\/Women-By-Citroen-primeras-4-640x480.jpg 640w, https:\/\/www.lasrosas.com.ar\/portal\/wp-content\/uploads\/Women-By-Citroen-primeras-4-1536x1152.jpg 1536w, https:\/\/www.lasrosas.com.ar\/portal\/wp-content\/uploads\/Women-By-Citroen-primeras-4-scaled.jpg 2048w\" data-sizes=\"(max-width: 1920px) 100vw, 1920px\" src=\"data:image\/svg+xml;base64,PHN2ZyB3aWR0aD0iMSIgaGVpZ2h0PSIxIiB4bWxucz0iaHR0cDovL3d3dy53My5vcmcvMjAwMC9zdmciPjwvc3ZnPg==\" style=\"--smush-placeholder-width: 1920px; --smush-placeholder-aspect-ratio: 1920\/1440;\" \/><\/figure>\n\n\n\n<figure class=\"wp-block-image size-large\"><img decoding=\"async\" width=\"1440\" height=\"1920\" data-id=\"76295\" data-src=\"https:\/\/www.lasrosas.com.ar\/portal\/wp-content\/uploads\/Women-By-Citroen-primeras-3-1440x1920.jpg\" alt=\"\" class=\"wp-image-76295 lazyload\" data-srcset=\"https:\/\/www.lasrosas.com.ar\/portal\/wp-content\/uploads\/Women-By-Citroen-primeras-3-1440x1920.jpg 1440w, https:\/\/www.lasrosas.com.ar\/portal\/wp-content\/uploads\/Women-By-Citroen-primeras-3-720x960.jpg 720w, https:\/\/www.lasrosas.com.ar\/portal\/wp-content\/uploads\/Women-By-Citroen-primeras-3-1152x1536.jpg 1152w, https:\/\/www.lasrosas.com.ar\/portal\/wp-content\/uploads\/Women-By-Citroen-primeras-3-scaled.jpg 1536w\" data-sizes=\"(max-width: 1440px) 100vw, 1440px\" src=\"data:image\/svg+xml;base64,PHN2ZyB3aWR0aD0iMSIgaGVpZ2h0PSIxIiB4bWxucz0iaHR0cDovL3d3dy53My5vcmcvMjAwMC9zdmciPjwvc3ZnPg==\" style=\"--smush-placeholder-width: 1440px; --smush-placeholder-aspect-ratio: 1440\/1920;\" \/><\/figure>\n\n\n\n<figure class=\"wp-block-image size-large\"><img decoding=\"async\" width=\"1440\" height=\"1920\" data-id=\"76297\" data-src=\"https:\/\/www.lasrosas.com.ar\/portal\/wp-content\/uploads\/Women-By-Citroen-primeras-2-1440x1920.jpg\" alt=\"\" class=\"wp-image-76297 lazyload\" data-srcset=\"https:\/\/www.lasrosas.com.ar\/portal\/wp-content\/uploads\/Women-By-Citroen-primeras-2-1440x1920.jpg 1440w, https:\/\/www.lasrosas.com.ar\/portal\/wp-content\/uploads\/Women-By-Citroen-primeras-2-720x960.jpg 720w, https:\/\/www.lasrosas.com.ar\/portal\/wp-content\/uploads\/Women-By-Citroen-primeras-2-1152x1536.jpg 1152w, https:\/\/www.lasrosas.com.ar\/portal\/wp-content\/uploads\/Women-By-Citroen-primeras-2-scaled.jpg 1536w\" data-sizes=\"(max-width: 1440px) 100vw, 1440px\" src=\"data:image\/svg+xml;base64,PHN2ZyB3aWR0aD0iMSIgaGVpZ2h0PSIxIiB4bWxucz0iaHR0cDovL3d3dy53My5vcmcvMjAwMC9zdmciPjwvc3ZnPg==\" style=\"--smush-placeholder-width: 1440px; --smush-placeholder-aspect-ratio: 1440\/1920;\" \/><\/figure>\n<\/figure>\n\n\n\n<p>En este evento se logr\u00f3 crear un ambiente c\u00e1lido y agradable, donde las participantes pudieron sentirse c\u00f3modas, fomentando un espacio de aprendizaje colaborativo.<\/p>\n\n\n\n<p>La experiencia result\u00f3 ser inspiradora, y de suma utilidad alentando a las clientas a empoderarse a trav\u00e9s del conocimiento y la independencia en el mantenimiento de sus veh\u00edculos.&nbsp;<\/p>\n\n\n\n<p>Una vez m\u00e1s se refleja el compromiso de Avec hacia la inclusi\u00f3n, fortaleciendo la confianza de las mujeres.<\/p>\n<!-- AddThis Advanced Settings generic via filter on the_content --><!-- AddThis Share Buttons generic via filter on the_content -->","protected":false},"excerpt":{"rendered":"<p>En el marco del mes de la mujer, en Avec Citro\u00ebn C\u00f3rdoba se llev\u00f3 a cabo \u00abWomen By Citro\u00ebn\u00bb, un workshop pr\u00e1ctico, interactivo y personalizado dise\u00f1ado para empoderar a las mujeres en el mundo automotriz.&nbsp; Dirigido por Soledad Bereciartua, Gerente de Prensa y Relaciones P\u00fablicas de Citro\u00ebn Argentina, este taller se centr\u00f3 en brindar conocimientos [&hellip;]<!-- AddThis Advanced Settings generic via filter on get_the_excerpt --><!-- AddThis Share Buttons generic via filter on get_the_excerpt --><\/p>\n","protected":false},"author":6,"featured_media":76298,"comment_status":"closed","ping_status":"open","sticky":false,"template":"","format":"standard","meta":{"_acf_changed":false,"om_disable_all_campaigns":false,"_monsterinsights_skip_tracking":false,"_monsterinsights_sitenote_active":false,"_monsterinsights_sitenote_note":"","_monsterinsights_sitenote_category":0,"_uf_show_specific_survey":0,"_uf_disable_surveys":false,"footnotes":""},"categories":[239,100],"tags":[],"class_list":["post-76290","post","type-post","status-publish","format-standard","has-post-thumbnail","hentry","category-recomendados","category-noticias"],"acf":[],"aioseo_notices":[],"_links":{"self":[{"href":"https:\/\/www.lasrosas.com.ar\/portal\/wp-json\/wp\/v2\/posts\/76290","targetHints":{"allow":["GET"]}}],"collection":[{"href":"https:\/\/www.lasrosas.com.ar\/portal\/wp-json\/wp\/v2\/posts"}],"about":[{"href":"https:\/\/www.lasrosas.com.ar\/portal\/wp-json\/wp\/v2\/types\/post"}],"author":[{"embeddable":true,"href":"https:\/\/www.lasrosas.com.ar\/portal\/wp-json\/wp\/v2\/users\/6"}],"replies":[{"embeddable":true,"href":"https:\/\/www.lasrosas.com.ar\/portal\/wp-json\/wp\/v2\/comments?post=76290"}],"version-history":[{"count":1,"href":"https:\/\/www.lasrosas.com.ar\/portal\/wp-json\/wp\/v2\/posts\/76290\/revisions"}],"predecessor-version":[{"id":76299,"href":"https:\/\/www.lasrosas.com.ar\/portal\/wp-json\/wp\/v2\/posts\/76290\/revisions\/76299"}],"wp:featuredmedia":[{"embeddable":true,"href":"https:\/\/www.lasrosas.com.ar\/portal\/wp-json\/wp\/v2\/media\/76298"}],"wp:attachment":[{"href":"https:\/\/www.lasrosas.com.ar\/portal\/wp-json\/wp\/v2\/media?parent=76290"}],"wp:term":[{"taxonomy":"category","embeddable":true,"href":"https:\/\/www.lasrosas.com.ar\/portal\/wp-json\/wp\/v2\/categories?post=76290"},{"taxonomy":"post_tag","embeddable":true,"href":"https:\/\/www.lasrosas.com.ar\/portal\/wp-json\/wp\/v2\/tags?post=76290"}],"curies":[{"name":"wp","href":"https:\/\/api.w.org\/{rel}","templated":true}]}}