{"id":75964,"date":"2024-03-05T14:13:41","date_gmt":"2024-03-05T17:13:41","guid":{"rendered":"https:\/\/www.lasrosas.com.ar\/portal\/?p=75964"},"modified":"2024-03-05T14:13:45","modified_gmt":"2024-03-05T17:13:45","slug":"prune-en-el-bafweek","status":"publish","type":"post","link":"https:\/\/www.lasrosas.com.ar\/portal\/prune-en-el-bafweek\/","title":{"rendered":"PR\u00dcNE EN EL BAFWEEK"},"content":{"rendered":"\n<p>PRUNE cerr\u00f3 el d\u00eda 2 de BAFWEEK desde su propia f\u00e1brica. Entre cueros de todos los colores, las modelos siguieron una coreograf\u00eda llevando las prendas de\u00a0<em>G\u00c9NESIS<\/em>, la colecci\u00f3n oto\u00f1o-invierno 2024 inspirada en la sofisticaci\u00f3n de los detalles, el equilibrio y la simetr\u00eda de sus formas. <\/p>\n\n\n\n<p>Se destacaron las camperas infladas en distintos tonos como verde musgo, azul el\u00e9ctrico, rojo, negro y blanco. Los tonos c\u00e1lidos como el ocre y los marrones reflejan una de las tendencias de la temporada, y el protagonismo absoluto se lo llevaron los metalizados, tanto en plata como en oro, pasando por otras tonalidades que sin dudas har\u00e1n brillar los meses con bajas temperaturas.<\/p>\n\n\n\n<figure class=\"wp-block-gallery has-nested-images columns-default is-cropped wp-block-gallery-1 is-layout-flex wp-block-gallery-is-layout-flex\">\n<figure class=\"wp-block-image size-large\"><img decoding=\"async\" width=\"1280\" height=\"1920\" data-id=\"75969\" data-src=\"https:\/\/www.lasrosas.com.ar\/portal\/wp-content\/uploads\/BAFW2024-Helena-Otamendi-en-BAFWEEK_-@CATALINAALMADA-1280x1920.jpg\" alt=\"\" class=\"wp-image-75969 lazyload\" data-srcset=\"https:\/\/www.lasrosas.com.ar\/portal\/wp-content\/uploads\/\/BAFW2024-Helena-Otamendi-en-BAFWEEK_-@CATALINAALMADA-1280x1920.jpg 1280w, https:\/\/www.lasrosas.com.ar\/portal\/wp-content\/uploads\/\/BAFW2024-Helena-Otamendi-en-BAFWEEK_-@CATALINAALMADA-640x960.jpg 640w, https:\/\/www.lasrosas.com.ar\/portal\/wp-content\/uploads\/\/BAFW2024-Helena-Otamendi-en-BAFWEEK_-@CATALINAALMADA-1024x1536.jpg 1024w, https:\/\/www.lasrosas.com.ar\/portal\/wp-content\/uploads\/\/BAFW2024-Helena-Otamendi-en-BAFWEEK_-@CATALINAALMADA.jpg 1365w\" data-sizes=\"(max-width: 1280px) 100vw, 1280px\" src=\"data:image\/svg+xml;base64,PHN2ZyB3aWR0aD0iMSIgaGVpZ2h0PSIxIiB4bWxucz0iaHR0cDovL3d3dy53My5vcmcvMjAwMC9zdmciPjwvc3ZnPg==\" style=\"--smush-placeholder-width: 1280px; --smush-placeholder-aspect-ratio: 1280\/1920;\" \/><\/figure>\n\n\n\n<figure class=\"wp-block-image size-large\"><img decoding=\"async\" width=\"1280\" height=\"1920\" data-id=\"75970\" data-src=\"https:\/\/www.lasrosas.com.ar\/portal\/wp-content\/uploads\/BAFW2024_0301_195848_DSC08647_-@CATALINAALMADA-1280x1920.jpg\" alt=\"\" class=\"wp-image-75970 lazyload\" data-srcset=\"https:\/\/www.lasrosas.com.ar\/portal\/wp-content\/uploads\/\/BAFW2024_0301_195848_DSC08647_-@CATALINAALMADA-1280x1920.jpg 1280w, https:\/\/www.lasrosas.com.ar\/portal\/wp-content\/uploads\/\/BAFW2024_0301_195848_DSC08647_-@CATALINAALMADA-640x960.jpg 640w, https:\/\/www.lasrosas.com.ar\/portal\/wp-content\/uploads\/\/BAFW2024_0301_195848_DSC08647_-@CATALINAALMADA-1024x1536.jpg 1024w, https:\/\/www.lasrosas.com.ar\/portal\/wp-content\/uploads\/\/BAFW2024_0301_195848_DSC08647_-@CATALINAALMADA.jpg 1365w\" data-sizes=\"(max-width: 1280px) 100vw, 1280px\" src=\"data:image\/svg+xml;base64,PHN2ZyB3aWR0aD0iMSIgaGVpZ2h0PSIxIiB4bWxucz0iaHR0cDovL3d3dy53My5vcmcvMjAwMC9zdmciPjwvc3ZnPg==\" style=\"--smush-placeholder-width: 1280px; --smush-placeholder-aspect-ratio: 1280\/1920;\" \/><\/figure>\n\n\n\n<figure class=\"wp-block-image size-large\"><img decoding=\"async\" width=\"1280\" height=\"1920\" data-id=\"75967\" data-src=\"https:\/\/www.lasrosas.com.ar\/portal\/wp-content\/uploads\/BAFWEEK_20240301_@rogerveksteinph_2-1280x1920.jpg\" alt=\"\" class=\"wp-image-75967 lazyload\" data-srcset=\"https:\/\/www.lasrosas.com.ar\/portal\/wp-content\/uploads\/\/BAFWEEK_20240301_@rogerveksteinph_2-1280x1920.jpg 1280w, https:\/\/www.lasrosas.com.ar\/portal\/wp-content\/uploads\/\/BAFWEEK_20240301_@rogerveksteinph_2-640x960.jpg 640w, https:\/\/www.lasrosas.com.ar\/portal\/wp-content\/uploads\/\/BAFWEEK_20240301_@rogerveksteinph_2-1024x1536.jpg 1024w, https:\/\/www.lasrosas.com.ar\/portal\/wp-content\/uploads\/\/BAFWEEK_20240301_@rogerveksteinph_2.jpg 1365w\" data-sizes=\"(max-width: 1280px) 100vw, 1280px\" src=\"data:image\/svg+xml;base64,PHN2ZyB3aWR0aD0iMSIgaGVpZ2h0PSIxIiB4bWxucz0iaHR0cDovL3d3dy53My5vcmcvMjAwMC9zdmciPjwvc3ZnPg==\" style=\"--smush-placeholder-width: 1280px; --smush-placeholder-aspect-ratio: 1280\/1920;\" \/><\/figure>\n\n\n\n<figure class=\"wp-block-image size-large\"><img decoding=\"async\" width=\"1280\" height=\"1920\" data-id=\"75966\" data-src=\"https:\/\/www.lasrosas.com.ar\/portal\/wp-content\/uploads\/BAFWEEK_20240301_@rogerveksteinph_7-1280x1920.jpg\" alt=\"\" class=\"wp-image-75966 lazyload\" data-srcset=\"https:\/\/www.lasrosas.com.ar\/portal\/wp-content\/uploads\/\/BAFWEEK_20240301_@rogerveksteinph_7-1280x1920.jpg 1280w, https:\/\/www.lasrosas.com.ar\/portal\/wp-content\/uploads\/\/BAFWEEK_20240301_@rogerveksteinph_7-640x960.jpg 640w, https:\/\/www.lasrosas.com.ar\/portal\/wp-content\/uploads\/\/BAFWEEK_20240301_@rogerveksteinph_7-1024x1536.jpg 1024w, https:\/\/www.lasrosas.com.ar\/portal\/wp-content\/uploads\/\/BAFWEEK_20240301_@rogerveksteinph_7.jpg 1365w\" data-sizes=\"(max-width: 1280px) 100vw, 1280px\" src=\"data:image\/svg+xml;base64,PHN2ZyB3aWR0aD0iMSIgaGVpZ2h0PSIxIiB4bWxucz0iaHR0cDovL3d3dy53My5vcmcvMjAwMC9zdmciPjwvc3ZnPg==\" style=\"--smush-placeholder-width: 1280px; --smush-placeholder-aspect-ratio: 1280\/1920;\" \/><\/figure>\n\n\n\n<figure class=\"wp-block-image size-large\"><img decoding=\"async\" width=\"1280\" height=\"1920\" data-id=\"75965\" data-src=\"https:\/\/www.lasrosas.com.ar\/portal\/wp-content\/uploads\/BAFWEEK_20240301_@rogerveksteinph_9-1280x1920.jpg\" alt=\"\" class=\"wp-image-75965 lazyload\" data-srcset=\"https:\/\/www.lasrosas.com.ar\/portal\/wp-content\/uploads\/\/BAFWEEK_20240301_@rogerveksteinph_9-1280x1920.jpg 1280w, https:\/\/www.lasrosas.com.ar\/portal\/wp-content\/uploads\/\/BAFWEEK_20240301_@rogerveksteinph_9-640x960.jpg 640w, https:\/\/www.lasrosas.com.ar\/portal\/wp-content\/uploads\/\/BAFWEEK_20240301_@rogerveksteinph_9-1024x1536.jpg 1024w, https:\/\/www.lasrosas.com.ar\/portal\/wp-content\/uploads\/\/BAFWEEK_20240301_@rogerveksteinph_9.jpg 1365w\" data-sizes=\"(max-width: 1280px) 100vw, 1280px\" src=\"data:image\/svg+xml;base64,PHN2ZyB3aWR0aD0iMSIgaGVpZ2h0PSIxIiB4bWxucz0iaHR0cDovL3d3dy53My5vcmcvMjAwMC9zdmciPjwvc3ZnPg==\" style=\"--smush-placeholder-width: 1280px; --smush-placeholder-aspect-ratio: 1280\/1920;\" \/><\/figure>\n\n\n\n<figure class=\"wp-block-image size-large\"><img decoding=\"async\" width=\"1280\" height=\"1920\" data-id=\"75968\" data-src=\"https:\/\/www.lasrosas.com.ar\/portal\/wp-content\/uploads\/BAFWEEK_20240301_@rogerveksteinph_14-1280x1920.jpg\" alt=\"\" class=\"wp-image-75968 lazyload\" data-srcset=\"https:\/\/www.lasrosas.com.ar\/portal\/wp-content\/uploads\/\/BAFWEEK_20240301_@rogerveksteinph_14-1280x1920.jpg 1280w, https:\/\/www.lasrosas.com.ar\/portal\/wp-content\/uploads\/\/BAFWEEK_20240301_@rogerveksteinph_14-640x960.jpg 640w, https:\/\/www.lasrosas.com.ar\/portal\/wp-content\/uploads\/\/BAFWEEK_20240301_@rogerveksteinph_14-1024x1536.jpg 1024w, https:\/\/www.lasrosas.com.ar\/portal\/wp-content\/uploads\/\/BAFWEEK_20240301_@rogerveksteinph_14.jpg 1365w\" data-sizes=\"(max-width: 1280px) 100vw, 1280px\" src=\"data:image\/svg+xml;base64,PHN2ZyB3aWR0aD0iMSIgaGVpZ2h0PSIxIiB4bWxucz0iaHR0cDovL3d3dy53My5vcmcvMjAwMC9zdmciPjwvc3ZnPg==\" style=\"--smush-placeholder-width: 1280px; --smush-placeholder-aspect-ratio: 1280\/1920;\" \/><\/figure>\n\n\n\n<figure class=\"wp-block-image size-large\"><img decoding=\"async\" width=\"1280\" height=\"1920\" data-id=\"75971\" data-src=\"https:\/\/www.lasrosas.com.ar\/portal\/wp-content\/uploads\/BAFWEEK_20240301_@rogerveksteinph_15-1280x1920.jpg\" alt=\"\" class=\"wp-image-75971 lazyload\" data-srcset=\"https:\/\/www.lasrosas.com.ar\/portal\/wp-content\/uploads\/\/BAFWEEK_20240301_@rogerveksteinph_15-1280x1920.jpg 1280w, https:\/\/www.lasrosas.com.ar\/portal\/wp-content\/uploads\/\/BAFWEEK_20240301_@rogerveksteinph_15-640x960.jpg 640w, https:\/\/www.lasrosas.com.ar\/portal\/wp-content\/uploads\/\/BAFWEEK_20240301_@rogerveksteinph_15-1024x1536.jpg 1024w, https:\/\/www.lasrosas.com.ar\/portal\/wp-content\/uploads\/\/BAFWEEK_20240301_@rogerveksteinph_15.jpg 1365w\" data-sizes=\"(max-width: 1280px) 100vw, 1280px\" src=\"data:image\/svg+xml;base64,PHN2ZyB3aWR0aD0iMSIgaGVpZ2h0PSIxIiB4bWxucz0iaHR0cDovL3d3dy53My5vcmcvMjAwMC9zdmciPjwvc3ZnPg==\" style=\"--smush-placeholder-width: 1280px; --smush-placeholder-aspect-ratio: 1280\/1920;\" \/><\/figure>\n\n\n\n<figure class=\"wp-block-image size-large\"><img decoding=\"async\" width=\"1280\" height=\"1920\" data-id=\"75972\" data-src=\"https:\/\/www.lasrosas.com.ar\/portal\/wp-content\/uploads\/BAFWEEK_20240302_@rogerveksteinph_195-1280x1920.jpg\" alt=\"\" class=\"wp-image-75972 lazyload\" data-srcset=\"https:\/\/www.lasrosas.com.ar\/portal\/wp-content\/uploads\/BAFWEEK_20240302_@rogerveksteinph_195-1280x1920.jpg 1280w, https:\/\/www.lasrosas.com.ar\/portal\/wp-content\/uploads\/BAFWEEK_20240302_@rogerveksteinph_195-640x960.jpg 640w, https:\/\/www.lasrosas.com.ar\/portal\/wp-content\/uploads\/BAFWEEK_20240302_@rogerveksteinph_195-1024x1536.jpg 1024w, https:\/\/www.lasrosas.com.ar\/portal\/wp-content\/uploads\/BAFWEEK_20240302_@rogerveksteinph_195-scaled.jpg 1366w\" data-sizes=\"(max-width: 1280px) 100vw, 1280px\" src=\"data:image\/svg+xml;base64,PHN2ZyB3aWR0aD0iMSIgaGVpZ2h0PSIxIiB4bWxucz0iaHR0cDovL3d3dy53My5vcmcvMjAwMC9zdmciPjwvc3ZnPg==\" style=\"--smush-placeholder-width: 1280px; --smush-placeholder-aspect-ratio: 1280\/1920;\" \/><\/figure>\n<\/figure>\n\n\n\n<p>Estuvieron presentes M\u00f3nica Anton\u00f3pulos, Mar\u00eda Freytes y Gege Neumann, ya que su hija Helena Otamendi desfil\u00f3 para la marca con look de camperas verde y azul.<\/p>\n<!-- AddThis Advanced Settings generic via filter on the_content --><!-- AddThis Share Buttons generic via filter on the_content -->","protected":false},"excerpt":{"rendered":"<p>PRUNE cerr\u00f3 el d\u00eda 2 de BAFWEEK desde su propia f\u00e1brica. Entre cueros de todos los colores, las modelos siguieron una coreograf\u00eda llevando las prendas de\u00a0G\u00c9NESIS, la colecci\u00f3n oto\u00f1o-invierno 2024 inspirada en la sofisticaci\u00f3n de los detalles, el equilibrio y la simetr\u00eda de sus formas. Se destacaron las camperas infladas en distintos tonos como verde [&hellip;]<!-- AddThis Advanced Settings generic via filter on get_the_excerpt --><!-- AddThis Share Buttons generic via filter on get_the_excerpt --><\/p>\n","protected":false},"author":6,"featured_media":75973,"comment_status":"closed","ping_status":"open","sticky":false,"template":"","format":"standard","meta":{"_acf_changed":false,"om_disable_all_campaigns":false,"_monsterinsights_skip_tracking":false,"_monsterinsights_sitenote_active":false,"_monsterinsights_sitenote_note":"","_monsterinsights_sitenote_category":0,"_uf_show_specific_survey":0,"_uf_disable_surveys":false,"footnotes":""},"categories":[234,100,30],"tags":[],"class_list":["post-75964","post","type-post","status-publish","format-standard","has-post-thumbnail","hentry","category-trend","category-noticias","category-moda"],"acf":[],"aioseo_notices":[],"_links":{"self":[{"href":"https:\/\/www.lasrosas.com.ar\/portal\/wp-json\/wp\/v2\/posts\/75964","targetHints":{"allow":["GET"]}}],"collection":[{"href":"https:\/\/www.lasrosas.com.ar\/portal\/wp-json\/wp\/v2\/posts"}],"about":[{"href":"https:\/\/www.lasrosas.com.ar\/portal\/wp-json\/wp\/v2\/types\/post"}],"author":[{"embeddable":true,"href":"https:\/\/www.lasrosas.com.ar\/portal\/wp-json\/wp\/v2\/users\/6"}],"replies":[{"embeddable":true,"href":"https:\/\/www.lasrosas.com.ar\/portal\/wp-json\/wp\/v2\/comments?post=75964"}],"version-history":[{"count":1,"href":"https:\/\/www.lasrosas.com.ar\/portal\/wp-json\/wp\/v2\/posts\/75964\/revisions"}],"predecessor-version":[{"id":75974,"href":"https:\/\/www.lasrosas.com.ar\/portal\/wp-json\/wp\/v2\/posts\/75964\/revisions\/75974"}],"wp:featuredmedia":[{"embeddable":true,"href":"https:\/\/www.lasrosas.com.ar\/portal\/wp-json\/wp\/v2\/media\/75973"}],"wp:attachment":[{"href":"https:\/\/www.lasrosas.com.ar\/portal\/wp-json\/wp\/v2\/media?parent=75964"}],"wp:term":[{"taxonomy":"category","embeddable":true,"href":"https:\/\/www.lasrosas.com.ar\/portal\/wp-json\/wp\/v2\/categories?post=75964"},{"taxonomy":"post_tag","embeddable":true,"href":"https:\/\/www.lasrosas.com.ar\/portal\/wp-json\/wp\/v2\/tags?post=75964"}],"curies":[{"name":"wp","href":"https:\/\/api.w.org\/{rel}","templated":true}]}}