{"id":75886,"date":"2024-03-02T13:02:59","date_gmt":"2024-03-02T16:02:59","guid":{"rendered":"https:\/\/www.lasrosas.com.ar\/portal\/?p=75886"},"modified":"2024-03-02T13:23:53","modified_gmt":"2024-03-02T16:23:53","slug":"gusty-dj-el-dj-del-rkt-presenta-su-primer-lanzamiento-2024","status":"publish","type":"post","link":"https:\/\/www.lasrosas.com.ar\/portal\/gusty-dj-el-dj-del-rkt-presenta-su-primer-lanzamiento-2024\/","title":{"rendered":"GUSTY DJ, EL DJ DEL RKT, PRESENTA SU PRIMER LANZAMIENTO 2024"},"content":{"rendered":"\n<p><strong>LUEGO DE HABERSE CONSAGRADO COMO EL ARTISTA DEL VERANO CON M\u00c1S DE 40 SHOWS EN LA COSTA ATL\u00c1NTICA, EL REFERENTE M\u00c1S CONVOCANTE DEL CACHENGUE PRESENTA \u201cLE GUSTAN LO\u2019 FLAITES REMIX\u201d, SU NUEVO SINGLE SINGLE CON LAS COLABORACIONES DE&nbsp;<a href=\"https:\/\/lt.mydplr.com\/f0bc7e7c1cb024e14f9ef9aa01133d6c-16d6b84fabe730cfeb89d9763b4824b1\" target=\"_blank\" rel=\"noreferrer noopener\"><u>ECKO<\/u><\/a>,&nbsp;<a href=\"https:\/\/lt.mydplr.com\/a468c14b4cd26c991e22925d24f1fcc7-16d6b84fabe730cfeb89d9763b4824b1\" target=\"_blank\" rel=\"noreferrer noopener\"><u>AGUS PADILLA<\/u><\/a>,&nbsp;<a href=\"https:\/\/lt.mydplr.com\/05722507d2ddf9caf1a359d9b28757a1-16d6b84fabe730cfeb89d9763b4824b1\" target=\"_blank\" rel=\"noreferrer noopener\"><u>JULIANNO SOSSA<\/u><\/a>,&nbsp;<a href=\"https:\/\/lt.mydplr.com\/957095bef754913ba024fc0c734ef0d6-16d6b84fabe730cfeb89d9763b4824b1\" target=\"_blank\" rel=\"noreferrer noopener\"><u>LALO DJ<\/u><\/a>&nbsp;Y<a href=\"https:\/\/lt.mydplr.com\/43802900486c48ec263ca1c39f77b70e-16d6b84fabe730cfeb89d9763b4824b1\" target=\"_blank\" rel=\"noreferrer noopener\"><u>&nbsp;LOOK DC<\/u><\/a><\/strong><\/p>\n\n\n\n<p><strong>Gusty DJ<\/strong>, el artista argentino #1 de todo el verano 2024, anuncia su nuevo remix \u201cA ella le gustan lo\u2019 flaites\u201d, de la mano de&nbsp;<strong>Ecko, Agus Padilla, Julianno Sossa, Lalo DJ y Look DC.<\/strong><\/p>\n\n\n\n<figure class=\"wp-block-image size-full\"><img decoding=\"async\" width=\"760\" height=\"492\" data-src=\"https:\/\/www.lasrosas.com.ar\/portal\/wp-content\/uploads\/unnamed-3-85.jpg\" alt=\"\" class=\"wp-image-75887 lazyload\" src=\"data:image\/svg+xml;base64,PHN2ZyB3aWR0aD0iMSIgaGVpZ2h0PSIxIiB4bWxucz0iaHR0cDovL3d3dy53My5vcmcvMjAwMC9zdmciPjwvc3ZnPg==\" style=\"--smush-placeholder-width: 760px; --smush-placeholder-aspect-ratio: 760\/492;\" \/><\/figure>\n\n\n\n<p>El track es el primer lanzamiento 2024 del productor y creativo DJ, que pudo hacer un parate luego de convocar miles de personas en los&nbsp;<strong>m\u00e1s de 40 sets<\/strong>&nbsp;que realiz\u00f3 esta temporada, consagr\u00e1ndose como el&nbsp;<strong>DJ del cachengue m\u00e1s convocante del verano<\/strong>. Dentro de este exitoso contexto de incansable trabajo, Gusty sigue explotando el a\u00f1o y lanza el remix de su canci\u00f3n m\u00e1s conocida que fue furor en la costa argentina. Este sencillo de reggaeton promete electrificar las pistas de baile y consolidar a Gusty DJ como una fuerza imparable en la escena musical actual.<\/p>\n\n\n\n<p>Con un estilo distintivo que fusiona ritmos contagiosos y letras pegajosas, Gusty DJ ha demostrado ser un maestro en la creaci\u00f3n de m\u00fasica que no solo hace mover los cuerpos, sino que tambi\u00e9n deja una impresi\u00f3n duradera en los oyentes. \u00abA ella le gustan lo\u2019 flaites\u00bb no es la excepci\u00f3n; es una explosi\u00f3n de energ\u00eda que lleva a la audiencia a un mundo donde la m\u00fasica es la protagonista indiscutible.<\/p>\n<!-- AddThis Advanced Settings generic via filter on the_content --><!-- AddThis Share Buttons generic via filter on the_content -->","protected":false},"excerpt":{"rendered":"<p>LUEGO DE HABERSE CONSAGRADO COMO EL ARTISTA DEL VERANO CON M\u00c1S DE 40 SHOWS EN LA COSTA ATL\u00c1NTICA, EL REFERENTE M\u00c1S CONVOCANTE DEL CACHENGUE PRESENTA \u201cLE GUSTAN LO\u2019 FLAITES REMIX\u201d, SU NUEVO SINGLE SINGLE CON LAS COLABORACIONES DE&nbsp;ECKO,&nbsp;AGUS PADILLA,&nbsp;JULIANNO SOSSA,&nbsp;LALO DJ&nbsp;Y&nbsp;LOOK DC Gusty DJ, el artista argentino #1 de todo el verano 2024, anuncia su [&hellip;]<!-- AddThis Advanced Settings generic via filter on get_the_excerpt --><!-- AddThis Share Buttons generic via filter on get_the_excerpt --><\/p>\n","protected":false},"author":6,"featured_media":75911,"comment_status":"closed","ping_status":"open","sticky":false,"template":"","format":"standard","meta":{"_acf_changed":false,"om_disable_all_campaigns":false,"_monsterinsights_skip_tracking":false,"_monsterinsights_sitenote_active":false,"_monsterinsights_sitenote_note":"","_monsterinsights_sitenote_category":0,"_uf_show_specific_survey":0,"_uf_disable_surveys":false,"footnotes":""},"categories":[100],"tags":[],"class_list":["post-75886","post","type-post","status-publish","format-standard","has-post-thumbnail","hentry","category-noticias"],"acf":[],"aioseo_notices":[],"_links":{"self":[{"href":"https:\/\/www.lasrosas.com.ar\/portal\/wp-json\/wp\/v2\/posts\/75886","targetHints":{"allow":["GET"]}}],"collection":[{"href":"https:\/\/www.lasrosas.com.ar\/portal\/wp-json\/wp\/v2\/posts"}],"about":[{"href":"https:\/\/www.lasrosas.com.ar\/portal\/wp-json\/wp\/v2\/types\/post"}],"author":[{"embeddable":true,"href":"https:\/\/www.lasrosas.com.ar\/portal\/wp-json\/wp\/v2\/users\/6"}],"replies":[{"embeddable":true,"href":"https:\/\/www.lasrosas.com.ar\/portal\/wp-json\/wp\/v2\/comments?post=75886"}],"version-history":[{"count":2,"href":"https:\/\/www.lasrosas.com.ar\/portal\/wp-json\/wp\/v2\/posts\/75886\/revisions"}],"predecessor-version":[{"id":75910,"href":"https:\/\/www.lasrosas.com.ar\/portal\/wp-json\/wp\/v2\/posts\/75886\/revisions\/75910"}],"wp:featuredmedia":[{"embeddable":true,"href":"https:\/\/www.lasrosas.com.ar\/portal\/wp-json\/wp\/v2\/media\/75911"}],"wp:attachment":[{"href":"https:\/\/www.lasrosas.com.ar\/portal\/wp-json\/wp\/v2\/media?parent=75886"}],"wp:term":[{"taxonomy":"category","embeddable":true,"href":"https:\/\/www.lasrosas.com.ar\/portal\/wp-json\/wp\/v2\/categories?post=75886"},{"taxonomy":"post_tag","embeddable":true,"href":"https:\/\/www.lasrosas.com.ar\/portal\/wp-json\/wp\/v2\/tags?post=75886"}],"curies":[{"name":"wp","href":"https:\/\/api.w.org\/{rel}","templated":true}]}}