{"id":75862,"date":"2024-03-02T12:05:15","date_gmt":"2024-03-02T15:05:15","guid":{"rendered":"https:\/\/www.lasrosas.com.ar\/portal\/?p=75862"},"modified":"2024-03-02T12:05:17","modified_gmt":"2024-03-02T15:05:17","slug":"famosos-en-el-pre-estreno-de-reverso-que-es-real-y-que-no","status":"publish","type":"post","link":"https:\/\/www.lasrosas.com.ar\/portal\/famosos-en-el-pre-estreno-de-reverso-que-es-real-y-que-no\/","title":{"rendered":"FAMOSOS EN EL PRE ESTRENO\u00a0DE REVERSO, \u00bfQU\u00c9 ES REAL Y QU\u00c9 NO?"},"content":{"rendered":"\n<p>Esta original e hilarante comedia-dram\u00e1tica con fecha de estreno para el 1 de Marzo, protagonizada por Carla Peterson, est\u00e1 escrita y dirigida por el prestigioso Mat\u00edas Feldman quien viene haciendo carrera hace m\u00e1s de 20 a\u00f1os, produciendo grandes \u00e9xitos de p\u00fablico con incre\u00edbles cr\u00edticas tanto en el Teatro Cervantes, como en el Teatro San Mart\u00edn y en el Metropolitan.<\/p>\n\n\n\n<p><em>REVERSO \u00bfQu\u00e9 es real y qu\u00e9 no?\u00a0<\/em>conjuga un elenco espectacular de reconocidos actores. Se encuentran por primera vez la aclamada y genial Carla Peterson con tres de los mejores actores de su generaci\u00f3n: Marco Antonio Caponi, Nicol\u00e1s Garc\u00eda Hume y Diego Cremonesi. Se suman la talentosa Emilia Claudeville y el extraordinario Juan Isola, formando un elenco so\u00f1ado.<\/p>\n\n\n\n<figure class=\"wp-block-gallery has-nested-images columns-default is-cropped wp-block-gallery-1 is-layout-flex wp-block-gallery-is-layout-flex\">\n<figure class=\"wp-block-image size-large\"><img decoding=\"async\" width=\"640\" height=\"960\" data-id=\"75863\" data-src=\"https:\/\/www.lasrosas.com.ar\/portal\/wp-content\/uploads\/reverso_alta7.jpg\" alt=\"\" class=\"wp-image-75863 lazyload\" src=\"data:image\/svg+xml;base64,PHN2ZyB3aWR0aD0iMSIgaGVpZ2h0PSIxIiB4bWxucz0iaHR0cDovL3d3dy53My5vcmcvMjAwMC9zdmciPjwvc3ZnPg==\" style=\"--smush-placeholder-width: 640px; --smush-placeholder-aspect-ratio: 640\/960;\" \/><\/figure>\n\n\n\n<figure class=\"wp-block-image size-large\"><img decoding=\"async\" width=\"1280\" height=\"1920\" data-id=\"75865\" data-src=\"https:\/\/www.lasrosas.com.ar\/portal\/wp-content\/uploads\/pre-estreno_alta22-1280x1920.jpg\" alt=\"\" class=\"wp-image-75865 lazyload\" data-srcset=\"https:\/\/www.lasrosas.com.ar\/portal\/wp-content\/uploads\/\/pre-estreno_alta22-1280x1920.jpg 1280w, https:\/\/www.lasrosas.com.ar\/portal\/wp-content\/uploads\/\/pre-estreno_alta22-640x960.jpg 640w, https:\/\/www.lasrosas.com.ar\/portal\/wp-content\/uploads\/\/pre-estreno_alta22-1024x1536.jpg 1024w, https:\/\/www.lasrosas.com.ar\/portal\/wp-content\/uploads\/\/pre-estreno_alta22-scaled.jpg 1365w\" data-sizes=\"(max-width: 1280px) 100vw, 1280px\" src=\"data:image\/svg+xml;base64,PHN2ZyB3aWR0aD0iMSIgaGVpZ2h0PSIxIiB4bWxucz0iaHR0cDovL3d3dy53My5vcmcvMjAwMC9zdmciPjwvc3ZnPg==\" style=\"--smush-placeholder-width: 1280px; --smush-placeholder-aspect-ratio: 1280\/1920;\" \/><\/figure>\n\n\n\n<figure class=\"wp-block-image size-large\"><img decoding=\"async\" width=\"1280\" height=\"1920\" data-id=\"75867\" data-src=\"https:\/\/www.lasrosas.com.ar\/portal\/wp-content\/uploads\/pre-estreno_alta15-1280x1920.jpg\" alt=\"\" class=\"wp-image-75867 lazyload\" data-srcset=\"https:\/\/www.lasrosas.com.ar\/portal\/wp-content\/uploads\/\/pre-estreno_alta15-1280x1920.jpg 1280w, https:\/\/www.lasrosas.com.ar\/portal\/wp-content\/uploads\/\/pre-estreno_alta15-640x960.jpg 640w, https:\/\/www.lasrosas.com.ar\/portal\/wp-content\/uploads\/\/pre-estreno_alta15-1024x1536.jpg 1024w, https:\/\/www.lasrosas.com.ar\/portal\/wp-content\/uploads\/\/pre-estreno_alta15-scaled.jpg 1365w\" data-sizes=\"(max-width: 1280px) 100vw, 1280px\" src=\"data:image\/svg+xml;base64,PHN2ZyB3aWR0aD0iMSIgaGVpZ2h0PSIxIiB4bWxucz0iaHR0cDovL3d3dy53My5vcmcvMjAwMC9zdmciPjwvc3ZnPg==\" style=\"--smush-placeholder-width: 1280px; --smush-placeholder-aspect-ratio: 1280\/1920;\" \/><\/figure>\n\n\n\n<figure class=\"wp-block-image size-large\"><img decoding=\"async\" width=\"1280\" height=\"1920\" data-id=\"75864\" data-src=\"https:\/\/www.lasrosas.com.ar\/portal\/wp-content\/uploads\/pre-estreno_alta21-1280x1920.jpg\" alt=\"\" class=\"wp-image-75864 lazyload\" data-srcset=\"https:\/\/www.lasrosas.com.ar\/portal\/wp-content\/uploads\/\/pre-estreno_alta21-1280x1920.jpg 1280w, https:\/\/www.lasrosas.com.ar\/portal\/wp-content\/uploads\/\/pre-estreno_alta21-640x960.jpg 640w, https:\/\/www.lasrosas.com.ar\/portal\/wp-content\/uploads\/\/pre-estreno_alta21-1024x1536.jpg 1024w, https:\/\/www.lasrosas.com.ar\/portal\/wp-content\/uploads\/\/pre-estreno_alta21-scaled.jpg 1365w\" data-sizes=\"(max-width: 1280px) 100vw, 1280px\" src=\"data:image\/svg+xml;base64,PHN2ZyB3aWR0aD0iMSIgaGVpZ2h0PSIxIiB4bWxucz0iaHR0cDovL3d3dy53My5vcmcvMjAwMC9zdmciPjwvc3ZnPg==\" style=\"--smush-placeholder-width: 1280px; --smush-placeholder-aspect-ratio: 1280\/1920;\" \/><\/figure>\n\n\n\n<figure class=\"wp-block-image size-large\"><img decoding=\"async\" width=\"1280\" height=\"1920\" data-id=\"75866\" data-src=\"https:\/\/www.lasrosas.com.ar\/portal\/wp-content\/uploads\/pre-estreno_alta13-1280x1920.jpg\" alt=\"\" class=\"wp-image-75866 lazyload\" data-srcset=\"https:\/\/www.lasrosas.com.ar\/portal\/wp-content\/uploads\/\/pre-estreno_alta13-1280x1920.jpg 1280w, https:\/\/www.lasrosas.com.ar\/portal\/wp-content\/uploads\/\/pre-estreno_alta13-640x960.jpg 640w, https:\/\/www.lasrosas.com.ar\/portal\/wp-content\/uploads\/\/pre-estreno_alta13-1024x1536.jpg 1024w, https:\/\/www.lasrosas.com.ar\/portal\/wp-content\/uploads\/\/pre-estreno_alta13-scaled.jpg 1365w\" data-sizes=\"(max-width: 1280px) 100vw, 1280px\" src=\"data:image\/svg+xml;base64,PHN2ZyB3aWR0aD0iMSIgaGVpZ2h0PSIxIiB4bWxucz0iaHR0cDovL3d3dy53My5vcmcvMjAwMC9zdmciPjwvc3ZnPg==\" style=\"--smush-placeholder-width: 1280px; --smush-placeholder-aspect-ratio: 1280\/1920;\" \/><\/figure>\n<\/figure>\n\n\n\n<p><strong>El viernes 1 de marzo a las 21.30hs se estren\u00f3 en la sala Pablo Picasso de Paseo La Plaza la obra\u00a0<em>REVERSO \u00bfQu\u00e9 es real y qu\u00e9 no?<\/em>\u00a0La obra escrita y dirigida por Mat\u00edas Feldman es una divertida comedia-dram\u00e1tica de giros inesperados sobre la realidad virtual, que lleva el sello distintivo de humor e ingenio de sus creaciones.<\/strong><\/p>\n\n\n\n<p><strong>Funciones los viernes 21.30 hs, s\u00e1bados 19.30 hs y domingos 21 hs.<\/strong><\/p>\n\n\n\n<p><strong>Entradas a la venta por&nbsp;<a href=\"https:\/\/www.plateanet.com\/obra\/27987?obra=REVERSO&amp;paso=inicio\" target=\"_blank\" rel=\"noreferrer noopener\">Plateanet<\/a><\/strong><\/p>\n<!-- AddThis Advanced Settings generic via filter on the_content --><!-- AddThis Share Buttons generic via filter on the_content -->","protected":false},"excerpt":{"rendered":"<p>Esta original e hilarante comedia-dram\u00e1tica con fecha de estreno para el 1 de Marzo, protagonizada por Carla Peterson, est\u00e1 escrita y dirigida por el prestigioso Mat\u00edas Feldman quien viene haciendo carrera hace m\u00e1s de 20 a\u00f1os, produciendo grandes \u00e9xitos de p\u00fablico con incre\u00edbles cr\u00edticas tanto en el Teatro Cervantes, como en el Teatro San Mart\u00edn [&hellip;]<!-- AddThis Advanced Settings generic via filter on get_the_excerpt --><!-- AddThis Share Buttons generic via filter on get_the_excerpt --><\/p>\n","protected":false},"author":6,"featured_media":75868,"comment_status":"closed","ping_status":"open","sticky":false,"template":"","format":"standard","meta":{"_acf_changed":false,"om_disable_all_campaigns":false,"_monsterinsights_skip_tracking":false,"_monsterinsights_sitenote_active":false,"_monsterinsights_sitenote_note":"","_monsterinsights_sitenote_category":0,"_uf_show_specific_survey":0,"_uf_disable_surveys":false,"footnotes":""},"categories":[100],"tags":[],"class_list":["post-75862","post","type-post","status-publish","format-standard","has-post-thumbnail","hentry","category-noticias"],"acf":[],"aioseo_notices":[],"_links":{"self":[{"href":"https:\/\/www.lasrosas.com.ar\/portal\/wp-json\/wp\/v2\/posts\/75862","targetHints":{"allow":["GET"]}}],"collection":[{"href":"https:\/\/www.lasrosas.com.ar\/portal\/wp-json\/wp\/v2\/posts"}],"about":[{"href":"https:\/\/www.lasrosas.com.ar\/portal\/wp-json\/wp\/v2\/types\/post"}],"author":[{"embeddable":true,"href":"https:\/\/www.lasrosas.com.ar\/portal\/wp-json\/wp\/v2\/users\/6"}],"replies":[{"embeddable":true,"href":"https:\/\/www.lasrosas.com.ar\/portal\/wp-json\/wp\/v2\/comments?post=75862"}],"version-history":[{"count":1,"href":"https:\/\/www.lasrosas.com.ar\/portal\/wp-json\/wp\/v2\/posts\/75862\/revisions"}],"predecessor-version":[{"id":75869,"href":"https:\/\/www.lasrosas.com.ar\/portal\/wp-json\/wp\/v2\/posts\/75862\/revisions\/75869"}],"wp:featuredmedia":[{"embeddable":true,"href":"https:\/\/www.lasrosas.com.ar\/portal\/wp-json\/wp\/v2\/media\/75868"}],"wp:attachment":[{"href":"https:\/\/www.lasrosas.com.ar\/portal\/wp-json\/wp\/v2\/media?parent=75862"}],"wp:term":[{"taxonomy":"category","embeddable":true,"href":"https:\/\/www.lasrosas.com.ar\/portal\/wp-json\/wp\/v2\/categories?post=75862"},{"taxonomy":"post_tag","embeddable":true,"href":"https:\/\/www.lasrosas.com.ar\/portal\/wp-json\/wp\/v2\/tags?post=75862"}],"curies":[{"name":"wp","href":"https:\/\/api.w.org\/{rel}","templated":true}]}}