{"id":75250,"date":"2024-02-06T16:09:08","date_gmt":"2024-02-06T19:09:08","guid":{"rendered":"https:\/\/www.lasrosas.com.ar\/portal\/?p=75250"},"modified":"2024-02-06T16:12:35","modified_gmt":"2024-02-06T19:12:35","slug":"nace-green-ray-a-favor-de-documentar-momentos-unicos","status":"publish","type":"post","link":"https:\/\/www.lasrosas.com.ar\/portal\/nace-green-ray-a-favor-de-documentar-momentos-unicos\/","title":{"rendered":"NACE GREEN RAY, A FAVOR DE DOCUMENTAR MOMENTOS \u00daNICOS"},"content":{"rendered":"\n<p>Bajo el ojo de <a href=\"https:\/\/www.instagram.com\/nicofreijo\/?hl=es\" title=\"\">Nico Freijo<\/a> <\/p>\n\n\n\n<p>Nace Green Ray, un servicio especializado en organizaci\u00f3n de pedidas de mano para muy exigentes<\/p>\n\n\n\n<p>\u201cGreen Ray\u201d es un fen\u00f3meno \u00f3ptico atmosf\u00e9rico que ocurre justo despu\u00e9s de que el sol se ponga y justo antes de la salida de la luna; momento en el que puede verse un destello verde sobre el sol. Dura apenas 1 \u00f3 2 segundos y es muy dif\u00edcil de ver. Cuenta la leyenda que si tienes la suerte de conseguir verlo con tu pareja, vuestro amor ser\u00e1 para siempre. Fue Julio Verne quien populariz\u00f3 este fen\u00f3meno en 1882 al publicar su novela \u201cEl rayo verde\u201d<\/p>\n\n\n\n<p>De esta idea surge el nombre de la agencia de servicios exclusivos Green Ray. Especializada en pedidas de mano inolvidables dise\u00f1adas a medida para cada cliente, es una apuesta de Raquel S\u00e1nchez, relaciones p\u00fablicas espa\u00f1ola, con una larga trayectoria profesional internacional, creando eventos para marcas de lujo y organizando viajes para celebridades y periodistas de diferentes pa\u00edses. Tras 20 a\u00f1os de profesi\u00f3n, ha tomado la decisi\u00f3n de mezclar su larga experiencia en el sector del lujo con su pasi\u00f3n por la organizaci\u00f3n de pedidas de mano y los viajes.<\/p>\n\n\n\n<figure class=\"wp-block-image size-full\"><img decoding=\"async\" width=\"787\" height=\"525\" data-src=\"https:\/\/www.lasrosas.com.ar\/portal\/wp-content\/uploads\/WhatsApp-Image-2024-02-06-at-12.41.01.jpeg\" alt=\"\" class=\"wp-image-75251 lazyload\" src=\"data:image\/svg+xml;base64,PHN2ZyB3aWR0aD0iMSIgaGVpZ2h0PSIxIiB4bWxucz0iaHR0cDovL3d3dy53My5vcmcvMjAwMC9zdmciPjwvc3ZnPg==\" style=\"--smush-placeholder-width: 787px; --smush-placeholder-aspect-ratio: 787\/525;\" \/><\/figure>\n\n\n\n<p>\u201cDamos un servicio de asesor\u00eda creativa a medida, basado en la personalidad y gustos de cada pareja. El fin es conseguir que tengan un recuerdo m\u00e1gico e inolvidable que les represente y sea coherente con su historia de amor y relaci\u00f3n\u201d, explica Raquel S\u00e1nchez.<\/p>\n\n\n\n<p>En Green Ray dise\u00f1an momentos llenos de magia que reflejan la personalidad de cada pareja, cuidando hasta el m\u00ednimo detalle. Desde la decoraci\u00f3n y la puesta en escena hasta la selecci\u00f3n de un chef privado, as\u00ed como la coordinaci\u00f3n de posibles c\u00f3mplices y la contrataci\u00f3n de m\u00fasicos y fot\u00f3grafo. El equipo act\u00faa como un discreto aliado incluso para encontrar el anillo perfecto o las palabras id\u00f3neas para expresar los sentimientos en el momento de la declaraci\u00f3n. Todo en una localizaci\u00f3n perfecta para la pareja, aunque eso implique privatizar por una noche un lugar ic\u00f3nico del mundo.<\/p>\n\n\n\n<p>Con base en Ibiza pero clientes y proveedores de todo el mundo por la naturaleza del proyecto, Green Ray nace como una start-up internacional de servicios especializados en pedidas de mano exclusivas, con la idea de ofrecer alternativas a las pedidas cl\u00e1sicas sin por ello abandonar el romanticismo y el cari\u00f1o que requiere un momento tan especial.<\/p>\n\n\n\n<p><a href=\"https:\/\/www.instagram.com\/greenrayteam\/?hl=es\" title=\"\">@greenrayteam <\/a><\/p>\n<!-- AddThis Advanced Settings generic via filter on the_content --><!-- AddThis Share Buttons generic via filter on the_content -->","protected":false},"excerpt":{"rendered":"<p>Bajo el ojo de Nico Freijo Nace Green Ray, un servicio especializado en organizaci\u00f3n de pedidas de mano para muy exigentes \u201cGreen Ray\u201d es un fen\u00f3meno \u00f3ptico atmosf\u00e9rico que ocurre justo despu\u00e9s de que el sol se ponga y justo antes de la salida de la luna; momento en el que puede verse un destello [&hellip;]<!-- AddThis Advanced Settings generic via filter on get_the_excerpt --><!-- AddThis Share Buttons generic via filter on get_the_excerpt --><\/p>\n","protected":false},"author":6,"featured_media":75252,"comment_status":"closed","ping_status":"open","sticky":false,"template":"","format":"standard","meta":{"_acf_changed":false,"om_disable_all_campaigns":false,"_monsterinsights_skip_tracking":false,"_monsterinsights_sitenote_active":false,"_monsterinsights_sitenote_note":"","_monsterinsights_sitenote_category":0,"_uf_show_specific_survey":0,"_uf_disable_surveys":false,"footnotes":""},"categories":[100],"tags":[],"class_list":["post-75250","post","type-post","status-publish","format-standard","has-post-thumbnail","hentry","category-noticias"],"acf":[],"aioseo_notices":[],"_links":{"self":[{"href":"https:\/\/www.lasrosas.com.ar\/portal\/wp-json\/wp\/v2\/posts\/75250","targetHints":{"allow":["GET"]}}],"collection":[{"href":"https:\/\/www.lasrosas.com.ar\/portal\/wp-json\/wp\/v2\/posts"}],"about":[{"href":"https:\/\/www.lasrosas.com.ar\/portal\/wp-json\/wp\/v2\/types\/post"}],"author":[{"embeddable":true,"href":"https:\/\/www.lasrosas.com.ar\/portal\/wp-json\/wp\/v2\/users\/6"}],"replies":[{"embeddable":true,"href":"https:\/\/www.lasrosas.com.ar\/portal\/wp-json\/wp\/v2\/comments?post=75250"}],"version-history":[{"count":2,"href":"https:\/\/www.lasrosas.com.ar\/portal\/wp-json\/wp\/v2\/posts\/75250\/revisions"}],"predecessor-version":[{"id":75255,"href":"https:\/\/www.lasrosas.com.ar\/portal\/wp-json\/wp\/v2\/posts\/75250\/revisions\/75255"}],"wp:featuredmedia":[{"embeddable":true,"href":"https:\/\/www.lasrosas.com.ar\/portal\/wp-json\/wp\/v2\/media\/75252"}],"wp:attachment":[{"href":"https:\/\/www.lasrosas.com.ar\/portal\/wp-json\/wp\/v2\/media?parent=75250"}],"wp:term":[{"taxonomy":"category","embeddable":true,"href":"https:\/\/www.lasrosas.com.ar\/portal\/wp-json\/wp\/v2\/categories?post=75250"},{"taxonomy":"post_tag","embeddable":true,"href":"https:\/\/www.lasrosas.com.ar\/portal\/wp-json\/wp\/v2\/tags?post=75250"}],"curies":[{"name":"wp","href":"https:\/\/api.w.org\/{rel}","templated":true}]}}