{"id":75070,"date":"2024-01-30T15:37:06","date_gmt":"2024-01-30T18:37:06","guid":{"rendered":"https:\/\/www.lasrosas.com.ar\/portal\/?p=75070"},"modified":"2024-01-30T15:37:08","modified_gmt":"2024-01-30T18:37:08","slug":"susana-gimenez-y-el-presidente-javier-milei-juntos-en-un-encuentro-historico","status":"publish","type":"post","link":"https:\/\/www.lasrosas.com.ar\/portal\/susana-gimenez-y-el-presidente-javier-milei-juntos-en-un-encuentro-historico\/","title":{"rendered":"SUSANA GIM\u00c9NEZ Y EL PRESIDENTE JAVIER MILEI JUNTOS EN UN ENCUENTRO HIST\u00d3RICO"},"content":{"rendered":"\n<p>La estrella n\u00famero uno de la Argentina,&nbsp;<strong><em>Susana Gim\u00e9nez<\/em><\/strong>&nbsp;regresa a la televisi\u00f3n en un programa especial hist\u00f3rico: un encuentro \u00fanico con el&nbsp;<strong>Presidente de la Naci\u00f3n,&nbsp;<em>Javier Milei<\/em><\/strong>.<\/p>\n\n\n\n<p>El pr\u00f3ximo lunes 5 de febrero a las 21.45 hs.,&nbsp;<strong>Telefe<\/strong>&nbsp;presenta esta entrevista exclusiva. Por primera vez, Susana Gim\u00e9nez mantendr\u00e1 un mano a mano con el presidente de los argentinos, desde el mism\u00edsimo despacho presidencial en la Casa Rosada.<\/p>\n\n\n\n<p>La entrevista, coproducida por&nbsp;<strong>Telefe<\/strong>&nbsp;y&nbsp;<strong>22<\/strong>, la productora de&nbsp;<em>Luis&nbsp;<\/em>y<em>&nbsp;Bernanda Cella<\/em>, marcar\u00e1 el tan esperado regreso a la pantalla de la conductora n\u00famero uno quien eligi\u00f3 un acontecimiento sin precedentes junto al primer mandatario.<\/p>\n\n\n\n<p><strong>Programa especial: Susana y Javier Milei<\/strong>,<\/p>\n\n\n\n<p><strong>lunes 5 de febrero a las 21.45 hs. por Telefe<\/strong><\/p>\n<!-- AddThis Advanced Settings generic via filter on the_content --><!-- AddThis Share Buttons generic via filter on the_content -->","protected":false},"excerpt":{"rendered":"<p>La estrella n\u00famero uno de la Argentina,&nbsp;Susana Gim\u00e9nez&nbsp;regresa a la televisi\u00f3n en un programa especial hist\u00f3rico: un encuentro \u00fanico con el&nbsp;Presidente de la Naci\u00f3n,&nbsp;Javier Milei. El pr\u00f3ximo lunes 5 de febrero a las 21.45 hs.,&nbsp;Telefe&nbsp;presenta esta entrevista exclusiva. Por primera vez, Susana Gim\u00e9nez mantendr\u00e1 un mano a mano con el presidente de los argentinos, desde [&hellip;]<!-- AddThis Advanced Settings generic via filter on get_the_excerpt --><!-- AddThis Share Buttons generic via filter on get_the_excerpt --><\/p>\n","protected":false},"author":6,"featured_media":75071,"comment_status":"closed","ping_status":"open","sticky":false,"template":"","format":"standard","meta":{"_acf_changed":false,"om_disable_all_campaigns":false,"_monsterinsights_skip_tracking":false,"_monsterinsights_sitenote_active":false,"_monsterinsights_sitenote_note":"","_monsterinsights_sitenote_category":0,"_uf_show_specific_survey":0,"_uf_disable_surveys":false,"footnotes":""},"categories":[100],"tags":[],"class_list":["post-75070","post","type-post","status-publish","format-standard","has-post-thumbnail","hentry","category-noticias"],"acf":[],"aioseo_notices":[],"_links":{"self":[{"href":"https:\/\/www.lasrosas.com.ar\/portal\/wp-json\/wp\/v2\/posts\/75070","targetHints":{"allow":["GET"]}}],"collection":[{"href":"https:\/\/www.lasrosas.com.ar\/portal\/wp-json\/wp\/v2\/posts"}],"about":[{"href":"https:\/\/www.lasrosas.com.ar\/portal\/wp-json\/wp\/v2\/types\/post"}],"author":[{"embeddable":true,"href":"https:\/\/www.lasrosas.com.ar\/portal\/wp-json\/wp\/v2\/users\/6"}],"replies":[{"embeddable":true,"href":"https:\/\/www.lasrosas.com.ar\/portal\/wp-json\/wp\/v2\/comments?post=75070"}],"version-history":[{"count":1,"href":"https:\/\/www.lasrosas.com.ar\/portal\/wp-json\/wp\/v2\/posts\/75070\/revisions"}],"predecessor-version":[{"id":75072,"href":"https:\/\/www.lasrosas.com.ar\/portal\/wp-json\/wp\/v2\/posts\/75070\/revisions\/75072"}],"wp:featuredmedia":[{"embeddable":true,"href":"https:\/\/www.lasrosas.com.ar\/portal\/wp-json\/wp\/v2\/media\/75071"}],"wp:attachment":[{"href":"https:\/\/www.lasrosas.com.ar\/portal\/wp-json\/wp\/v2\/media?parent=75070"}],"wp:term":[{"taxonomy":"category","embeddable":true,"href":"https:\/\/www.lasrosas.com.ar\/portal\/wp-json\/wp\/v2\/categories?post=75070"},{"taxonomy":"post_tag","embeddable":true,"href":"https:\/\/www.lasrosas.com.ar\/portal\/wp-json\/wp\/v2\/tags?post=75070"}],"curies":[{"name":"wp","href":"https:\/\/api.w.org\/{rel}","templated":true}]}}