{"id":74985,"date":"2024-01-27T12:17:30","date_gmt":"2024-01-27T15:17:30","guid":{"rendered":"https:\/\/www.lasrosas.com.ar\/portal\/?p=74985"},"modified":"2024-01-27T12:17:33","modified_gmt":"2024-01-27T15:17:33","slug":"louis-vuitton-presenta-las-gafas-de-sol-lv-super-vision-para-hombre","status":"publish","type":"post","link":"https:\/\/www.lasrosas.com.ar\/portal\/louis-vuitton-presenta-las-gafas-de-sol-lv-super-vision-para-hombre\/","title":{"rendered":"LOUIS VUITTON PRESENTA LAS GAFAS DE SOL LV SUPER VISION PARA HOMBRE"},"content":{"rendered":"\n<p>Las mismas fueron reveladas&nbsp; por primera vez en la pasarela de la colecci\u00f3n masculina Primavera-Verano 2024 de Pharrell Williams para la Maison, y fueron dise\u00f1adas&nbsp;para \u00abacercarse al futuro\u00bb. Inspiradas en la fotograf\u00eda, las gafas de sol LV Super Vision se presentan en cuatro estilos ultra contempor\u00e1neos que marcan tendencia: redondas, cuadradas, cuadradas bajas y de aviador, cada una de ellas moldeadas en nylon con efecto goma para imitar la est\u00e9tica de los dise\u00f1os ic\u00f3nicos de las c\u00e1maras fotogr\u00e1ficas. Los detalles exclusivos incluyen un borde plateado en relieve, discretos motivos Damier e inscripciones blancas que evocan los c\u00f3digos de Louis Vuitton y las funciones inspiradas en las c\u00e1maras.<\/p>\n\n\n\n<p>Las monturas LV Super Vision est\u00e1n disponibles en negro liso, caqui y colores primarios, como el rojo o el amarillo, seg\u00fan el estilo. La versi\u00f3n redonda -disponible en negro- cuenta espec\u00edficamente con accesorios desmontables \u00abtapa-lentes\u00bb inscritos con las letras de Louis Vuitton. Todos los modelos llevan inscripciones blancas en el interior de las lentes y elegantes firmas de Louis Vuitton en tono plateado en las patillas.<\/p>\n\n\n\n<figure class=\"wp-block-image\"><img decoding=\"async\" src=\"https:\/\/mail.google.com\/mail\/u\/0?ui=2&amp;ik=f354a747cd&amp;attid=0.4&amp;permmsgid=msg-f:1788997433610251395&amp;th=18d3cbaff66cac83&amp;view=fimg&amp;fur=ip&amp;sz=s0-l75-ft&amp;attbid=ANGjdJ9x-MnUDNHvLBEQzX6IOVXAAggUsH_Lhkk-_pRkQc3XKTZDXPqrWeibg40PZr7yrOIK32lwbAg52o_DCXkTN2xvV9MkIipH2QJ0jjFjg8As9HVhm5zIAVlfTV8&amp;disp=emb&amp;realattid=ii_lrs3loja1\" alt=\"WhatsApp Image 2024-01-24 at 15.06.12 (2).jpeg\"\/><\/figure>\n\n\n\n<figure class=\"wp-block-image\"><img decoding=\"async\" src=\"https:\/\/mail.google.com\/mail\/u\/0?ui=2&amp;ik=f354a747cd&amp;attid=0.6&amp;permmsgid=msg-f:1788997433610251395&amp;th=18d3cbaff66cac83&amp;view=fimg&amp;fur=ip&amp;sz=s0-l75-ft&amp;attbid=ANGjdJ_B2qRy5pOP6TyaoNidOMC9QWUQx_3KCFLsbe6DOIAohiJt13kzxFPiwAGLmmn3D3M1jCdPImT9eTtRNHYN1CoGqOlxdftAQcrRPd3FAGCbc_ry3AKzBkX72X4&amp;disp=emb&amp;realattid=ii_lrs3lok02\" alt=\"WhatsApp Image 2024-01-24 at 15.06.12 (1).jpeg\"\/><\/figure>\n\n\n\n<p><a href=\"https:\/\/grupomass-dot-yamm-track.appspot.com\/2wfFcaDyF4sgEMlCH9T2VNHo-FtDeUGtKTEAGwIZ0gg_o8bo8jQEALllrQ4XZGXl4v4E55C1Co-OS3md2ErYFHl2p4FoOsOLOzwXElJUSmUfYQ2d0LpbS5gyh7fRSAe3W9Qrx5YwwUvQO4Lo52TtFBFoHqB3CSH2iAURD8MYP_mWoXFj-hOEVFxnb7822fP717-mSRwQfOWe95T5cudZvmY5t1tjHHWo\" rel=\"noreferrer noopener\" target=\"_blank\">Link&nbsp;<\/a>para m\u00e1s informaci\u00f3n&nbsp;<\/p>\n\n\n\n<p><strong>La colecci\u00f3n Deep Time High Jewelry de Louis Vuitton contin\u00faa su \u00e9pico viaje a trav\u00e9s de los milenios, abarcando desde el nacimiento del planeta hasta el principio de la vida.<\/strong><\/p>\n\n\n\n<p>Deep Time entra en su segundo cap\u00edtulo, ampliando esta rica historia de legado geol\u00f3gico, belleza transformadora e interconexi\u00f3n de la vida. Esta es la quinta colecci\u00f3n de Alta Joyer\u00eda dise\u00f1ada por Francesca Amfitheatrof, Directora Art\u00edstica de Relojer\u00eda y Joyer\u00eda, y el Cap\u00edtulo II da la bienvenida a 50 nuevas piezas \u00fanicas que se distribuyen en 10 temas de nuevas interpretaciones y dise\u00f1os complementarios &#8211; todo ello narrado a trav\u00e9s de las piedras preciosas m\u00e1s extraordinarias. \u00abCon este segundo cap\u00edtulo de Deep Time, continuamos la historia de esta colecci\u00f3n m\u00e1s&nbsp;&nbsp;bella y po\u00e9tica, que simboliza una vasta e incre\u00edble historia\u00bb,&nbsp;afirma Amfitheatrof.<\/p>\n\n\n\n<figure class=\"wp-block-image\"><img decoding=\"async\" src=\"https:\/\/mail.google.com\/mail\/u\/0?ui=2&amp;ik=f354a747cd&amp;attid=0.1&amp;permmsgid=msg-f:1788997433610251395&amp;th=18d3cbaff66cac83&amp;view=fimg&amp;fur=ip&amp;sz=s0-l75-ft&amp;attbid=ANGjdJ_1E3lLPHGbHBBcym-a6hE79HAVdXcP82osGALEDg3Qyctpy33HXx90r_L6aLQa5RXri3nXajWQQpwLBmgtRoEcfywBXbu9B-buHFEQyy5BevDwh6t3yWZHq-E&amp;disp=emb&amp;realattid=ii_lrs44sa33\" alt=\"WhatsApp Image 2024-01-24 at 15.21.54.jpeg\"\/><\/figure>\n\n\n\n<p>El viaje de Deep Time comienza con la geolog\u00eda y nos impulsa a una \u00e9poca en la que nuestro planeta estaba poblado por dos supercontinentes, Gondwana y Laurasia. El ultimo se anuncia ahora con exquisitos diamantes amarillos y metales contrastados, una firma de Amfitheatrof. Evoluciones s\u00edsmicas y apocal\u00edpticas transforman el planeta, inspirando la Deriva y un nuevo amanecer de la vida, que hace surgir la multiplicaci\u00f3n de las c\u00e9lulas tras las sinuosas joyas de ADN de Myriad. Le sigue la Simbiosis, un nuevo tema de Deep Time, inspirado en los primeros ecosistemas terrestres de nuestro planeta, los hongos y el micelio. Joyas delicadas y suntuosas cobran vida en bellas y femeninas espinelas rosa pastel y p\u00farpura. La piel es otro tema nuevo de Deep Time, y rinde homenaje al zafiro Umba, cuyos tonos rosados y anaranjados se combinan con el oro rosa en un moderno dise\u00f1o.<\/p>\n\n\n\n<figure class=\"wp-block-image\"><img decoding=\"async\" src=\"https:\/\/mail.google.com\/mail\/u\/0?ui=2&amp;ik=f354a747cd&amp;attid=0.5&amp;permmsgid=msg-f:1788997433610251395&amp;th=18d3cbaff66cac83&amp;view=fimg&amp;fur=ip&amp;sz=s0-l75-ft&amp;attbid=ANGjdJ_FxOGZGTKeHmqXc33imnMc9jfNZkWOMg7pD0r3X35YHw4PYuq8CA8_Ms4YBaijUzKHcCC_emY_EVVkVHOpdEhMhw0edmnePH8InWMdah0z5lXCTDTrZxBXyxw&amp;disp=emb&amp;realattid=ii_lrs457kd4\" alt=\"WhatsApp Image 2024-01-24 at 15.21.51.jpeg\"\/><\/figure>\n\n\n\n<figure class=\"wp-block-image\"><img decoding=\"async\" src=\"https:\/\/mail.google.com\/mail\/u\/0?ui=2&amp;ik=f354a747cd&amp;attid=0.3&amp;permmsgid=msg-f:1788997433610251395&amp;th=18d3cbaff66cac83&amp;view=fimg&amp;fur=ip&amp;sz=s0-l75-ft&amp;attbid=ANGjdJ9A1d47NH41zZEct06VlXJu8vDjkyRk5XDuZwJK9lG39kQ53l8xQCmAjv3Nc4La8xLx2gP0TKM-bc3-Ldo_1le6Zw_AoI8xIigdV4NHiNjRgxtVMD7w1w_16ng&amp;disp=emb&amp;realattid=ii_lrs457kr5\" alt=\"WhatsApp Image 2024-01-24 at 15.21.53.jpeg\"\/><\/figure>\n<!-- AddThis Advanced Settings generic via filter on the_content --><!-- AddThis Share Buttons generic via filter on the_content -->","protected":false},"excerpt":{"rendered":"<p>Las mismas fueron reveladas&nbsp; por primera vez en la pasarela de la colecci\u00f3n masculina Primavera-Verano 2024 de Pharrell Williams para la Maison, y fueron dise\u00f1adas&nbsp;para \u00abacercarse al futuro\u00bb. Inspiradas en la fotograf\u00eda, las gafas de sol LV Super Vision se presentan en cuatro estilos ultra contempor\u00e1neos que marcan tendencia: redondas, cuadradas, cuadradas bajas y de [&hellip;]<!-- AddThis Advanced Settings generic via filter on get_the_excerpt --><!-- AddThis Share Buttons generic via filter on get_the_excerpt --><\/p>\n","protected":false},"author":6,"featured_media":74986,"comment_status":"closed","ping_status":"open","sticky":false,"template":"","format":"standard","meta":{"_acf_changed":false,"om_disable_all_campaigns":false,"_monsterinsights_skip_tracking":false,"_monsterinsights_sitenote_active":false,"_monsterinsights_sitenote_note":"","_monsterinsights_sitenote_category":0,"_uf_show_specific_survey":0,"_uf_disable_surveys":false,"footnotes":""},"categories":[100,30],"tags":[],"class_list":["post-74985","post","type-post","status-publish","format-standard","has-post-thumbnail","hentry","category-noticias","category-moda"],"acf":[],"aioseo_notices":[],"_links":{"self":[{"href":"https:\/\/www.lasrosas.com.ar\/portal\/wp-json\/wp\/v2\/posts\/74985","targetHints":{"allow":["GET"]}}],"collection":[{"href":"https:\/\/www.lasrosas.com.ar\/portal\/wp-json\/wp\/v2\/posts"}],"about":[{"href":"https:\/\/www.lasrosas.com.ar\/portal\/wp-json\/wp\/v2\/types\/post"}],"author":[{"embeddable":true,"href":"https:\/\/www.lasrosas.com.ar\/portal\/wp-json\/wp\/v2\/users\/6"}],"replies":[{"embeddable":true,"href":"https:\/\/www.lasrosas.com.ar\/portal\/wp-json\/wp\/v2\/comments?post=74985"}],"version-history":[{"count":1,"href":"https:\/\/www.lasrosas.com.ar\/portal\/wp-json\/wp\/v2\/posts\/74985\/revisions"}],"predecessor-version":[{"id":74987,"href":"https:\/\/www.lasrosas.com.ar\/portal\/wp-json\/wp\/v2\/posts\/74985\/revisions\/74987"}],"wp:featuredmedia":[{"embeddable":true,"href":"https:\/\/www.lasrosas.com.ar\/portal\/wp-json\/wp\/v2\/media\/74986"}],"wp:attachment":[{"href":"https:\/\/www.lasrosas.com.ar\/portal\/wp-json\/wp\/v2\/media?parent=74985"}],"wp:term":[{"taxonomy":"category","embeddable":true,"href":"https:\/\/www.lasrosas.com.ar\/portal\/wp-json\/wp\/v2\/categories?post=74985"},{"taxonomy":"post_tag","embeddable":true,"href":"https:\/\/www.lasrosas.com.ar\/portal\/wp-json\/wp\/v2\/tags?post=74985"}],"curies":[{"name":"wp","href":"https:\/\/api.w.org\/{rel}","templated":true}]}}