{"id":74865,"date":"2024-01-24T14:51:04","date_gmt":"2024-01-24T17:51:04","guid":{"rendered":"https:\/\/www.lasrosas.com.ar\/portal\/?p=74865"},"modified":"2024-01-31T08:51:01","modified_gmt":"2024-01-31T11:51:01","slug":"emilia-attias-multifacetica-y-versatil-en-todos-los-aspectos-de-su-vida","status":"publish","type":"post","link":"https:\/\/www.lasrosas.com.ar\/portal\/emilia-attias-multifacetica-y-versatil-en-todos-los-aspectos-de-su-vida\/","title":{"rendered":"\u00abEMILIA ATTIAS: MULTIFAC\u00c9TICA Y VERS\u00c1TIL EN TODOS LOS ASPECTOS DE SU VIDA\u00bb"},"content":{"rendered":"\n<p><em>Mar\u00eda Emilia Attias, es una reconocida actriz, conductora, DJ y modelo argentina, que ha forjado una carrera vers\u00e1til con destacadas participaciones en ficciones&nbsp; como \u00abCasi \u00c1ngeles\u00bb e \u00abHistorias de Div\u00e1n\u00bb, entre otras. En su rol como conductora, lider\u00f3 el programa televisivo \u00abResto del Mundo\u00bb. En esta entrevista exclusiva con Las Rosas, comparte detalles sobre sus inicios en el mundo art\u00edstico, revela los secretos que mantienen su relaci\u00f3n de pareja y anticipa los emocionantes proyectos que tiene para el 2024.&nbsp;<\/em><\/p>\n\n\n\n<figure class=\"wp-block-image size-full\"><img decoding=\"async\" width=\"1600\" height=\"1066\" data-src=\"https:\/\/www.lasrosas.com.ar\/portal\/wp-content\/uploads\/WhatsApp-Image-2024-01-24-at-14.00.47.jpeg\" alt=\"\" class=\"wp-image-74866 lazyload\" data-srcset=\"https:\/\/www.lasrosas.com.ar\/portal\/wp-content\/uploads\/\/WhatsApp-Image-2024-01-24-at-14.00.47.jpeg 1600w, https:\/\/www.lasrosas.com.ar\/portal\/wp-content\/uploads\/\/WhatsApp-Image-2024-01-24-at-14.00.47-960x640.jpeg 960w, https:\/\/www.lasrosas.com.ar\/portal\/wp-content\/uploads\/\/WhatsApp-Image-2024-01-24-at-14.00.47-1536x1023.jpeg 1536w\" data-sizes=\"(max-width: 1600px) 100vw, 1600px\" src=\"data:image\/svg+xml;base64,PHN2ZyB3aWR0aD0iMSIgaGVpZ2h0PSIxIiB4bWxucz0iaHR0cDovL3d3dy53My5vcmcvMjAwMC9zdmciPjwvc3ZnPg==\" style=\"--smush-placeholder-width: 1600px; --smush-placeholder-aspect-ratio: 1600\/1066;\" \/><\/figure>\n\n\n\n<p><strong>\u00a0\u00a0<\/strong><\/p>\n\n\n\n<p><strong>1.<\/strong> \u00a0 \u00a0 <strong>Te conocemos por toda tu trayectoria como actriz y modelo \u00bfCu\u00e1l fue tu primer acercamiento al mundillo de la actuaci\u00f3n y el modelaje?<\/strong><\/p>\n\n\n\n<p>Mi trayectoria en el mundo art\u00edstico comenz\u00f3 a los 12 a\u00f1os de manera casual. Desde mi infancia, siempre supe que quer\u00eda dedicarme a las artes, siendo una ni\u00f1a que disfrutaba viendo bailarinas en la televisi\u00f3n y creando coreograf\u00edas en casa. A los 12 a\u00f1os, un manager se acerc\u00f3 a mi familia, invit\u00e1ndonos a unirnos a una agencia de modelos con proyecci\u00f3n internacional. Mi madre, sabiendo de mi inter\u00e9s, acept\u00f3 la oportunidad. El manager, Picky, se convirti\u00f3 en un gran amigo y fue mi entrada al mundo profesional.<\/p>\n\n\n\n<p>La agencia tuvo \u00e9xito desde el principio, y comenc\u00e9 a participar en publicidades, desfiles y fotos. Para m\u00ed, todo era una actuaci\u00f3n frente a la lente, ya sea en una pasarela, en una sesi\u00f3n de fotos o en la actuaci\u00f3n. A los 17 a\u00f1os, mientras cursaba quinto a\u00f1o, sent\u00ed la necesidad de explorar la actuaci\u00f3n de manera m\u00e1s expresiva. Esto me llev\u00f3 a participar en \u00abCasi de \u00c1ngeles\u00bb a los 19 a\u00f1os, marcando el inicio de mi carrera actoral.<\/p>\n\n\n\n<p>Desde entonces, he trabajado en series de Polka en horario estelar y he adaptado mi carrera a la evoluci\u00f3n del mercado, centr\u00e1ndome en series, ficciones y pel\u00edculas para plataformas digitales.<br><br><strong>2.<\/strong> &nbsp; &nbsp; <strong>Hace varios a\u00f1os que tambi\u00e9n oficias de Dj, \u00bfc\u00f3mo surgi\u00f3 esta pasi\u00f3n?<\/strong><\/p>\n\n\n\n<p>Mi faceta de DJ fue algo un poco ocasional, como se dio, y me apasion\u00f3. En un momento la verdad es que, la m\u00fasica para m\u00ed siempre fue un lenguaje muy natural y muy org\u00e1nico. Yo, si bien me dediqu\u00e9 a modelar, porque se me dio, y despu\u00e9s segu\u00ed por el camino de la actuaci\u00f3n, que era lo que en esa \u00e9poca. Todav\u00eda no hab\u00eda una industria de la m\u00fasica tan desarrollada para las mujeres en Argentina. Pero la m\u00fasica siempre fue un gran amor para m\u00ed, porque encima a m\u00ed me gusta mucho bailar y generar la m\u00fasica y la entiendo mucho, tengo un gusto musical muy amplio. Entonces, la m\u00fasica electr\u00f3nica me gusta desde muy chica, era de ir a festivales de m\u00fasica electr\u00f3nica, de comprender esa m\u00fasica, de honrarla, de consumirla. Y en un momento, un amigo DJ, Miguel Silver, me dijo est\u00e1n buscando una mujer DJ, celebridad. Como que se hab\u00eda puesto un poquito de moda el tema de las mujeres, celebridades, que tambi\u00e9n oficinas de DJ. Y bueno, me junt\u00e9 con \u00e9l, empez\u00f3 a ense\u00f1arme a pasar m\u00fasica, manejar los programas de la m\u00fasica, los distintos tipos de controladores y me fascin\u00f3 el asunto. Esto fue en el 2010, m\u00e1s o menos, y desde ah\u00ed me profesionalic\u00e9 mucho. Yo soy medio nerd cuando algo me gusta, me gusta aprenderlo, por lo menos, a ser profesional, o hacerlo bien.<\/p>\n\n\n\n<p>Entonces empec\u00e9 a estudiar, empec\u00e9 a practicar en casa, me compr\u00e9 mis propias bandejas electr\u00f3nicas, me descarga del programa, lo compr\u00e9, lo instal\u00e9, lo prepar\u00e9, prepar\u00e9 mi campu para eso y la verdad primero empez\u00f3, as\u00ed como algo juego en casa y hasta que me anim\u00e9 a salir a hacerlo. Y desde la primera vez que lo hice, lo disfrut\u00e9 mucho, siento que lo hice bien porque lo hab\u00eda practicado mucho, me lo hab\u00eda tomado muy en serio y entonces pude trabajar un mont\u00f3n haciendo eso.<\/p>\n\n\n\n<p>Lo hice much\u00edsimos a\u00f1os, como diez a\u00f1os, hasta que fui mam\u00e1. Despu\u00e9s, ah\u00ed par\u00e9 un poquito, porque bueno, necesitaba estar tanto trabajando de noche, quise vincularme m\u00e1s con mis rutinas m\u00e1s de madre y estar presente, sobre todo, en el crecimiento de mi peque y dem\u00e1s. Y ahora estoy volvi\u00e9ndolo a hacer porque se est\u00e1 m\u00e1s grande y bueno, la verdad es que este verano punta, toqu\u00e9 un mont\u00f3n y tengo ganas de pasar a otro nivel tambi\u00e9n de poder producir mi m\u00fasica y dem\u00e1s.<\/p>\n\n\n\n<figure class=\"wp-block-gallery has-nested-images columns-default is-cropped wp-block-gallery-1 is-layout-flex wp-block-gallery-is-layout-flex\">\n<figure class=\"wp-block-image size-large\"><img decoding=\"async\" width=\"1066\" height=\"1600\" data-id=\"74868\" data-src=\"https:\/\/www.lasrosas.com.ar\/portal\/wp-content\/uploads\/WhatsApp-Image-2024-01-24-at-14.00.54.jpeg\" alt=\"\" class=\"wp-image-74868 lazyload\" data-srcset=\"https:\/\/www.lasrosas.com.ar\/portal\/wp-content\/uploads\/\/WhatsApp-Image-2024-01-24-at-14.00.54.jpeg 1066w, https:\/\/www.lasrosas.com.ar\/portal\/wp-content\/uploads\/\/WhatsApp-Image-2024-01-24-at-14.00.54-640x960.jpeg 640w, https:\/\/www.lasrosas.com.ar\/portal\/wp-content\/uploads\/\/WhatsApp-Image-2024-01-24-at-14.00.54-1023x1536.jpeg 1023w\" data-sizes=\"(max-width: 1066px) 100vw, 1066px\" src=\"data:image\/svg+xml;base64,PHN2ZyB3aWR0aD0iMSIgaGVpZ2h0PSIxIiB4bWxucz0iaHR0cDovL3d3dy53My5vcmcvMjAwMC9zdmciPjwvc3ZnPg==\" style=\"--smush-placeholder-width: 1066px; --smush-placeholder-aspect-ratio: 1066\/1600;\" \/><\/figure>\n\n\n\n<figure class=\"wp-block-image size-large\"><img decoding=\"async\" width=\"1066\" height=\"1600\" data-id=\"74869\" data-src=\"https:\/\/www.lasrosas.com.ar\/portal\/wp-content\/uploads\/WhatsApp-Image-2024-01-24-at-14.00.53-1.jpeg\" alt=\"\" class=\"wp-image-74869 lazyload\" data-srcset=\"https:\/\/www.lasrosas.com.ar\/portal\/wp-content\/uploads\/\/WhatsApp-Image-2024-01-24-at-14.00.53-1.jpeg 1066w, https:\/\/www.lasrosas.com.ar\/portal\/wp-content\/uploads\/\/WhatsApp-Image-2024-01-24-at-14.00.53-1-640x960.jpeg 640w, https:\/\/www.lasrosas.com.ar\/portal\/wp-content\/uploads\/\/WhatsApp-Image-2024-01-24-at-14.00.53-1-1023x1536.jpeg 1023w\" data-sizes=\"(max-width: 1066px) 100vw, 1066px\" src=\"data:image\/svg+xml;base64,PHN2ZyB3aWR0aD0iMSIgaGVpZ2h0PSIxIiB4bWxucz0iaHR0cDovL3d3dy53My5vcmcvMjAwMC9zdmciPjwvc3ZnPg==\" style=\"--smush-placeholder-width: 1066px; --smush-placeholder-aspect-ratio: 1066\/1600;\" \/><\/figure>\n<\/figure>\n\n\n\n<p><br><strong>3.<\/strong> &nbsp; &nbsp; <strong>\u00bfEs dif\u00edcil introducirse al ambiente de los Disc-jockey?<\/strong><\/p>\n\n\n\n<p>S\u00ed, es dif\u00edcil. Para m\u00ed siempre el ambiente de la m\u00fasica fue un ambiente en general muy masculino, sobre todo desde Argentina. Entonces, cuando yo empec\u00e9 a pasar m\u00fasica hace 10 a\u00f1os siendo mujer y siendo una persona que era la chica de la tele, que act\u00faa y dem\u00e1s, fue derribar un mont\u00f3n de prejuicios absolutamente.<\/p>\n\n\n\n<p>Pero la verdad es que la gente al ver mis performances y gracias al boca en boca fue un poco m\u00e1s simple.<\/p>\n\n\n\n<p>La verdad es que es algo re lindo, es un intercambio muy grande. Pero bueno, s\u00ed es dif\u00edcil hacerse un lugar en el ambiente del Dj, sobre todo para m\u00ed entre los hombres. Los hombres por lo que me he sentido pero un poquito juzgada. Puede ser no solamente por el g\u00e9nero, tambi\u00e9n por mi devenir art\u00edstico, por ser una persona que me dedico a otra cosa, que claramente me conocen por actuar, por venir de otra rama art\u00edstica.<\/p>\n\n\n\n<p>Pero es algo que siempre, siempre ten\u00e9s que seguir construyendo, porque siempre hay gente que no te escuch\u00f3 y que te tiene por la tele, por tu carrera y no por el DJ. Entonces, cuando te va a escuchar, te escucha con perjuicio. Sobre todo, la gente que por ah\u00ed es del medio, del medio del DJ, o los productores, pero no todos.<\/p>\n\n\n\n<p>Conf\u00edo primero en m\u00ed, conf\u00edo tambi\u00e9n en el trabajo que uno le pone a las cosas, en el compromiso, en la exigencia, en la calidad de lo que uno quiere lograr. Y eso es un camino que solito decanta.<\/p>\n\n\n\n<figure class=\"wp-block-gallery has-nested-images columns-default is-cropped wp-block-gallery-2 is-layout-flex wp-block-gallery-is-layout-flex\">\n<figure class=\"wp-block-image size-large\"><img decoding=\"async\" width=\"1066\" height=\"1600\" data-id=\"74881\" data-src=\"https:\/\/www.lasrosas.com.ar\/portal\/wp-content\/uploads\/WhatsApp-Image-2024-01-24-at-14.00.45-1.jpeg\" alt=\"\" class=\"wp-image-74881 lazyload\" data-srcset=\"https:\/\/www.lasrosas.com.ar\/portal\/wp-content\/uploads\/\/WhatsApp-Image-2024-01-24-at-14.00.45-1.jpeg 1066w, https:\/\/www.lasrosas.com.ar\/portal\/wp-content\/uploads\/\/WhatsApp-Image-2024-01-24-at-14.00.45-1-640x960.jpeg 640w, https:\/\/www.lasrosas.com.ar\/portal\/wp-content\/uploads\/\/WhatsApp-Image-2024-01-24-at-14.00.45-1-1023x1536.jpeg 1023w\" data-sizes=\"(max-width: 1066px) 100vw, 1066px\" src=\"data:image\/svg+xml;base64,PHN2ZyB3aWR0aD0iMSIgaGVpZ2h0PSIxIiB4bWxucz0iaHR0cDovL3d3dy53My5vcmcvMjAwMC9zdmciPjwvc3ZnPg==\" style=\"--smush-placeholder-width: 1066px; --smush-placeholder-aspect-ratio: 1066\/1600;\" \/><\/figure>\n\n\n\n<figure class=\"wp-block-image size-large\"><img decoding=\"async\" width=\"1066\" height=\"1600\" data-id=\"74882\" data-src=\"https:\/\/www.lasrosas.com.ar\/portal\/wp-content\/uploads\/WhatsApp-Image-2024-01-24-at-14.00.45.jpeg\" alt=\"\" class=\"wp-image-74882 lazyload\" data-srcset=\"https:\/\/www.lasrosas.com.ar\/portal\/wp-content\/uploads\/\/WhatsApp-Image-2024-01-24-at-14.00.45.jpeg 1066w, https:\/\/www.lasrosas.com.ar\/portal\/wp-content\/uploads\/\/WhatsApp-Image-2024-01-24-at-14.00.45-640x960.jpeg 640w, https:\/\/www.lasrosas.com.ar\/portal\/wp-content\/uploads\/\/WhatsApp-Image-2024-01-24-at-14.00.45-1023x1536.jpeg 1023w\" data-sizes=\"(max-width: 1066px) 100vw, 1066px\" src=\"data:image\/svg+xml;base64,PHN2ZyB3aWR0aD0iMSIgaGVpZ2h0PSIxIiB4bWxucz0iaHR0cDovL3d3dy53My5vcmcvMjAwMC9zdmciPjwvc3ZnPg==\" style=\"--smush-placeholder-width: 1066px; --smush-placeholder-aspect-ratio: 1066\/1600;\" \/><\/figure>\n<\/figure>\n\n\n\n<p><\/p>\n\n\n\n<p><strong>4.<\/strong> \u00a0 \u00a0 <strong>Hablemos de otra faceta tuya \u00bfC\u00f3mo te sentiste haciendo la conducci\u00f3n del programa \u201cResto del Mundo\u201d? \u00bfTe gustar\u00eda volver a hacerlo?<br><br><\/strong>Resto del mundo fue un programa que disfrut\u00e9 much\u00edsimo hacer, siempre fue una gran viajera, me gusta mucho explorar, explorar el mundo, las otras culturas, c\u00f3mo se vive y se es en otras partes, c\u00f3mo es nuestro planeta Tierra. Me interesa mucho tambi\u00e9n la parte de la geograf\u00eda, la naturaleza y la geolog\u00eda, no desde un lado muy nerd, pero digamos, me gusta ver lo que hizo el hombre, las civilizaciones, la historia de los lugares. As\u00ed que para m\u00ed fue algo bastante org\u00e1nico tambi\u00e9n cuando me lleg\u00f3 el proyecto, tambi\u00e9n saben que tengo esta faceta de mucho viaje y de hablar idiomas y creo que lo vieron bastante org\u00e1nico para que yo lo pudiera llevar adelante.<br><br>Lo hice con mucho compromiso, con mucho amor, con un equipo que am\u00e9 mucho, trabajamos dur\u00edsimo, es un programa que se trabaja mucho, muchas horas cuando est\u00e1s de viaje, porque la verdad es que cada tiempo es d\u00f3lar. Sabemos la situaci\u00f3n del pa\u00eds en estos \u00faltimos a\u00f1os y era algo dif\u00edcil, era un compromiso que uno ten\u00eda que asumir, y la verdad es que fue un equipo que lanzamos muy bien juntos, se hizo algo muy hermoso, la gente le encant\u00f3, solo que me lleg\u00f3 en un momento de mi vida de haber sido mam\u00e1 y sab\u00eda que lo pod\u00eda hacer mientras mi hija era chiquita, pero cuando se escolarizara, iba a ser dif\u00edcil de compatibilizar. Yo quer\u00eda vivir la experiencia y siempre ten\u00eda una esperanza de que pudi\u00e9ramos compatibilizarlo, pero es un programa de aire, se emite un programa nuevo todas las semanas, eso requiere que permanezcas afuera generando esos contenidos y no puedas decidir mucho viajar durante las vacaciones y tener programas adelantados, la verdad es que tener que tener una plasticidad que yo no pod\u00eda por el tema de la agenda de mi hija.<br><br>Pero siempre es algo que me qued\u00f3 con mucha experiencia, fueron tres a\u00f1os de much\u00edsima experiencia de hacer un programa as\u00ed, me encantar\u00eda poder, en alg\u00fan momento volver a hacer un formato que se adapte a la mirada m\u00eda de hoy, pero pudiendo seguir cont\u00e1ndole a la gente lo que es el mundo, que me encant\u00f3.<\/p>\n\n\n\n<figure class=\"wp-block-gallery has-nested-images columns-default is-cropped wp-block-gallery-3 is-layout-flex wp-block-gallery-is-layout-flex\">\n<figure class=\"wp-block-image size-large\"><img decoding=\"async\" width=\"1066\" height=\"1600\" data-id=\"74870\" data-src=\"https:\/\/www.lasrosas.com.ar\/portal\/wp-content\/uploads\/WhatsApp-Image-2024-01-24-at-14.00.53.jpeg\" alt=\"\" class=\"wp-image-74870 lazyload\" data-srcset=\"https:\/\/www.lasrosas.com.ar\/portal\/wp-content\/uploads\/\/WhatsApp-Image-2024-01-24-at-14.00.53.jpeg 1066w, https:\/\/www.lasrosas.com.ar\/portal\/wp-content\/uploads\/\/WhatsApp-Image-2024-01-24-at-14.00.53-640x960.jpeg 640w, https:\/\/www.lasrosas.com.ar\/portal\/wp-content\/uploads\/\/WhatsApp-Image-2024-01-24-at-14.00.53-1023x1536.jpeg 1023w\" data-sizes=\"(max-width: 1066px) 100vw, 1066px\" src=\"data:image\/svg+xml;base64,PHN2ZyB3aWR0aD0iMSIgaGVpZ2h0PSIxIiB4bWxucz0iaHR0cDovL3d3dy53My5vcmcvMjAwMC9zdmciPjwvc3ZnPg==\" style=\"--smush-placeholder-width: 1066px; --smush-placeholder-aspect-ratio: 1066\/1600;\" \/><\/figure>\n\n\n\n<figure class=\"wp-block-image size-large\"><img decoding=\"async\" width=\"1066\" height=\"1600\" data-id=\"74871\" data-src=\"https:\/\/www.lasrosas.com.ar\/portal\/wp-content\/uploads\/WhatsApp-Image-2024-01-24-at-14.00.52-2.jpeg\" alt=\"\" class=\"wp-image-74871 lazyload\" data-srcset=\"https:\/\/www.lasrosas.com.ar\/portal\/wp-content\/uploads\/\/WhatsApp-Image-2024-01-24-at-14.00.52-2.jpeg 1066w, https:\/\/www.lasrosas.com.ar\/portal\/wp-content\/uploads\/\/WhatsApp-Image-2024-01-24-at-14.00.52-2-640x960.jpeg 640w, https:\/\/www.lasrosas.com.ar\/portal\/wp-content\/uploads\/\/WhatsApp-Image-2024-01-24-at-14.00.52-2-1023x1536.jpeg 1023w\" data-sizes=\"(max-width: 1066px) 100vw, 1066px\" src=\"data:image\/svg+xml;base64,PHN2ZyB3aWR0aD0iMSIgaGVpZ2h0PSIxIiB4bWxucz0iaHR0cDovL3d3dy53My5vcmcvMjAwMC9zdmciPjwvc3ZnPg==\" style=\"--smush-placeholder-width: 1066px; --smush-placeholder-aspect-ratio: 1066\/1600;\" \/><\/figure>\n\n\n\n<figure class=\"wp-block-image size-large\"><img decoding=\"async\" width=\"1066\" height=\"1600\" data-id=\"74872\" data-src=\"https:\/\/www.lasrosas.com.ar\/portal\/wp-content\/uploads\/WhatsApp-Image-2024-01-24-at-14.00.51-3.jpeg\" alt=\"\" class=\"wp-image-74872 lazyload\" data-srcset=\"https:\/\/www.lasrosas.com.ar\/portal\/wp-content\/uploads\/\/WhatsApp-Image-2024-01-24-at-14.00.51-3.jpeg 1066w, https:\/\/www.lasrosas.com.ar\/portal\/wp-content\/uploads\/\/WhatsApp-Image-2024-01-24-at-14.00.51-3-640x960.jpeg 640w, https:\/\/www.lasrosas.com.ar\/portal\/wp-content\/uploads\/\/WhatsApp-Image-2024-01-24-at-14.00.51-3-1023x1536.jpeg 1023w\" data-sizes=\"(max-width: 1066px) 100vw, 1066px\" src=\"data:image\/svg+xml;base64,PHN2ZyB3aWR0aD0iMSIgaGVpZ2h0PSIxIiB4bWxucz0iaHR0cDovL3d3dy53My5vcmcvMjAwMC9zdmciPjwvc3ZnPg==\" style=\"--smush-placeholder-width: 1066px; --smush-placeholder-aspect-ratio: 1066\/1600;\" \/><\/figure>\n<\/figure>\n\n\n\n<p>\u00a0<\/p>\n\n\n\n<p><strong>5-<\/strong>\u00a0 \u00a0 <strong>Hace muchos a\u00f1os que est\u00e1s en pareja, con una familia consolidada y una hermosa hija de por medio. \u00bfCu\u00e1l es el secreto para sostener tanto tiempo de relaci\u00f3n?<\/strong><br><br>Bueno, las parejas y las familias son un mundo, la verdad es que no creo que lo que pueda decirte resuena en todas las parejas o familias que se conforman, las personas son muy distintas, muy diversas. Pero la verdad es que depende mucho de c\u00f3mo sea la pareja, c\u00f3mo sea uno u otro y c\u00f3mo se forme. Pero, en nuestro caso, fue bastante natural desde el principio, fue bastante natural la qu\u00edmica que tuvimos, las ganas de estar en pareja. Yo creo que son varias cosas. Las ganas de vivir una pareja y de tener una pareja consolidada y una compa\u00f1era de vida, digamos.\u00a0<\/p>\n\n\n\n<p>Nosotros pensamos de esta manera y, aunque las cosas puedan cambiar, reconocemos que las relaciones requieren esfuerzo, especialmente las duraderas. A medida que uno crece y evoluciona, es crucial ser consciente de la vulnerabilidad y la felicidad del otro, comprometi\u00e9ndose a no causar da\u00f1o, ser respetuoso y cuidadoso. En nuestro caso, estas actitudes fueron naturales, compartiendo metas y deseos de construir una pareja s\u00f3lida y formar una familia. Es fundamental tener claridad sobre lo que se quiere en una relaci\u00f3n. En nuestro caso, siempre tuvimos claro nuestro camino y objetivos.<\/p>\n\n\n\n<p>Tambi\u00e9n es muy lindo cada tanto en la vida, hacemos proyectos juntos y pasamos muchas horas juntos por un proyecto, y es hermoso poder nutrirse desde otro espacio y admirarse al otro, porque lo ves, desde otro lado, no solamente compa\u00f1ero, compa\u00f1era de vida o de familia, de crianza. Y bueno, es como que la novedad est\u00e1 buena, embarcarse en cosas distintas a medida que vas pasando los a\u00f1os, puedes llegar a ser un buen secreto para la pareja.<\/p>\n\n\n\n<figure class=\"wp-block-gallery has-nested-images columns-default is-cropped wp-block-gallery-4 is-layout-flex wp-block-gallery-is-layout-flex\">\n<figure class=\"wp-block-image size-large\"><img decoding=\"async\" width=\"1066\" height=\"1600\" data-id=\"74879\" data-src=\"https:\/\/www.lasrosas.com.ar\/portal\/wp-content\/uploads\/WhatsApp-Image-2024-01-24-at-14.00.45-2.jpeg\" alt=\"\" class=\"wp-image-74879 lazyload\" data-srcset=\"https:\/\/www.lasrosas.com.ar\/portal\/wp-content\/uploads\/\/WhatsApp-Image-2024-01-24-at-14.00.45-2.jpeg 1066w, https:\/\/www.lasrosas.com.ar\/portal\/wp-content\/uploads\/\/WhatsApp-Image-2024-01-24-at-14.00.45-2-640x960.jpeg 640w, https:\/\/www.lasrosas.com.ar\/portal\/wp-content\/uploads\/\/WhatsApp-Image-2024-01-24-at-14.00.45-2-1023x1536.jpeg 1023w\" data-sizes=\"(max-width: 1066px) 100vw, 1066px\" src=\"data:image\/svg+xml;base64,PHN2ZyB3aWR0aD0iMSIgaGVpZ2h0PSIxIiB4bWxucz0iaHR0cDovL3d3dy53My5vcmcvMjAwMC9zdmciPjwvc3ZnPg==\" style=\"--smush-placeholder-width: 1066px; --smush-placeholder-aspect-ratio: 1066\/1600;\" \/><\/figure>\n\n\n\n<figure class=\"wp-block-image size-large\"><img decoding=\"async\" width=\"1066\" height=\"1600\" data-id=\"74880\" data-src=\"https:\/\/www.lasrosas.com.ar\/portal\/wp-content\/uploads\/WhatsApp-Image-2024-01-24-at-14.00.43.jpeg\" alt=\"\" class=\"wp-image-74880 lazyload\" data-srcset=\"https:\/\/www.lasrosas.com.ar\/portal\/wp-content\/uploads\/\/WhatsApp-Image-2024-01-24-at-14.00.43.jpeg 1066w, https:\/\/www.lasrosas.com.ar\/portal\/wp-content\/uploads\/\/WhatsApp-Image-2024-01-24-at-14.00.43-640x960.jpeg 640w, https:\/\/www.lasrosas.com.ar\/portal\/wp-content\/uploads\/\/WhatsApp-Image-2024-01-24-at-14.00.43-1023x1536.jpeg 1023w\" data-sizes=\"(max-width: 1066px) 100vw, 1066px\" src=\"data:image\/svg+xml;base64,PHN2ZyB3aWR0aD0iMSIgaGVpZ2h0PSIxIiB4bWxucz0iaHR0cDovL3d3dy53My5vcmcvMjAwMC9zdmciPjwvc3ZnPg==\" style=\"--smush-placeholder-width: 1066px; --smush-placeholder-aspect-ratio: 1066\/1600;\" \/><\/figure>\n<\/figure>\n\n\n\n<p>\u00a0<\/p>\n\n\n\n<p><strong>6-<\/strong>\u00a0 \u00a0 <strong>Ahora que Gina est\u00e1 m\u00e1s grande \u00bfTe cuesta menos su exposici\u00f3n? \u00bfC\u00f3mo lo manejas?<\/strong><\/p>\n\n\n\n<p>Siempre fui muy cuidadosa. Es un fino balance, porque tambi\u00e9n es parte de mi vida, es parte de lo que amo y todo lo que amo es parte de mi vida, sobre todo hoy en d\u00eda con las redes sociales, a veces quiero compartirlo. La cuid\u00e9 much\u00edsimo los primeros a\u00f1os porque era muy chica y no ten\u00eda poder de decisi\u00f3n y siempre fue muy consciente de eso y muy respetuosa de mi hija. Entonces, casi no la expuse. La empec\u00e9 a exponer un poquito m\u00e1s grande cuando ella empez\u00f3 a ser consciente de mi carrera, de mi vida, la de su padre, y que vi que le interesaba, que quer\u00eda que la filme, y a ella le encanta la exposici\u00f3n. Tiene una dicotom\u00eda, tambi\u00e9n le da un poco de timidez, pero es supersensible y se abruma cuando hay muchas personas. Pero algo de eso le gusta y me pide que me pide mucho m\u00e1s ella de lo que yo la muestro. Me dice, por favor, filmame y subir a tus redes. Pero s\u00ed, puede ser que con la edad me haya relajado m\u00e1s los \u00faltimos dos a\u00f1os, ahora tiene siete y ya empez\u00f3 a tener una faceta, digamos una personalidad bien marcada y una seguridad lo convers\u00e9, le explique y ella siempre me dice que le gusta.<\/p>\n\n\n\n<p>Cada cosa que voy a subir ella, primero se la leo, se la muestro y ella me la prueba. Y bueno, ah\u00ed vamos. Pero bueno, a ella le gusta mucho la verdad, es bastante artista. Le gusta mucho lo expresivo desde distintas facetas del arte pl\u00e1stico tambi\u00e9n, desde el canto, la actuaci\u00f3n. Pero s\u00ed tengo claro que va a ser un espacio de estudio mientras sea chica, as\u00ed que no la expondr\u00eda mucho m\u00e1s. As\u00ed que ese es un poco mi camino con ella.\u00a0<\/p>\n\n\n\n<figure class=\"wp-block-gallery has-nested-images columns-default is-cropped wp-block-gallery-5 is-layout-flex wp-block-gallery-is-layout-flex\">\n<figure class=\"wp-block-image size-large\"><img decoding=\"async\" width=\"1066\" height=\"1600\" data-id=\"74873\" data-src=\"https:\/\/www.lasrosas.com.ar\/portal\/wp-content\/uploads\/WhatsApp-Image-2024-01-24-at-14.00.49-1.jpeg\" alt=\"\" class=\"wp-image-74873 lazyload\" data-srcset=\"https:\/\/www.lasrosas.com.ar\/portal\/wp-content\/uploads\/\/WhatsApp-Image-2024-01-24-at-14.00.49-1.jpeg 1066w, https:\/\/www.lasrosas.com.ar\/portal\/wp-content\/uploads\/\/WhatsApp-Image-2024-01-24-at-14.00.49-1-640x960.jpeg 640w, https:\/\/www.lasrosas.com.ar\/portal\/wp-content\/uploads\/\/WhatsApp-Image-2024-01-24-at-14.00.49-1-1023x1536.jpeg 1023w\" data-sizes=\"(max-width: 1066px) 100vw, 1066px\" src=\"data:image\/svg+xml;base64,PHN2ZyB3aWR0aD0iMSIgaGVpZ2h0PSIxIiB4bWxucz0iaHR0cDovL3d3dy53My5vcmcvMjAwMC9zdmciPjwvc3ZnPg==\" style=\"--smush-placeholder-width: 1066px; --smush-placeholder-aspect-ratio: 1066\/1600;\" \/><\/figure>\n\n\n\n<figure class=\"wp-block-image size-large\"><img decoding=\"async\" width=\"1066\" height=\"1600\" data-id=\"74874\" data-src=\"https:\/\/www.lasrosas.com.ar\/portal\/wp-content\/uploads\/WhatsApp-Image-2024-01-24-at-14.00.49.jpeg\" alt=\"\" class=\"wp-image-74874 lazyload\" data-srcset=\"https:\/\/www.lasrosas.com.ar\/portal\/wp-content\/uploads\/\/WhatsApp-Image-2024-01-24-at-14.00.49.jpeg 1066w, https:\/\/www.lasrosas.com.ar\/portal\/wp-content\/uploads\/\/WhatsApp-Image-2024-01-24-at-14.00.49-640x960.jpeg 640w, https:\/\/www.lasrosas.com.ar\/portal\/wp-content\/uploads\/\/WhatsApp-Image-2024-01-24-at-14.00.49-1023x1536.jpeg 1023w\" data-sizes=\"(max-width: 1066px) 100vw, 1066px\" src=\"data:image\/svg+xml;base64,PHN2ZyB3aWR0aD0iMSIgaGVpZ2h0PSIxIiB4bWxucz0iaHR0cDovL3d3dy53My5vcmcvMjAwMC9zdmciPjwvc3ZnPg==\" style=\"--smush-placeholder-width: 1066px; --smush-placeholder-aspect-ratio: 1066\/1600;\" \/><\/figure>\n<\/figure>\n\n\n\n<p><\/p>\n\n\n\n<p><strong>7-<\/strong>\u00a0 \u00a0 <strong>\u00bfQu\u00e9 proyectos nos pod\u00e9s adelantar para este 2024?<\/strong><\/p>\n\n\n\n<p>Este a\u00f1o es un a\u00f1o que me tiene muy motivada, estoy trabajando hace bastante, hace como un tiempito en un proyecto muy autogestionado, muy hermoso. Estoy muy pr\u00f3xima a poder hablar de eso y a poder sacarlo a la luz y mostr\u00e1rselo a las personas. Eso me tiene muy motivada, es un trabajo s\u00faper arduo el que vengo haciendo, de producci\u00f3n, de autogesti\u00f3n, de creatividad. Y no quiero desvelar mucho m\u00e1s hasta que no tenga m\u00e1s claro c\u00f3mo lo voy a hacer, pero ya el proyecto est\u00e1 terminado y eso ya s\u00e9 que es un hecho, horas pasar a la etapa de la estrategia y de los socios aliados que puedan potenciar la expresi\u00f3n de esto y la visibilidad.<\/p>\n\n\n\n<p>As\u00ed que ah\u00ed ser\u00e1 el momento de contarlo, pero estamos ah\u00ed con reuniones s\u00faper importantes y muy contentos por esto, yo y mi equipo de gente que est\u00e1 detr\u00e1s de esto. As\u00ed que muy contenta.<\/p>\n\n\n\n<figure class=\"wp-block-image size-full\"><img decoding=\"async\" width=\"1066\" height=\"1600\" data-src=\"https:\/\/www.lasrosas.com.ar\/portal\/wp-content\/uploads\/WhatsApp-Image-2024-01-24-at-14.00.51.jpeg\" alt=\"\" class=\"wp-image-74875 lazyload\" data-srcset=\"https:\/\/www.lasrosas.com.ar\/portal\/wp-content\/uploads\/\/WhatsApp-Image-2024-01-24-at-14.00.51.jpeg 1066w, https:\/\/www.lasrosas.com.ar\/portal\/wp-content\/uploads\/\/WhatsApp-Image-2024-01-24-at-14.00.51-640x960.jpeg 640w, https:\/\/www.lasrosas.com.ar\/portal\/wp-content\/uploads\/\/WhatsApp-Image-2024-01-24-at-14.00.51-1023x1536.jpeg 1023w\" data-sizes=\"(max-width: 1066px) 100vw, 1066px\" src=\"data:image\/svg+xml;base64,PHN2ZyB3aWR0aD0iMSIgaGVpZ2h0PSIxIiB4bWxucz0iaHR0cDovL3d3dy53My5vcmcvMjAwMC9zdmciPjwvc3ZnPg==\" style=\"--smush-placeholder-width: 1066px; --smush-placeholder-aspect-ratio: 1066\/1600;\" \/><\/figure>\n\n\n\n<p><\/p>\n\n\n\n<p><strong>LOS ELEGIDOS DE EMILIA<\/strong><\/p>\n\n\n\n<ul class=\"wp-block-list\">\n<li>\u00bfLo mejor y lo peor de ser madre? lo mejor de ser madre, el amor incondicional y la energ\u00eda que te dan tus hijos para siempre. Lo peor que se levanten antes que vos y te corten el descanso para ir a preparar el desayuno! &#x1f605;<\/li>\n\n\n\n<li>Si te tuvieras que quedar con alguna de tus profesiones, cual ser\u00eda? Actuar<\/li>\n\n\n\n<li>\u00bfAlgo que amas hacer con toda tu alma? Bailar<\/li>\n\n\n\n<li>Una frase: \u00abAmar es para valientes. El \u00e9xito, tambi\u00e9n\u00bb<\/li>\n\n\n\n<li>Algo que te gustar\u00eda aprender: Artes Marciales<\/li>\n<\/ul>\n\n\n\n<p><strong>PINGPONG:<\/strong><\/p>\n\n\n\n<ul class=\"wp-block-list\">\n<li>\u00bfSer dj o actuar? Actuar<\/li>\n\n\n\n<li>\u00bfViajar o quedarte en casa? Viajar<\/li>\n\n\n\n<li>\u00bfSet de electr\u00f3nica o ser de cachengue ? Electr\u00f3nica<\/li>\n\n\n\n<li>\u00bfAmor o diversi\u00f3n? Amor<\/li>\n\n\n\n<li>\u00bfTacos o zapatillas ? Ambos jaja <\/li>\n<\/ul>\n\n\n\n<figure class=\"wp-block-gallery has-nested-images columns-default is-cropped wp-block-gallery-6 is-layout-flex wp-block-gallery-is-layout-flex\">\n<figure class=\"wp-block-image size-large\"><img decoding=\"async\" width=\"1600\" height=\"1066\" data-id=\"74876\" data-src=\"https:\/\/www.lasrosas.com.ar\/portal\/wp-content\/uploads\/WhatsApp-Image-2024-01-24-at-14.00.46-1.jpeg\" alt=\"\" class=\"wp-image-74876 lazyload\" data-srcset=\"https:\/\/www.lasrosas.com.ar\/portal\/wp-content\/uploads\/\/WhatsApp-Image-2024-01-24-at-14.00.46-1.jpeg 1600w, https:\/\/www.lasrosas.com.ar\/portal\/wp-content\/uploads\/\/WhatsApp-Image-2024-01-24-at-14.00.46-1-960x640.jpeg 960w, https:\/\/www.lasrosas.com.ar\/portal\/wp-content\/uploads\/\/WhatsApp-Image-2024-01-24-at-14.00.46-1-1536x1023.jpeg 1536w\" data-sizes=\"(max-width: 1600px) 100vw, 1600px\" src=\"data:image\/svg+xml;base64,PHN2ZyB3aWR0aD0iMSIgaGVpZ2h0PSIxIiB4bWxucz0iaHR0cDovL3d3dy53My5vcmcvMjAwMC9zdmciPjwvc3ZnPg==\" style=\"--smush-placeholder-width: 1600px; --smush-placeholder-aspect-ratio: 1600\/1066;\" \/><\/figure>\n<\/figure>\n\n\n\n<p><strong>Cr\u00e9ditos<\/strong>:<\/p>\n\n\n\n<p>Producci\u00f3n y Styling: Nicolas Pesce Freijo&nbsp;<a href=\"https:\/\/www.instagram.com\/nicofreijo\/\">@nicofreijo<\/a><br>Fotografiado por: Diego itu\u00f1os&nbsp;<a href=\"https:\/\/www.instagram.com\/diegoituno\/\">@diegoituno<\/a><br>Modelo Emilia Attias para Multitalen<br>Locaccion Punta del este Urguay<br>Total Look Osklen x Oskar Metsavaht&nbsp;<a href=\"https:\/\/www.instagram.com\/OSKLEN\/\">@OSKLEN<\/a><\/p>\n<!-- AddThis Advanced Settings generic via filter on the_content --><!-- AddThis Share Buttons generic via filter on the_content -->","protected":false},"excerpt":{"rendered":"<p>Mar\u00eda Emilia Attias, es una reconocida actriz, conductora, DJ y modelo argentina, que ha forjado una carrera vers\u00e1til con destacadas participaciones en ficciones&nbsp; como \u00abCasi \u00c1ngeles\u00bb e \u00abHistorias de Div\u00e1n\u00bb, entre otras. En su rol como conductora, lider\u00f3 el programa televisivo \u00abResto del Mundo\u00bb. En esta entrevista exclusiva con Las Rosas, comparte detalles sobre sus [&hellip;]<!-- AddThis Advanced Settings generic via filter on get_the_excerpt --><!-- AddThis Share Buttons generic via filter on get_the_excerpt --><\/p>\n","protected":false},"author":6,"featured_media":74877,"comment_status":"closed","ping_status":"open","sticky":false,"template":"","format":"standard","meta":{"_acf_changed":false,"om_disable_all_campaigns":false,"_monsterinsights_skip_tracking":false,"_monsterinsights_sitenote_active":false,"_monsterinsights_sitenote_note":"","_monsterinsights_sitenote_category":0,"_uf_show_specific_survey":0,"_uf_disable_surveys":false,"footnotes":""},"categories":[236,234,29,100,38],"tags":[441,442],"class_list":["post-74865","post","type-post","status-publish","format-standard","has-post-thumbnail","hentry","category-cover-tapa","category-trend","category-revista","category-noticias","category-entrevistas","tag-covergirl","tag-emilia-attias"],"acf":[],"aioseo_notices":[],"_links":{"self":[{"href":"https:\/\/www.lasrosas.com.ar\/portal\/wp-json\/wp\/v2\/posts\/74865","targetHints":{"allow":["GET"]}}],"collection":[{"href":"https:\/\/www.lasrosas.com.ar\/portal\/wp-json\/wp\/v2\/posts"}],"about":[{"href":"https:\/\/www.lasrosas.com.ar\/portal\/wp-json\/wp\/v2\/types\/post"}],"author":[{"embeddable":true,"href":"https:\/\/www.lasrosas.com.ar\/portal\/wp-json\/wp\/v2\/users\/6"}],"replies":[{"embeddable":true,"href":"https:\/\/www.lasrosas.com.ar\/portal\/wp-json\/wp\/v2\/comments?post=74865"}],"version-history":[{"count":3,"href":"https:\/\/www.lasrosas.com.ar\/portal\/wp-json\/wp\/v2\/posts\/74865\/revisions"}],"predecessor-version":[{"id":75082,"href":"https:\/\/www.lasrosas.com.ar\/portal\/wp-json\/wp\/v2\/posts\/74865\/revisions\/75082"}],"wp:featuredmedia":[{"embeddable":true,"href":"https:\/\/www.lasrosas.com.ar\/portal\/wp-json\/wp\/v2\/media\/74877"}],"wp:attachment":[{"href":"https:\/\/www.lasrosas.com.ar\/portal\/wp-json\/wp\/v2\/media?parent=74865"}],"wp:term":[{"taxonomy":"category","embeddable":true,"href":"https:\/\/www.lasrosas.com.ar\/portal\/wp-json\/wp\/v2\/categories?post=74865"},{"taxonomy":"post_tag","embeddable":true,"href":"https:\/\/www.lasrosas.com.ar\/portal\/wp-json\/wp\/v2\/tags?post=74865"}],"curies":[{"name":"wp","href":"https:\/\/api.w.org\/{rel}","templated":true}]}}