{"id":74810,"date":"2024-01-22T16:29:10","date_gmt":"2024-01-22T19:29:10","guid":{"rendered":"https:\/\/www.lasrosas.com.ar\/portal\/?p=74810"},"modified":"2024-01-22T16:32:59","modified_gmt":"2024-01-22T19:32:59","slug":"estilo-bajo-el-sol-los-accesorios-imprescindibles-para-este-verano","status":"publish","type":"post","link":"https:\/\/www.lasrosas.com.ar\/portal\/estilo-bajo-el-sol-los-accesorios-imprescindibles-para-este-verano\/","title":{"rendered":"ESTILO BAJO EL SOL: LOS ACCESORIOS IMPRESCINDIBLES PARA ESTE VERANO"},"content":{"rendered":"\n<p>Con la llegada del verano, las tendencias en accesorios se renuevan y\u00a0<strong>Kevingston<\/strong>,<strong><em>\u00a0la marca de indumentaria nacional que conquista miles de argentinos cada temporada,<\/em><\/strong>\u00a0ofrece\u00a0a los amantes de la moda una amplia variedad de opciones para complementar cada outfit.<\/p>\n\n\n\n<p>Los protagonistas ser\u00e1n las ri\u00f1oneras, sandalias, gorras y el infaltable de todos los a\u00f1os, unos buenos anteojos. Hoy te mostramos cu\u00e1les son los accesorios m\u00e1s fashionistas que se van a estar usando esta temporada:<\/p>\n\n\n\n<p>Una opci\u00f3n que se viene para complementar cualquier look son las ri\u00f1oneras. Son ideales para moverse livianos y c\u00f3modos. Un tip: \u00a1que sumen pero no que sobrecarguen el look! Uno de los modelos m\u00e1s elegidos este verano, es Baku, que tiene varios bolsillos para llevar tus cosas s\u00faper organizadas.<\/p>\n\n\n\n<div style=\"height:39px\" aria-hidden=\"true\" class=\"wp-block-spacer\"><\/div>\n\n\n\n<figure class=\"wp-block-gallery has-nested-images columns-default is-cropped wp-block-gallery-1 is-layout-flex wp-block-gallery-is-layout-flex\">\n<figure class=\"wp-block-image size-large\"><img decoding=\"async\" width=\"1920\" height=\"1920\" data-id=\"74822\" data-src=\"https:\/\/www.lasrosas.com.ar\/portal\/wp-content\/uploads\/M8653080_2-1920x1920.jpg\" alt=\"\" class=\"wp-image-74822 lazyload\" data-srcset=\"https:\/\/www.lasrosas.com.ar\/portal\/wp-content\/uploads\/\/M8653080_2-1920x1920.jpg 1920w, https:\/\/www.lasrosas.com.ar\/portal\/wp-content\/uploads\/\/M8653080_2-960x960.jpg 960w, https:\/\/www.lasrosas.com.ar\/portal\/wp-content\/uploads\/\/M8653080_2-1536x1536.jpg 1536w, https:\/\/www.lasrosas.com.ar\/portal\/wp-content\/uploads\/\/M8653080_2.jpg 2048w\" data-sizes=\"(max-width: 1920px) 100vw, 1920px\" src=\"data:image\/svg+xml;base64,PHN2ZyB3aWR0aD0iMSIgaGVpZ2h0PSIxIiB4bWxucz0iaHR0cDovL3d3dy53My5vcmcvMjAwMC9zdmciPjwvc3ZnPg==\" style=\"--smush-placeholder-width: 1920px; --smush-placeholder-aspect-ratio: 1920\/1920;\" \/><\/figure>\n<\/figure>\n\n\n\n<div style=\"height:40px\" aria-hidden=\"true\" class=\"wp-block-spacer\"><\/div>\n\n\n\n<p>Por otro lado, est\u00e1n las gafas de sol. Aunque su funci\u00f3n principal es la de proteger los ojos de la<br>luz solar, funcionan como el mejor aliado de los estilismos de cualquier temporada del a\u00f1o. Vienen en distintos colores, formatos, para que cada persona elija el que considere m\u00e1s acorde a su rostro, y obvio, a sus gustos.<\/p>\n\n\n\n<div style=\"height:38px\" aria-hidden=\"true\" class=\"wp-block-spacer\"><\/div>\n\n\n\n<figure class=\"wp-block-gallery has-nested-images columns-default is-cropped wp-block-gallery-2 is-layout-flex wp-block-gallery-is-layout-flex\">\n<figure class=\"wp-block-image size-large\"><img decoding=\"async\" width=\"1920\" height=\"1920\" data-id=\"74813\" data-src=\"https:\/\/www.lasrosas.com.ar\/portal\/wp-content\/uploads\/08L62908_2-1920x1920.jpg\" alt=\"\" class=\"wp-image-74813 lazyload\" data-srcset=\"https:\/\/www.lasrosas.com.ar\/portal\/wp-content\/uploads\/\/08L62908_2-1920x1920.jpg 1920w, https:\/\/www.lasrosas.com.ar\/portal\/wp-content\/uploads\/\/08L62908_2-960x960.jpg 960w, https:\/\/www.lasrosas.com.ar\/portal\/wp-content\/uploads\/\/08L62908_2-1536x1536.jpg 1536w, https:\/\/www.lasrosas.com.ar\/portal\/wp-content\/uploads\/\/08L62908_2-scaled.jpg 2048w\" data-sizes=\"(max-width: 1920px) 100vw, 1920px\" src=\"data:image\/svg+xml;base64,PHN2ZyB3aWR0aD0iMSIgaGVpZ2h0PSIxIiB4bWxucz0iaHR0cDovL3d3dy53My5vcmcvMjAwMC9zdmciPjwvc3ZnPg==\" style=\"--smush-placeholder-width: 1920px; --smush-placeholder-aspect-ratio: 1920\/1920;\" \/><\/figure>\n\n\n\n<figure class=\"wp-block-image size-large\"><img decoding=\"async\" width=\"1920\" height=\"1920\" data-id=\"74812\" data-src=\"https:\/\/www.lasrosas.com.ar\/portal\/wp-content\/uploads\/084B9902_4-1920x1920.jpg\" alt=\"\" class=\"wp-image-74812 lazyload\" data-srcset=\"https:\/\/www.lasrosas.com.ar\/portal\/wp-content\/uploads\/\/084B9902_4-1920x1920.jpg 1920w, https:\/\/www.lasrosas.com.ar\/portal\/wp-content\/uploads\/\/084B9902_4-960x960.jpg 960w, https:\/\/www.lasrosas.com.ar\/portal\/wp-content\/uploads\/\/084B9902_4-1536x1536.jpg 1536w, https:\/\/www.lasrosas.com.ar\/portal\/wp-content\/uploads\/\/084B9902_4-scaled.jpg 2048w\" data-sizes=\"(max-width: 1920px) 100vw, 1920px\" src=\"data:image\/svg+xml;base64,PHN2ZyB3aWR0aD0iMSIgaGVpZ2h0PSIxIiB4bWxucz0iaHR0cDovL3d3dy53My5vcmcvMjAwMC9zdmciPjwvc3ZnPg==\" style=\"--smush-placeholder-width: 1920px; --smush-placeholder-aspect-ratio: 1920\/1920;\" \/><\/figure>\n<\/figure>\n\n\n\n<div style=\"height:39px\" aria-hidden=\"true\" class=\"wp-block-spacer\"><\/div>\n\n\n\n<p>Los accesorios para la cabeza son un \u00edtem clave para el verano. Las gorras son elegidas tanto por j\u00f3venes como por adultos, y son el complemento perfecto para elevar cualquier look y darle un toque cool a los outfits playeros y urbanos. Adem\u00e1s, tambi\u00e9n sirven para protegernos del sol. Kevingston cuenta con una gran variedad de productos: gorras simples, con estampas, pilusos y sombreros m\u00e1s cl\u00e1sicos.<\/p>\n\n\n\n<div style=\"height:39px\" aria-hidden=\"true\" class=\"wp-block-spacer\"><\/div>\n\n\n\n<figure class=\"wp-block-gallery has-nested-images columns-default is-cropped wp-block-gallery-3 is-layout-flex wp-block-gallery-is-layout-flex\">\n<figure class=\"wp-block-image size-large\"><img decoding=\"async\" width=\"1920\" height=\"1920\" data-id=\"74815\" data-src=\"https:\/\/www.lasrosas.com.ar\/portal\/wp-content\/uploads\/085Q2010_1-1-1920x1920.jpg\" alt=\"\" class=\"wp-image-74815 lazyload\" data-srcset=\"https:\/\/www.lasrosas.com.ar\/portal\/wp-content\/uploads\/\/085Q2010_1-1-1920x1920.jpg 1920w, https:\/\/www.lasrosas.com.ar\/portal\/wp-content\/uploads\/\/085Q2010_1-1-960x960.jpg 960w, https:\/\/www.lasrosas.com.ar\/portal\/wp-content\/uploads\/\/085Q2010_1-1-1536x1536.jpg 1536w, https:\/\/www.lasrosas.com.ar\/portal\/wp-content\/uploads\/\/085Q2010_1-1-scaled.jpg 2048w\" data-sizes=\"(max-width: 1920px) 100vw, 1920px\" src=\"data:image\/svg+xml;base64,PHN2ZyB3aWR0aD0iMSIgaGVpZ2h0PSIxIiB4bWxucz0iaHR0cDovL3d3dy53My5vcmcvMjAwMC9zdmciPjwvc3ZnPg==\" style=\"--smush-placeholder-width: 1920px; --smush-placeholder-aspect-ratio: 1920\/1920;\" \/><\/figure>\n<\/figure>\n\n\n\n<div style=\"height:45px\" aria-hidden=\"true\" class=\"wp-block-spacer\"><\/div>\n\n\n\n<p>Por \u00faltimo, una tendencia que pisa fuerte son las sandalias masculinas. Las Gary de Kevingston son<br>el calzado m\u00e1s trendy de la temporada. Son c\u00f3modas, frescas y s\u00faper cancheras. Tambi\u00e9n hay opciones para que las mujeres se movilicen c\u00f3modas y bellas.<\/p>\n\n\n\n<div style=\"height:40px\" aria-hidden=\"true\" class=\"wp-block-spacer\"><\/div>\n\n\n\n<figure class=\"wp-block-gallery has-nested-images columns-default is-cropped wp-block-gallery-4 is-layout-flex wp-block-gallery-is-layout-flex\">\n<figure class=\"wp-block-image size-large\"><img decoding=\"async\" width=\"1920\" height=\"1920\" data-id=\"74816\" data-src=\"https:\/\/www.lasrosas.com.ar\/portal\/wp-content\/uploads\/08ZD1079_4-1920x1920.jpg\" alt=\"\" class=\"wp-image-74816 lazyload\" data-srcset=\"https:\/\/www.lasrosas.com.ar\/portal\/wp-content\/uploads\/\/08ZD1079_4-1920x1920.jpg 1920w, https:\/\/www.lasrosas.com.ar\/portal\/wp-content\/uploads\/\/08ZD1079_4-960x960.jpg 960w, https:\/\/www.lasrosas.com.ar\/portal\/wp-content\/uploads\/\/08ZD1079_4-1536x1536.jpg 1536w, https:\/\/www.lasrosas.com.ar\/portal\/wp-content\/uploads\/\/08ZD1079_4-scaled.jpg 2048w\" data-sizes=\"(max-width: 1920px) 100vw, 1920px\" src=\"data:image\/svg+xml;base64,PHN2ZyB3aWR0aD0iMSIgaGVpZ2h0PSIxIiB4bWxucz0iaHR0cDovL3d3dy53My5vcmcvMjAwMC9zdmciPjwvc3ZnPg==\" style=\"--smush-placeholder-width: 1920px; --smush-placeholder-aspect-ratio: 1920\/1920;\" \/><\/figure>\n\n\n\n<figure class=\"wp-block-image size-large\"><img decoding=\"async\" width=\"1920\" height=\"1920\" data-id=\"74817\" data-src=\"https:\/\/www.lasrosas.com.ar\/portal\/wp-content\/uploads\/08ZD1079_5-1920x1920.jpg\" alt=\"\" class=\"wp-image-74817 lazyload\" data-srcset=\"https:\/\/www.lasrosas.com.ar\/portal\/wp-content\/uploads\/\/08ZD1079_5-1920x1920.jpg 1920w, https:\/\/www.lasrosas.com.ar\/portal\/wp-content\/uploads\/\/08ZD1079_5-960x960.jpg 960w, https:\/\/www.lasrosas.com.ar\/portal\/wp-content\/uploads\/\/08ZD1079_5-1536x1536.jpg 1536w, https:\/\/www.lasrosas.com.ar\/portal\/wp-content\/uploads\/\/08ZD1079_5-scaled.jpg 2048w\" data-sizes=\"(max-width: 1920px) 100vw, 1920px\" src=\"data:image\/svg+xml;base64,PHN2ZyB3aWR0aD0iMSIgaGVpZ2h0PSIxIiB4bWxucz0iaHR0cDovL3d3dy53My5vcmcvMjAwMC9zdmciPjwvc3ZnPg==\" style=\"--smush-placeholder-width: 1920px; --smush-placeholder-aspect-ratio: 1920\/1920;\" \/><\/figure>\n<\/figure>\n\n\n\n<div style=\"height:40px\" aria-hidden=\"true\" class=\"wp-block-spacer\"><\/div>\n\n\n\n<p>Con 34 a\u00f1os de trayectoria en el mercado, Kevingston junto a su colecci\u00f3n de verano, tiene todo lo que necesitas para lucir a la moda y sentirte fresco y canchero durante estos d\u00edas.<\/p>\n\n\n\n<p><strong>Acerca de Kevingston<\/strong><br>Empresa de indumentaria masculina, femenina y adolescente. Cuenta con m\u00e1s de 150 locales en<br>Argentina y fuera del pa\u00eds. Su est\u00e9tica tradicional, cl\u00e1sica, con detalles de inspiraci\u00f3n en el Polo y<br>Rugby argentino, fueron los valores que cautivaron desde sus inicios en 1989, a sus clientes. Los<br>materiales nobles de las prendas, su calidad y atenci\u00f3n familiar instaban a los clientes a volver. En los<br>\u00faltimos a\u00f1os, la marca se sigui\u00f3 actualizando, e incorpor\u00f3 nuevas propuestas, proyectos y una mirada<\/p>\n\n\n\n<p>m\u00e1s contempor\u00e1nea, dotada de innovaci\u00f3n, que hoy hace que KEVINGSTON se consolide como la<br>marca con mayor trayectoria nacional.<\/p>\n\n\n\n<p>P\u00e1gina Web: https:\/\/www.kevingston.com\/ <\/p>\n<!-- AddThis Advanced Settings generic via filter on the_content --><!-- AddThis Share Buttons generic via filter on the_content -->","protected":false},"excerpt":{"rendered":"<p>Con la llegada del verano, las tendencias en accesorios se renuevan y\u00a0Kevingston,\u00a0la marca de indumentaria nacional que conquista miles de argentinos cada temporada,\u00a0ofrece\u00a0a los amantes de la moda una amplia variedad de opciones para complementar cada outfit. Los protagonistas ser\u00e1n las ri\u00f1oneras, sandalias, gorras y el infaltable de todos los a\u00f1os, unos buenos anteojos. Hoy [&hellip;]<!-- AddThis Advanced Settings generic via filter on get_the_excerpt --><!-- AddThis Share Buttons generic via filter on get_the_excerpt --><\/p>\n","protected":false},"author":6,"featured_media":74818,"comment_status":"closed","ping_status":"open","sticky":false,"template":"","format":"standard","meta":{"_acf_changed":false,"om_disable_all_campaigns":false,"_monsterinsights_skip_tracking":false,"_monsterinsights_sitenote_active":false,"_monsterinsights_sitenote_note":"","_monsterinsights_sitenote_category":0,"_uf_show_specific_survey":0,"_uf_disable_surveys":false,"footnotes":""},"categories":[30],"tags":[],"class_list":["post-74810","post","type-post","status-publish","format-standard","has-post-thumbnail","hentry","category-moda"],"acf":[],"aioseo_notices":[],"_links":{"self":[{"href":"https:\/\/www.lasrosas.com.ar\/portal\/wp-json\/wp\/v2\/posts\/74810","targetHints":{"allow":["GET"]}}],"collection":[{"href":"https:\/\/www.lasrosas.com.ar\/portal\/wp-json\/wp\/v2\/posts"}],"about":[{"href":"https:\/\/www.lasrosas.com.ar\/portal\/wp-json\/wp\/v2\/types\/post"}],"author":[{"embeddable":true,"href":"https:\/\/www.lasrosas.com.ar\/portal\/wp-json\/wp\/v2\/users\/6"}],"replies":[{"embeddable":true,"href":"https:\/\/www.lasrosas.com.ar\/portal\/wp-json\/wp\/v2\/comments?post=74810"}],"version-history":[{"count":3,"href":"https:\/\/www.lasrosas.com.ar\/portal\/wp-json\/wp\/v2\/posts\/74810\/revisions"}],"predecessor-version":[{"id":74825,"href":"https:\/\/www.lasrosas.com.ar\/portal\/wp-json\/wp\/v2\/posts\/74810\/revisions\/74825"}],"wp:featuredmedia":[{"embeddable":true,"href":"https:\/\/www.lasrosas.com.ar\/portal\/wp-json\/wp\/v2\/media\/74818"}],"wp:attachment":[{"href":"https:\/\/www.lasrosas.com.ar\/portal\/wp-json\/wp\/v2\/media?parent=74810"}],"wp:term":[{"taxonomy":"category","embeddable":true,"href":"https:\/\/www.lasrosas.com.ar\/portal\/wp-json\/wp\/v2\/categories?post=74810"},{"taxonomy":"post_tag","embeddable":true,"href":"https:\/\/www.lasrosas.com.ar\/portal\/wp-json\/wp\/v2\/tags?post=74810"}],"curies":[{"name":"wp","href":"https:\/\/api.w.org\/{rel}","templated":true}]}}