{"id":74798,"date":"2024-01-22T16:14:25","date_gmt":"2024-01-22T19:14:25","guid":{"rendered":"https:\/\/www.lasrosas.com.ar\/portal\/?p=74798"},"modified":"2024-01-22T16:21:34","modified_gmt":"2024-01-22T19:21:34","slug":"en-un-contexto-desafiante-los-argentinos-priorizan-las-experiencias-que-les-generan-bienestar","status":"publish","type":"post","link":"https:\/\/www.lasrosas.com.ar\/portal\/en-un-contexto-desafiante-los-argentinos-priorizan-las-experiencias-que-les-generan-bienestar\/","title":{"rendered":"EN UN CONTEXTO DESAFIANTE, LOS ARGENTINOS PRIORIZAN LAS EXPERIENCIAS QUE LES GENERAN BIENESTAR"},"content":{"rendered":"\n<p class=\"has-text-align-left\"><strong><em>Hoy, el estado de \u00e1nimo social est\u00e1 marcado por darle un valor a\u00fan m\u00e1s importante a aquellas cosas que les generan placer. Qu\u00e9 buscan y priorizan en sus decisiones de consumo.<\/em><\/strong><\/p>\n\n\n\n<p>Estudios recientes aseguran que el estado de \u00e1nimo social est\u00e1 marcado por darle un valor a\u00fan m\u00e1s importante a aquellas cosas que generen bienestar y placer. Producto de un contexto desafiante, las personas buscan desconectar, autoregalarse y autocuidarse; y el bienestar se volvi\u00f3 un capital invaluable, y su b\u00fasqueda, uno de los principales motores del consumo de los argentinos.<\/p>\n\n\n\n<p>La construcci\u00f3n de \u201cburbujas de bienestar\u201d contrarresta las sensaciones de des\u00e1nimo y p\u00e9rdida de<br>sentido, persiguiendo experiencias y bienes que generan satisfacci\u00f3n, momentos de encuentro y de<br>desconexi\u00f3n. En el plano del consumo, esto se refleja en una tendencia a invertir en entretenimiento,<br>salidas a comer, escapadas o vacaciones, y hasta cosm\u00e9ticos y productos de belleza. En estos<br>momentos darnos gustos no tiene precio y se ha convertido en una necesidad. A trav\u00e9s de la<br>sensorialidad y de momentos de disfrute, las personas pueden volver a conectarse consigo mismas,<br>salir de la inercia, y reencontrarse con lo esencial.<\/p>\n\n\n\n<p>En l\u00ednea con esto, <strong>Natura <\/strong>impulsa desde sus or\u00edgenes el \u201cbien estar bien\u201d y cree que ese bienestar<br>tiene el potencial de transformar a las personas y c\u00f3mo nos relacionamos con los otros y con el<br>mundo. <strong>As\u00ed la marca lleg\u00f3 a Pinamar con la propuesta de un espacio integral que invita a conectar<br>con el disfrute y con el autocuidado; algo que las personas est\u00e1n pidiendo e incluso buscando.<\/strong><\/p>\n\n\n\n<div style=\"height:35px\" aria-hidden=\"true\" class=\"wp-block-spacer\"><\/div>\n\n\n\n<figure class=\"wp-block-gallery has-nested-images columns-default is-cropped wp-block-gallery-1 is-layout-flex wp-block-gallery-is-layout-flex\">\n<figure class=\"wp-block-image size-large\"><img decoding=\"async\" width=\"1920\" height=\"1283\" data-id=\"74799\" data-src=\"https:\/\/www.lasrosas.com.ar\/portal\/wp-content\/uploads\/DSC04675-1920x1283.jpg\" alt=\"\" class=\"wp-image-74799 lazyload\" data-srcset=\"https:\/\/www.lasrosas.com.ar\/portal\/wp-content\/uploads\/\/DSC04675-1920x1283.jpg 1920w, https:\/\/www.lasrosas.com.ar\/portal\/wp-content\/uploads\/\/DSC04675-960x641.jpg 960w, https:\/\/www.lasrosas.com.ar\/portal\/wp-content\/uploads\/\/DSC04675-1536x1026.jpg 1536w, https:\/\/www.lasrosas.com.ar\/portal\/wp-content\/uploads\/\/DSC04675-scaled.jpg 2048w\" data-sizes=\"(max-width: 1920px) 100vw, 1920px\" src=\"data:image\/svg+xml;base64,PHN2ZyB3aWR0aD0iMSIgaGVpZ2h0PSIxIiB4bWxucz0iaHR0cDovL3d3dy53My5vcmcvMjAwMC9zdmciPjwvc3ZnPg==\" style=\"--smush-placeholder-width: 1920px; --smush-placeholder-aspect-ratio: 1920\/1283;\" \/><\/figure>\n\n\n\n<figure class=\"wp-block-image size-large\"><img decoding=\"async\" width=\"1920\" height=\"1280\" data-id=\"74801\" data-src=\"https:\/\/www.lasrosas.com.ar\/portal\/wp-content\/uploads\/DSC09769-1920x1280.jpg\" alt=\"\" class=\"wp-image-74801 lazyload\" data-srcset=\"https:\/\/www.lasrosas.com.ar\/portal\/wp-content\/uploads\/DSC09769-1920x1280.jpg 1920w, https:\/\/www.lasrosas.com.ar\/portal\/wp-content\/uploads\/DSC09769-960x640.jpg 960w, https:\/\/www.lasrosas.com.ar\/portal\/wp-content\/uploads\/DSC09769-1536x1024.jpg 1536w, https:\/\/www.lasrosas.com.ar\/portal\/wp-content\/uploads\/DSC09769-scaled.jpg 2048w\" data-sizes=\"(max-width: 1920px) 100vw, 1920px\" src=\"data:image\/svg+xml;base64,PHN2ZyB3aWR0aD0iMSIgaGVpZ2h0PSIxIiB4bWxucz0iaHR0cDovL3d3dy53My5vcmcvMjAwMC9zdmciPjwvc3ZnPg==\" style=\"--smush-placeholder-width: 1920px; --smush-placeholder-aspect-ratio: 1920\/1280;\" \/><\/figure>\n<\/figure>\n\n\n\n<div style=\"height:38px\" aria-hidden=\"true\" class=\"wp-block-spacer\"><\/div>\n\n\n\n<p><strong>El Espacio Natura est\u00e1 presente en Pinamar del 12 al 29 de enero en el parador Salvador Gaviota,<\/strong><br>invitando a las personas a sentir el bienestar e impulsar el autocuidado durante este verano. Es una<br>experiencia totalmente gratis e integral: incluye propuestas para las categor\u00edas de rostro, pelo y<br>cuerpo: desde masajes de manos, rutinas de cuidado para la piel, peinados ideales para la playa y<br>hasta un espacio de relajaci\u00f3n y desconexi\u00f3n.<\/p>\n\n\n\n<p>Adem\u00e1s, la marca de cosm\u00e9tica que ya lleva 30 a\u00f1os en el pa\u00eds, invita a quienes se acerquen, a<br>contribuir para que los residuos del verano no lleguen al mar, en l\u00ednea con su compromiso en pos de<br>la circularidad y la generaci\u00f3n de impacto positivo. En la estaci\u00f3n de reciclaje \u201cM\u00e1s belleza, menos<br>residuos\u201d cuenta con una recicleta; una bicicleta trituradora de tapitas de pl\u00e1stico que le va a dar una<br>nueva vida \u00fatil a los residuos. Todo lo recopilado ser\u00e1 donado a la cooperativa local \u201cReciclando a<br>conciencia\u201d para su reutilizaci\u00f3n.<\/p>\n\n\n\n<div style=\"height:36px\" aria-hidden=\"true\" class=\"wp-block-spacer\"><\/div>\n\n\n\n<figure class=\"wp-block-gallery has-nested-images columns-default is-cropped wp-block-gallery-2 is-layout-flex wp-block-gallery-is-layout-flex\">\n<figure class=\"wp-block-image size-large\"><img decoding=\"async\" width=\"1280\" height=\"1920\" data-id=\"74802\" data-src=\"https:\/\/www.lasrosas.com.ar\/portal\/wp-content\/uploads\/DSC00155-1280x1920.jpg\" alt=\"\" class=\"wp-image-74802 lazyload\" data-srcset=\"https:\/\/www.lasrosas.com.ar\/portal\/wp-content\/uploads\/DSC00155-1280x1920.jpg 1280w, https:\/\/www.lasrosas.com.ar\/portal\/wp-content\/uploads\/DSC00155-640x960.jpg 640w, https:\/\/www.lasrosas.com.ar\/portal\/wp-content\/uploads\/DSC00155-1024x1536.jpg 1024w, https:\/\/www.lasrosas.com.ar\/portal\/wp-content\/uploads\/DSC00155-scaled.jpg 1365w\" data-sizes=\"(max-width: 1280px) 100vw, 1280px\" src=\"data:image\/svg+xml;base64,PHN2ZyB3aWR0aD0iMSIgaGVpZ2h0PSIxIiB4bWxucz0iaHR0cDovL3d3dy53My5vcmcvMjAwMC9zdmciPjwvc3ZnPg==\" style=\"--smush-placeholder-width: 1280px; --smush-placeholder-aspect-ratio: 1280\/1920;\" \/><\/figure>\n\n\n\n<figure class=\"wp-block-image size-large\"><img decoding=\"async\" width=\"1280\" height=\"1920\" data-id=\"74803\" data-src=\"https:\/\/www.lasrosas.com.ar\/portal\/wp-content\/uploads\/DSC00261-1280x1920.jpg\" alt=\"\" class=\"wp-image-74803 lazyload\" data-srcset=\"https:\/\/www.lasrosas.com.ar\/portal\/wp-content\/uploads\/DSC00261-1280x1920.jpg 1280w, https:\/\/www.lasrosas.com.ar\/portal\/wp-content\/uploads\/DSC00261-640x960.jpg 640w, https:\/\/www.lasrosas.com.ar\/portal\/wp-content\/uploads\/DSC00261-1024x1536.jpg 1024w, https:\/\/www.lasrosas.com.ar\/portal\/wp-content\/uploads\/DSC00261-scaled.jpg 1365w\" data-sizes=\"(max-width: 1280px) 100vw, 1280px\" src=\"data:image\/svg+xml;base64,PHN2ZyB3aWR0aD0iMSIgaGVpZ2h0PSIxIiB4bWxucz0iaHR0cDovL3d3dy53My5vcmcvMjAwMC9zdmciPjwvc3ZnPg==\" style=\"--smush-placeholder-width: 1280px; --smush-placeholder-aspect-ratio: 1280\/1920;\" \/><\/figure>\n\n\n\n<figure class=\"wp-block-image size-large\"><img decoding=\"async\" width=\"1280\" height=\"1920\" data-id=\"74805\" data-src=\"https:\/\/www.lasrosas.com.ar\/portal\/wp-content\/uploads\/DSC00348-1-1280x1920.jpg\" alt=\"\" class=\"wp-image-74805 lazyload\" data-srcset=\"https:\/\/www.lasrosas.com.ar\/portal\/wp-content\/uploads\/DSC00348-1-1280x1920.jpg 1280w, https:\/\/www.lasrosas.com.ar\/portal\/wp-content\/uploads\/DSC00348-1-640x960.jpg 640w, https:\/\/www.lasrosas.com.ar\/portal\/wp-content\/uploads\/DSC00348-1-1024x1536.jpg 1024w, https:\/\/www.lasrosas.com.ar\/portal\/wp-content\/uploads\/DSC00348-1-scaled.jpg 1365w\" data-sizes=\"(max-width: 1280px) 100vw, 1280px\" src=\"data:image\/svg+xml;base64,PHN2ZyB3aWR0aD0iMSIgaGVpZ2h0PSIxIiB4bWxucz0iaHR0cDovL3d3dy53My5vcmcvMjAwMC9zdmciPjwvc3ZnPg==\" style=\"--smush-placeholder-width: 1280px; --smush-placeholder-aspect-ratio: 1280\/1920;\" \/><\/figure>\n<\/figure>\n\n\n\n<p><\/p>\n<!-- AddThis Advanced Settings generic via filter on the_content --><!-- AddThis Share Buttons generic via filter on the_content -->","protected":false},"excerpt":{"rendered":"<p>Hoy, el estado de \u00e1nimo social est\u00e1 marcado por darle un valor a\u00fan m\u00e1s importante a aquellas cosas que les generan placer. Qu\u00e9 buscan y priorizan en sus decisiones de consumo. Estudios recientes aseguran que el estado de \u00e1nimo social est\u00e1 marcado por darle un valor a\u00fan m\u00e1s importante a aquellas cosas que generen bienestar [&hellip;]<!-- AddThis Advanced Settings generic via filter on get_the_excerpt --><!-- AddThis Share Buttons generic via filter on get_the_excerpt --><\/p>\n","protected":false},"author":6,"featured_media":74800,"comment_status":"closed","ping_status":"open","sticky":false,"template":"","format":"standard","meta":{"_acf_changed":false,"om_disable_all_campaigns":false,"_monsterinsights_skip_tracking":false,"_monsterinsights_sitenote_active":false,"_monsterinsights_sitenote_note":"","_monsterinsights_sitenote_category":0,"_uf_show_specific_survey":0,"_uf_disable_surveys":false,"footnotes":""},"categories":[376],"tags":[],"class_list":["post-74798","post","type-post","status-publish","format-standard","has-post-thumbnail","hentry","category-lifestyle"],"acf":[],"aioseo_notices":[],"_links":{"self":[{"href":"https:\/\/www.lasrosas.com.ar\/portal\/wp-json\/wp\/v2\/posts\/74798","targetHints":{"allow":["GET"]}}],"collection":[{"href":"https:\/\/www.lasrosas.com.ar\/portal\/wp-json\/wp\/v2\/posts"}],"about":[{"href":"https:\/\/www.lasrosas.com.ar\/portal\/wp-json\/wp\/v2\/types\/post"}],"author":[{"embeddable":true,"href":"https:\/\/www.lasrosas.com.ar\/portal\/wp-json\/wp\/v2\/users\/6"}],"replies":[{"embeddable":true,"href":"https:\/\/www.lasrosas.com.ar\/portal\/wp-json\/wp\/v2\/comments?post=74798"}],"version-history":[{"count":3,"href":"https:\/\/www.lasrosas.com.ar\/portal\/wp-json\/wp\/v2\/posts\/74798\/revisions"}],"predecessor-version":[{"id":74809,"href":"https:\/\/www.lasrosas.com.ar\/portal\/wp-json\/wp\/v2\/posts\/74798\/revisions\/74809"}],"wp:featuredmedia":[{"embeddable":true,"href":"https:\/\/www.lasrosas.com.ar\/portal\/wp-json\/wp\/v2\/media\/74800"}],"wp:attachment":[{"href":"https:\/\/www.lasrosas.com.ar\/portal\/wp-json\/wp\/v2\/media?parent=74798"}],"wp:term":[{"taxonomy":"category","embeddable":true,"href":"https:\/\/www.lasrosas.com.ar\/portal\/wp-json\/wp\/v2\/categories?post=74798"},{"taxonomy":"post_tag","embeddable":true,"href":"https:\/\/www.lasrosas.com.ar\/portal\/wp-json\/wp\/v2\/tags?post=74798"}],"curies":[{"name":"wp","href":"https:\/\/api.w.org\/{rel}","templated":true}]}}