{"id":74550,"date":"2024-01-11T16:31:10","date_gmt":"2024-01-11T19:31:10","guid":{"rendered":"https:\/\/www.lasrosas.com.ar\/portal\/?p=74550"},"modified":"2024-01-11T16:31:14","modified_gmt":"2024-01-11T19:31:14","slug":"llega-la-alfombra-roja-de-los-emmys-awards-y-vos-la-podes-ver-en-vivo","status":"publish","type":"post","link":"https:\/\/www.lasrosas.com.ar\/portal\/llega-la-alfombra-roja-de-los-emmys-awards-y-vos-la-podes-ver-en-vivo\/","title":{"rendered":"LLEGA LA ALFOMBRA ROJA DE LOS EMMYS AWARDS Y VOS LA POD\u00c9S VER EN VIVO"},"content":{"rendered":"\n<p>\u00a1Llega una de las alfombras rojas m\u00e1s importantes! El <strong>lunes<\/strong> <strong>15 de enero <\/strong>se llevar\u00e1 a cabo desde el Peacock Theater en Los \u00c1ngeles <strong>la 75\u00ba edici\u00f3n de los Emmy Awards<\/strong> y gracias a <strong>E! Entertainment<\/strong> podremos disfrutar la transmisi\u00f3n en exclusiva.<br><br>La cadena de televisi\u00f3n realizar\u00e1 una transmisi\u00f3n en VIVO de dos horas para que Latinoam\u00e9rica pueda disfrutar en primera fila de la llegada de sus celebridades favoritas a partir de las <strong>8PM ARG<\/strong>.<\/p>\n\n\n\n<p>Tras un lapso de espera debido a la huelga de actores y escritores en Hollywood, las grandes estrellas protagonistas de lo mejor de la televisi\u00f3n est\u00e1n de regreso para hacer su entrada triunfal sorprendiendo a sus fan\u00e1ticos con sus elecciones fashionistas.<br><br><strong>Natasha Lyonne<\/strong> <em>(Poker Face),<\/em> <strong>Jessica Chastain<\/strong> (<em>George &amp; Tammy<\/em>), <strong>Elisabeth Moss<\/strong> <em>(El Cuento de la Criada),<\/em> <strong>Bella Ramsey<\/strong> <em>(The Last of Us)<\/em>, <strong>Sarah Snook<\/strong> <em>(Succession)<\/em>, <strong>Pedro Pascal<\/strong> <em>(The Last of Us)<\/em>, <strong>Jennifer Coolidge<\/strong> <em>(The White Lotus),<\/em> <strong>Elizabeth Debicki <\/strong><em>(The Crown),<\/em> <strong>Jenna Ortega<\/strong> <em>(Wednesday), <\/em><strong>Jeff Bridges<\/strong> (<em>The Old Man<\/em>), <strong>Brian Cox<\/strong> (<em>Succession<\/em>), <strong>Kieran Culkin<\/strong> (<em>Succession<\/em>), <strong>Bob Odenkirk<\/strong> (<em>Better Call Saul<\/em>), <strong>Jeremy Strong<\/strong> (<em>Succession<\/em>), <strong>Anna Torv <\/strong>(<em>The Newsreader, The Last of Us<\/em>), <strong>Christina Applegate<\/strong> (<em>Dead to me<\/em>), <strong>Jeremy Allen White<\/strong> (<em>The Bear<\/em>), <strong>Jason Sudeikis<\/strong> (<em>Ted Lasso<\/em>), <strong>Claire Danes<\/strong> (<em>Fleishman is in trouble<\/em>), son solo algunos de los talentos que har\u00e1n su despliegue de glamour y prestigio.<\/p>\n<!-- AddThis Advanced Settings generic via filter on the_content --><!-- AddThis Share Buttons generic via filter on the_content -->","protected":false},"excerpt":{"rendered":"<p>\u00a1Llega una de las alfombras rojas m\u00e1s importantes! El lunes 15 de enero se llevar\u00e1 a cabo desde el Peacock Theater en Los \u00c1ngeles la 75\u00ba edici\u00f3n de los Emmy Awards y gracias a E! Entertainment podremos disfrutar la transmisi\u00f3n en exclusiva. La cadena de televisi\u00f3n realizar\u00e1 una transmisi\u00f3n en VIVO de dos horas para [&hellip;]<!-- AddThis Advanced Settings generic via filter on get_the_excerpt --><!-- AddThis Share Buttons generic via filter on get_the_excerpt --><\/p>\n","protected":false},"author":6,"featured_media":74551,"comment_status":"closed","ping_status":"open","sticky":false,"template":"","format":"standard","meta":{"_acf_changed":false,"om_disable_all_campaigns":false,"_monsterinsights_skip_tracking":false,"_monsterinsights_sitenote_active":false,"_monsterinsights_sitenote_note":"","_monsterinsights_sitenote_category":0,"_uf_show_specific_survey":0,"_uf_disable_surveys":false,"footnotes":""},"categories":[100,30],"tags":[],"class_list":["post-74550","post","type-post","status-publish","format-standard","has-post-thumbnail","hentry","category-noticias","category-moda"],"acf":[],"aioseo_notices":[],"_links":{"self":[{"href":"https:\/\/www.lasrosas.com.ar\/portal\/wp-json\/wp\/v2\/posts\/74550","targetHints":{"allow":["GET"]}}],"collection":[{"href":"https:\/\/www.lasrosas.com.ar\/portal\/wp-json\/wp\/v2\/posts"}],"about":[{"href":"https:\/\/www.lasrosas.com.ar\/portal\/wp-json\/wp\/v2\/types\/post"}],"author":[{"embeddable":true,"href":"https:\/\/www.lasrosas.com.ar\/portal\/wp-json\/wp\/v2\/users\/6"}],"replies":[{"embeddable":true,"href":"https:\/\/www.lasrosas.com.ar\/portal\/wp-json\/wp\/v2\/comments?post=74550"}],"version-history":[{"count":1,"href":"https:\/\/www.lasrosas.com.ar\/portal\/wp-json\/wp\/v2\/posts\/74550\/revisions"}],"predecessor-version":[{"id":74552,"href":"https:\/\/www.lasrosas.com.ar\/portal\/wp-json\/wp\/v2\/posts\/74550\/revisions\/74552"}],"wp:featuredmedia":[{"embeddable":true,"href":"https:\/\/www.lasrosas.com.ar\/portal\/wp-json\/wp\/v2\/media\/74551"}],"wp:attachment":[{"href":"https:\/\/www.lasrosas.com.ar\/portal\/wp-json\/wp\/v2\/media?parent=74550"}],"wp:term":[{"taxonomy":"category","embeddable":true,"href":"https:\/\/www.lasrosas.com.ar\/portal\/wp-json\/wp\/v2\/categories?post=74550"},{"taxonomy":"post_tag","embeddable":true,"href":"https:\/\/www.lasrosas.com.ar\/portal\/wp-json\/wp\/v2\/tags?post=74550"}],"curies":[{"name":"wp","href":"https:\/\/api.w.org\/{rel}","templated":true}]}}