{"id":7412,"date":"2018-09-13T15:24:17","date_gmt":"2018-09-13T18:24:17","guid":{"rendered":"https:\/\/www.lasrosas.com.ar\/portal\/?p=7412"},"modified":"2018-12-12T16:50:02","modified_gmt":"2018-12-12T19:50:02","slug":"guillermina-valdes-cuatro-lineas-y-una-coleccion","status":"publish","type":"post","link":"https:\/\/www.lasrosas.com.ar\/portal\/guillermina-valdes-cuatro-lineas-y-una-coleccion\/","title":{"rendered":"GUILLERMINA VALD\u00c9S: CUATRO L\u00cdNEAS Y UNA COLECCI\u00d3N"},"content":{"rendered":"<h3 class=\"p1\">La modelo abri\u00f3 el Bafweek y estuvo en C\u00f3rdoba para presentar sus cuatro l\u00edneas de la nueva colecci\u00f3n VALDEZ 2019: Moda, Urbana, Party y Resort. En LAS ROSAS, te contamos sus nuevos proyectos, inspiraciones y estilo de vida en una entrevista exclusiva. \u00a1Guille Vald\u00e9s, nuestra Cover Girl!<\/h3>\n<hr \/>\n<p><img decoding=\"async\" class=\"alignnone size-medium wp-image-9509 lazyload\" data-src=\"https:\/\/www.lasrosas.com.ar\/portal\/wp-content\/uploads\/VALDEZ_0157-960x640.jpg\" alt=\"\" width=\"960\" height=\"640\" data-srcset=\"https:\/\/www.lasrosas.com.ar\/portal\/wp-content\/uploads\/VALDEZ_0157-960x640.jpg 960w, https:\/\/www.lasrosas.com.ar\/portal\/wp-content\/uploads\/VALDEZ_0157-1920x1280.jpg 1920w\" data-sizes=\"(max-width: 960px) 100vw, 960px\" src=\"data:image\/svg+xml;base64,PHN2ZyB3aWR0aD0iMSIgaGVpZ2h0PSIxIiB4bWxucz0iaHR0cDovL3d3dy53My5vcmcvMjAwMC9zdmciPjwvc3ZnPg==\" style=\"--smush-placeholder-width: 960px; --smush-placeholder-aspect-ratio: 960\/640;\" \/><\/p>\n<p class=\"p2\"><b>\u00bfC\u00f3mo naci\u00f3 la idea de la temporada? <\/b><\/p>\n<p class=\"p2\">Yo encuentro m\u00e1s variedad, sin dejar de lado la l\u00ednea en s\u00ed Valdez, nos jugamos m\u00e1s a diferentes tacos. Tenemos cuatro l\u00edneas bien marcadas donde sentimos que acompa\u00f1amos a diferentes mujeres. Incursionamos en tacos chupetes, c\u00edrculos de acr\u00edlico, otros m\u00e1s cuadrados (altos y bajos). La realidad es que hemos hecho un trabajo muy completo y esta colecci\u00f3n nos representa a las necesidades de las mujeres. Estamos muy orgullosos.<\/p>\n<p class=\"p2\"><b>La colecci\u00f3n en una palabra:<\/b> Integral.<\/p>\n<p class=\"p2\"><b>\u00bfC\u00f3mo trabajan los estilos con Fabi\u00e1n? <\/b><\/p>\n<p class=\"p2\">Siempre viajamos juntos, vemos tendencias porque tiene que ver con el mundo y con lo que se est\u00e1 eligiendo. \u00c9l hace bajadas de l\u00edneas con prototipos. En una instancia secundaria, entro yo a dar opiniones personales. Conf\u00edo mucho en su mirada y su experiencia, hace 20 a\u00f1os que trabaja en esto. Lo respeto y lo acompa\u00f1o, entiende mucho a la mujer.<\/p>\n<p class=\"p2\"><b>\u00bfHabr\u00e1 nuevas aperturas? <\/b><\/p>\n<p class=\"p2\">Hoy estamos muy c\u00f3modos as\u00ed. Cuidamos mucho lo tenemos, no puedo estar en muchos lugares a la vez. Nos encanta estar presente y brindar lo mismo que damos en Buenos Aires.<\/p>\n<p class=\"p2\"><b>\u00bfCu\u00e1l fue la inspiraci\u00f3n de esta temporada?<\/b><\/p>\n<p class=\"p2\">Somos muy espont\u00e1neos, tenemos un desarrollo vertiginoso de colecci\u00f3n, vivimos las cosas con im\u00e1genes y sensaciones que con inspiraciones puntuales. En otros momentos, s\u00ed, pero esto es muy sentido y sensorial.<\/p>\n<p class=\"p2\"><b>\u00bfQu\u00e9 lugar tiene Marcelo en tu proyecto?<\/b><\/p>\n<p class=\"p2\">Creo que lo mejor de la pareja es acompa\u00f1ar. Hago mis presentaciones y \u00e9l va, hablar cada uno de sus cosas y el respeto por el otro. No hay mejor forma que acompa\u00f1ar a otra persona que hacer eso.<\/p>\n<p class=\"p2\"><b>\u00bfQu\u00e9 otros proyectos pensaste?<\/b><\/p>\n<p class=\"p2\">Termin\u00e9 de hacer teatro el a\u00f1o pasado y comenc\u00e9 mi l\u00ednea de cosm\u00e9tica. Lleva m\u00e1s tiempo de lo que pensaba y est\u00e1 acompa\u00f1ada de una plataforma de etilo de vida (entrenamiento, alimentaci\u00f3n) sobre cuestiones que fui encontrando en el camino.<\/p>\n<h3><img decoding=\"async\" class=\"alignnone size-medium wp-image-9512 lazyload\" data-src=\"https:\/\/www.lasrosas.com.ar\/portal\/wp-content\/uploads\/VJ_0072-960x640.jpg\" alt=\"\" width=\"960\" height=\"640\" data-srcset=\"https:\/\/www.lasrosas.com.ar\/portal\/wp-content\/uploads\/VJ_0072-960x640.jpg 960w, https:\/\/www.lasrosas.com.ar\/portal\/wp-content\/uploads\/VJ_0072-1920x1280.jpg 1920w\" data-sizes=\"(max-width: 960px) 100vw, 960px\" src=\"data:image\/svg+xml;base64,PHN2ZyB3aWR0aD0iMSIgaGVpZ2h0PSIxIiB4bWxucz0iaHR0cDovL3d3dy53My5vcmcvMjAwMC9zdmciPjwvc3ZnPg==\" style=\"--smush-placeholder-width: 960px; --smush-placeholder-aspect-ratio: 960\/640;\" \/><\/h3>\n<h3 class=\"p2\"><b>YOELIJO <\/b><\/h3>\n<p class=\"p2\">Un color: <strong>Blanco<\/strong><\/p>\n<p class=\"p2\">Zapatos de d\u00eda: <strong>Mocas\u00edn<\/strong><\/p>\n<p class=\"p2\">Stiletto ideal: <strong>Glitter<\/strong><\/p>\n<p class=\"p2\">Un accesorio: <strong>Pulsera<\/strong><\/p>\n<p class=\"p2\">Un evento: <strong>Valdez<\/strong><\/p>\n<p class=\"p2\">Un viaje de novios: <strong>Fernando de Noronha<\/strong><\/p>\n<p class=\"p2\">Una musa inspiradora: <strong>Madonna<\/strong><\/p>\n<h3 class=\"p2\"><b>#PINGPONG<\/b><\/h3>\n<p class=\"p2\">Comodidad o elegancia: <strong>Comodidad<\/strong><\/p>\n<p class=\"p2\">Tacos o sneakers: <strong>Sneakers<\/strong><\/p>\n<p class=\"p2\">Liso o tachas: <strong>Tachas<\/strong><\/p>\n<p class=\"p2\">Fuerte o aut\u00e9ntica: <strong>Aut\u00e9ntica y fuerte<\/strong><\/p>\n<p class=\"p2\">Boca roja o nude: <strong>Nude<\/strong><\/p>\n<p class=\"p2\">Marcelo o Fabi\u00e1n: <strong>Marcelo pero sin Fabi\u00e1n, no hay zapatos<\/strong><\/p>\n<p class=\"p2\">Encaje o algod\u00f3n: <strong>Algod\u00f3n<\/strong><\/p>\n<p class=\"p2\">Corto o largo: <strong>Largo<\/strong><\/p>\n<p class=\"p2\">Plata o dorado: <strong>Dorado<\/strong><\/p>\n<p class=\"p2\">Ondas o lacio: <strong>Ondas<\/strong><\/p>\n\r\n\t\t<style type='text\/css'>\r\n\t\t\t#gallery-1 {\r\n\t\t\t\tmargin: auto;\r\n\t\t\t}\r\n\t\t\t#gallery-1 .gallery-item {\r\n\t\t\t\tfloat: left;\r\n\t\t\t\tmargin-top: 10px;\r\n\t\t\t\ttext-align: center;\r\n\t\t\t\twidth: 33%;\r\n\t\t\t}\r\n\t\t\t#gallery-1 img {\r\n\t\t\t\tborder: 2px solid #cfcfcf;\r\n\t\t\t}\r\n\t\t\t#gallery-1 .gallery-caption {\r\n\t\t\t\tmargin-left: 0;\r\n\t\t\t}\r\n\t\t<\/style>\r\n\t\t<!-- see gallery_shortcode() in wp-includes\/media.php -->\n\t\t<div id='gallery-1' class='gallery galleryid-7412 gallery-columns-3 gallery-size-full gallery1'><script type=\"text\/javascript\">\r\n\/\/ <![CDATA[\r\n\tjQuery(document).ready(function () {\r\n\t\tjQuery(\".gallery1 a\").attr(\"rel\",\"gallery1\");\t\r\n\t\tjQuery('a[rel=\"gallery1\"]').colorbox({maxWidth:\"95%\", maxHeight:\"95%\",title: function(){ return jQuery(this).children().attr(\"alt\"); }, });\r\n\t});\r\n\/\/ ]]>\r\n<\/script>\n<dl class=\"gallery-item\">\n<dt class=\"gallery-icon\">\r\n<a href=\"https:\/\/www.lasrosas.com.ar\/portal\/wp-content\/uploads\/VALDEZ_0236-1920x1280.jpg\" title=\"\" rel=\"gallery1\"><img decoding=\"async\" data-src=\"https:\/\/www.lasrosas.com.ar\/portal\/wp-content\/uploads\/VALDEZ_0236.jpg\" width=\"3543\" height=\"2362\" alt=\"\" src=\"data:image\/svg+xml;base64,PHN2ZyB3aWR0aD0iMSIgaGVpZ2h0PSIxIiB4bWxucz0iaHR0cDovL3d3dy53My5vcmcvMjAwMC9zdmciPjwvc3ZnPg==\" class=\"lazyload\" style=\"--smush-placeholder-width: 3543px; --smush-placeholder-aspect-ratio: 3543\/2362;\" \/><\/a>\r\n<\/dt><\/dl><dl class=\"gallery-item\">\n<dt class=\"gallery-icon\">\r\n<a href=\"https:\/\/www.lasrosas.com.ar\/portal\/wp-content\/uploads\/led_1230-1920x1280.jpg\" title=\"\" rel=\"gallery1\"><img decoding=\"async\" data-src=\"https:\/\/www.lasrosas.com.ar\/portal\/wp-content\/uploads\/led_1230.jpg\" width=\"3543\" height=\"2362\" alt=\"\" src=\"data:image\/svg+xml;base64,PHN2ZyB3aWR0aD0iMSIgaGVpZ2h0PSIxIiB4bWxucz0iaHR0cDovL3d3dy53My5vcmcvMjAwMC9zdmciPjwvc3ZnPg==\" class=\"lazyload\" style=\"--smush-placeholder-width: 3543px; --smush-placeholder-aspect-ratio: 3543\/2362;\" \/><\/a>\r\n<\/dt><\/dl><dl class=\"gallery-item\">\n<dt class=\"gallery-icon\">\r\n<a href=\"https:\/\/www.lasrosas.com.ar\/portal\/wp-content\/uploads\/VALDEZ_9297-1920x1280.jpg\" title=\"\" rel=\"gallery1\"><img decoding=\"async\" data-src=\"https:\/\/www.lasrosas.com.ar\/portal\/wp-content\/uploads\/VALDEZ_9297.jpg\" width=\"3543\" height=\"2362\" alt=\"\" src=\"data:image\/svg+xml;base64,PHN2ZyB3aWR0aD0iMSIgaGVpZ2h0PSIxIiB4bWxucz0iaHR0cDovL3d3dy53My5vcmcvMjAwMC9zdmciPjwvc3ZnPg==\" class=\"lazyload\" style=\"--smush-placeholder-width: 3543px; --smush-placeholder-aspect-ratio: 3543\/2362;\" \/><\/a>\r\n<\/dt><\/dl><br style=\"clear: both\" \/><dl class=\"gallery-item\">\n<dt class=\"gallery-icon\">\r\n<a href=\"https:\/\/www.lasrosas.com.ar\/portal\/wp-content\/uploads\/led_1209-1280x1920.jpg\" title=\"\" rel=\"gallery1\"><img decoding=\"async\" data-src=\"https:\/\/www.lasrosas.com.ar\/portal\/wp-content\/uploads\/led_1209.jpg\" width=\"2362\" height=\"3543\" alt=\"\" src=\"data:image\/svg+xml;base64,PHN2ZyB3aWR0aD0iMSIgaGVpZ2h0PSIxIiB4bWxucz0iaHR0cDovL3d3dy53My5vcmcvMjAwMC9zdmciPjwvc3ZnPg==\" class=\"lazyload\" style=\"--smush-placeholder-width: 2362px; --smush-placeholder-aspect-ratio: 2362\/3543;\" \/><\/a>\r\n<\/dt><\/dl><dl class=\"gallery-item\">\n<dt class=\"gallery-icon\">\r\n<a href=\"https:\/\/www.lasrosas.com.ar\/portal\/wp-content\/uploads\/VJ_0807-1280x1920.jpg\" title=\"\" rel=\"gallery1\"><img decoding=\"async\" data-src=\"https:\/\/www.lasrosas.com.ar\/portal\/wp-content\/uploads\/VJ_0807.jpg\" width=\"2362\" height=\"3543\" alt=\"\" src=\"data:image\/svg+xml;base64,PHN2ZyB3aWR0aD0iMSIgaGVpZ2h0PSIxIiB4bWxucz0iaHR0cDovL3d3dy53My5vcmcvMjAwMC9zdmciPjwvc3ZnPg==\" class=\"lazyload\" style=\"--smush-placeholder-width: 2362px; --smush-placeholder-aspect-ratio: 2362\/3543;\" \/><\/a>\r\n<\/dt><\/dl>\r\n\t\t\t<br style='clear: both' \/>\r\n\t\t<\/div>\n\n<p>&nbsp;<\/p>\n<p>&nbsp;<\/p>\n<!-- AddThis Advanced Settings generic via filter on the_content --><!-- AddThis Share Buttons generic via filter on the_content -->","protected":false},"excerpt":{"rendered":"<p>La modelo abri\u00f3 el Bafweek y estuvo en C\u00f3rdoba para presentar sus cuatro l\u00edneas de la nueva colecci\u00f3n VALDEZ 2019: Moda, Urbana, Party y Resort. En LAS ROSAS, te contamos sus nuevos proyectos, inspiraciones y estilo de vida en una entrevista exclusiva. \u00a1Guille Vald\u00e9s, nuestra Cover Girl! \u00bfC\u00f3mo naci\u00f3 la idea de la temporada? Yo [&hellip;]<!-- AddThis Advanced Settings generic via filter on get_the_excerpt --><!-- AddThis Share Buttons generic via filter on get_the_excerpt --><\/p>\n","protected":false},"author":6,"featured_media":9508,"comment_status":"closed","ping_status":"open","sticky":false,"template":"","format":"standard","meta":{"_acf_changed":false,"om_disable_all_campaigns":false,"_monsterinsights_skip_tracking":false,"_monsterinsights_sitenote_active":false,"_monsterinsights_sitenote_note":"","_monsterinsights_sitenote_category":0,"_uf_show_specific_survey":0,"_uf_disable_surveys":false,"footnotes":""},"categories":[236,234,100],"tags":[],"class_list":["post-7412","post","type-post","status-publish","format-standard","has-post-thumbnail","hentry","category-cover-tapa","category-trend","category-noticias"],"acf":[],"aioseo_notices":[],"_links":{"self":[{"href":"https:\/\/www.lasrosas.com.ar\/portal\/wp-json\/wp\/v2\/posts\/7412","targetHints":{"allow":["GET"]}}],"collection":[{"href":"https:\/\/www.lasrosas.com.ar\/portal\/wp-json\/wp\/v2\/posts"}],"about":[{"href":"https:\/\/www.lasrosas.com.ar\/portal\/wp-json\/wp\/v2\/types\/post"}],"author":[{"embeddable":true,"href":"https:\/\/www.lasrosas.com.ar\/portal\/wp-json\/wp\/v2\/users\/6"}],"replies":[{"embeddable":true,"href":"https:\/\/www.lasrosas.com.ar\/portal\/wp-json\/wp\/v2\/comments?post=7412"}],"version-history":[{"count":0,"href":"https:\/\/www.lasrosas.com.ar\/portal\/wp-json\/wp\/v2\/posts\/7412\/revisions"}],"wp:featuredmedia":[{"embeddable":true,"href":"https:\/\/www.lasrosas.com.ar\/portal\/wp-json\/wp\/v2\/media\/9508"}],"wp:attachment":[{"href":"https:\/\/www.lasrosas.com.ar\/portal\/wp-json\/wp\/v2\/media?parent=7412"}],"wp:term":[{"taxonomy":"category","embeddable":true,"href":"https:\/\/www.lasrosas.com.ar\/portal\/wp-json\/wp\/v2\/categories?post=7412"},{"taxonomy":"post_tag","embeddable":true,"href":"https:\/\/www.lasrosas.com.ar\/portal\/wp-json\/wp\/v2\/tags?post=7412"}],"curies":[{"name":"wp","href":"https:\/\/api.w.org\/{rel}","templated":true}]}}